{"id":2696,"date":"2010-07-02T21:24:00","date_gmt":"2010-07-02T21:24:00","guid":{"rendered":"https:\/\/www.oidossucios.com\/site\/2010\/07\/02\/fnb-invitada-al-iii-congreso-iberoamericano-de-cultura\/"},"modified":"2010-07-02T21:24:00","modified_gmt":"2010-07-02T21:24:00","slug":"fnb-invitada-al-iii-congreso-iberoamericano-de-cultura","status":"publish","type":"post","link":"https:\/\/www.oidossucios.com\/site\/fnb-invitada-al-iii-congreso-iberoamericano-de-cultura\/","title":{"rendered":"FNB invitada al III Congreso Iberoamericano de Cultura"},"content":{"rendered":"<p>La Fundaci\u00f3n Nuevas Bandas fue invitada al III Congreso Iberoamericano de Cultura, a celebrarse en Medell\u00edn, Colombia, del 1 al 4 de julio.<\/p>\n<p>Durante cuatro d\u00edas, los asistentes al evento podr\u00e1n disfrutar de conferencias, talleres, charlas sobre el desarrollo de la industria musical en Am\u00e9rica Latina, las pol\u00edticas culturales en torno a la m\u00fasica y conciertos. Tambi\u00e9n se dispondr\u00e1 del &#8220;Mercado Cultural&#8221;, destinado para empresarios que deseen invertir en nuevas propuestas musicales.<\/p>\n<p>Algunos de los conciertos confirmados hasta el momento son: Zoe, Fito P\u00e1ez, Aterciopelados, Le\u00f3n Gieco, Jorge Drexler,&nbsp; Silvio Rodr\u00edguez y Susana Baca.<\/p>\n<p>La Fundaci\u00f3n Nuevas Bandas ha sido invitada al cap\u00edtulo rock del Congreso. El Presidente de la Fundaci\u00f3n, F\u00e9lix Allueva, ser\u00e1 panelista en el foro: &#8220;Iberoam\u00e9rica tambi\u00e9n somos rock&#8221;, haciendo un recorrido por distintas experiencias del rock Iberoamericano, su identidad y futuro.<\/p>\n<p>Entre otros de&nbsp; los invitados al foro se encuentran: Andrea Echeverri y H\u00e9ctor Buitrago (Aterciopelados), Paulo Andre Pires (Director de la Asociaci\u00f3n brasilera de festivales independientes (ABRAFIN) y H\u00e9ctor Fouce (Music\u00f3logo Conservatorio Superior de M\u00fasica de Arag\u00f3n, Espa\u00f1a). <br \/>&nbsp;<br \/>&nbsp;<\/p>\n","protected":false},"excerpt":{"rendered":"<p>F\u00e9lix Allueva ser\u00e1 panelista en el foro &quot;Iberoam\u00e9rica tambi\u00e9n somos rock&quot; de este evento a celebrarse en Medell\u00edn hasta el 4 de julio<\/p>\n","protected":false},"author":4,"featured_media":100002696,"comment_status":"open","ping_status":"open","sticky":false,"template":"","format":"standard","meta":{"_jetpack_memberships_contains_paid_content":false,"footnotes":""},"categories":[250],"tags":[],"class_list":["post-2696","post","type-post","status-publish","format-standard","has-post-thumbnail","hentry","category-noticias"],"jetpack_featured_media_url":"https:\/\/www.oidossucios.com\/site\/wp-content\/uploads\/2010\/07\/2696.jpg","yoast_head":"<!-- This site is optimized with the Yoast SEO plugin v14.0.4 - https:\/\/yoast.com\/wordpress\/plugins\/seo\/ -->\n<title>FNB invitada al III Congreso Iberoamericano de Cultura - OidosSucios.Com<\/title>\n<meta name=\"description\" content=\"F\u00e9lix Allueva ser\u00e1 panelista en el foro &quot;Iberoam\u00e9rica tambi\u00e9n somos rock&quot; de este evento a celebrarse en Medell\u00edn hasta el 4 de julio\" \/>\n<meta name=\"robots\" content=\"index, follow\" \/>\n<meta name=\"googlebot\" content=\"index, follow, max-snippet:-1, max-image-preview:large, max-video-preview:-1\" \/>\n<meta name=\"bingbot\" content=\"index, follow, max-snippet:-1, max-image-preview:large, max-video-preview:-1\" \/>\n<link rel=\"canonical\" href=\"https:\/\/www.oidossucios.com\/site\/fnb-invitada-al-iii-congreso-iberoamericano-de-cultura\/\" \/>\n<meta property=\"og:locale\" content=\"es_ES\" \/>\n<meta property=\"og:type\" content=\"article\" \/>\n<meta property=\"og:title\" content=\"FNB invitada al III Congreso Iberoamericano de Cultura - OidosSucios.Com\" \/>\n<meta property=\"og:description\" content=\"F\u00e9lix Allueva ser\u00e1 panelista en el foro &quot;Iberoam\u00e9rica tambi\u00e9n somos rock&quot; de este evento a celebrarse en Medell\u00edn hasta el 4 de julio\" \/>\n<meta property=\"og:url\" content=\"https:\/\/www.oidossucios.com\/site\/fnb-invitada-al-iii-congreso-iberoamericano-de-cultura\/\" \/>\n<meta property=\"og:site_name\" content=\"OidosSucios.Com\" \/>\n<meta property=\"article:published_time\" content=\"2010-07-02T21:24:00+00:00\" \/>\n<meta property=\"og:image\" content=\"https:\/\/www.oidossucios.com\/site\/wp-content\/uploads\/2010\/07\/2696.jpg\" \/>\n\t<meta property=\"og:image:width\" content=\"350\" \/>\n\t<meta property=\"og:image:height\" content=\"257\" \/>\n<meta name=\"twitter:card\" content=\"summary_large_image\" \/>\n<meta name=\"twitter:creator\" content=\"@oidossucios\" \/>\n<script type=\"application\/ld+json\" class=\"yoast-schema-graph\">{\"@context\":\"https:\/\/schema.org\",\"@graph\":[{\"@type\":\"WebSite\",\"@id\":\"https:\/\/www.oidossucios.com\/site\/#website\",\"url\":\"https:\/\/www.oidossucios.com\/site\/\",\"name\":\"OidosSucios.Com\",\"description\":\"M\\u00fasica, conciertos, discos\",\"potentialAction\":[{\"@type\":\"SearchAction\",\"target\":\"https:\/\/www.oidossucios.com\/site\/?s={search_term_string}\",\"query-input\":\"required name=search_term_string\"}],\"inLanguage\":\"es\"},{\"@type\":\"ImageObject\",\"@id\":\"https:\/\/www.oidossucios.com\/site\/fnb-invitada-al-iii-congreso-iberoamericano-de-cultura\/#primaryimage\",\"inLanguage\":\"es\",\"url\":\"https:\/\/www.oidossucios.com\/site\/wp-content\/uploads\/2010\/07\/2696.jpg\",\"width\":350,\"height\":257},{\"@type\":\"WebPage\",\"@id\":\"https:\/\/www.oidossucios.com\/site\/fnb-invitada-al-iii-congreso-iberoamericano-de-cultura\/#webpage\",\"url\":\"https:\/\/www.oidossucios.com\/site\/fnb-invitada-al-iii-congreso-iberoamericano-de-cultura\/\",\"name\":\"FNB invitada al III Congreso Iberoamericano de Cultura - OidosSucios.Com\",\"isPartOf\":{\"@id\":\"https:\/\/www.oidossucios.com\/site\/#website\"},\"primaryImageOfPage\":{\"@id\":\"https:\/\/www.oidossucios.com\/site\/fnb-invitada-al-iii-congreso-iberoamericano-de-cultura\/#primaryimage\"},\"datePublished\":\"2010-07-02T21:24:00+00:00\",\"dateModified\":\"2010-07-02T21:24:00+00:00\",\"author\":{\"@id\":\"https:\/\/www.oidossucios.com\/site\/#\/schema\/person\/24559eeb76bf83a63296fb072393a688\"},\"description\":\"F\\u00e9lix Allueva ser\\u00e1 panelista en el foro &quot;Iberoam\\u00e9rica tambi\\u00e9n somos rock&quot; de este evento a celebrarse en Medell\\u00edn hasta el 4 de julio\",\"inLanguage\":\"es\",\"potentialAction\":[{\"@type\":\"ReadAction\",\"target\":[\"https:\/\/www.oidossucios.com\/site\/fnb-invitada-al-iii-congreso-iberoamericano-de-cultura\/\"]}]},{\"@type\":[\"Person\"],\"@id\":\"https:\/\/www.oidossucios.com\/site\/#\/schema\/person\/24559eeb76bf83a63296fb072393a688\",\"name\":\"Oidossucios\",\"image\":{\"@type\":\"ImageObject\",\"@id\":\"https:\/\/www.oidossucios.com\/site\/#personlogo\",\"inLanguage\":\"es\",\"url\":\"https:\/\/secure.gravatar.com\/avatar\/74fcb480f42f1a33e50a0b6e6369a3f907be2e43dc84fa5f76c66e9c22b4a5ab?s=96&d=mm&r=g\",\"caption\":\"Oidossucios\"},\"sameAs\":[\"https:\/\/twitter.com\/oidossucios\"]}]}<\/script>\n<!-- \/ Yoast SEO plugin. -->","jetpack_sharing_enabled":true,"_links":{"self":[{"href":"https:\/\/www.oidossucios.com\/site\/wp-json\/wp\/v2\/posts\/2696","targetHints":{"allow":["GET"]}}],"collection":[{"href":"https:\/\/www.oidossucios.com\/site\/wp-json\/wp\/v2\/posts"}],"about":[{"href":"https:\/\/www.oidossucios.com\/site\/wp-json\/wp\/v2\/types\/post"}],"author":[{"embeddable":true,"href":"https:\/\/www.oidossucios.com\/site\/wp-json\/wp\/v2\/users\/4"}],"replies":[{"embeddable":true,"href":"https:\/\/www.oidossucios.com\/site\/wp-json\/wp\/v2\/comments?post=2696"}],"version-history":[{"count":0,"href":"https:\/\/www.oidossucios.com\/site\/wp-json\/wp\/v2\/posts\/2696\/revisions"}],"wp:featuredmedia":[{"embeddable":true,"href":"https:\/\/www.oidossucios.com\/site\/wp-json\/wp\/v2\/media\/100002696"}],"wp:attachment":[{"href":"https:\/\/www.oidossucios.com\/site\/wp-json\/wp\/v2\/media?parent=2696"}],"wp:term":[{"taxonomy":"category","embeddable":true,"href":"https:\/\/www.oidossucios.com\/site\/wp-json\/wp\/v2\/categories?post=2696"},{"taxonomy":"post_tag","embeddable":true,"href":"https:\/\/www.oidossucios.com\/site\/wp-json\/wp\/v2\/tags?post=2696"}],"curies":[{"name":"wp","href":"https:\/\/api.w.org\/{rel}","templated":true}]}}