{"id":2697,"date":"2010-07-05T02:07:00","date_gmt":"2010-07-05T02:07:00","guid":{"rendered":"https:\/\/www.oidossucios.com\/site\/2010\/07\/05\/y-los-grupos-que-tocaran-en-el-festival-nuevas-bandas-2010-son\/"},"modified":"2010-07-05T02:07:00","modified_gmt":"2010-07-05T02:07:00","slug":"y-los-grupos-que-tocaran-en-el-festival-nuevas-bandas-2010-son","status":"publish","type":"post","link":"https:\/\/www.oidossucios.com\/site\/y-los-grupos-que-tocaran-en-el-festival-nuevas-bandas-2010-son\/","title":{"rendered":"Y los grupos que tocar\u00e1n en el Festival Nuevas Bandas 2010 son&#8230;"},"content":{"rendered":"<p>El pr\u00f3ximo s\u00e1bado 24 y domingo 25 de julio de julio en la Plaza La Castellana de Caracas se celebrar\u00e1n 20 a\u00f1os del Festival Nuevas Bandas.<\/p>\n<p>El evento ser\u00e1 totalmente gratuito y contar\u00e1 con la participaci\u00f3n de: Alfombra  Roja, Chupi Lumpi, Para Llevar, LeBronch, Prozak, Las Locuras de Tomasito, Merlot, Rawayana, Tequila and Caroline y Agonia.<\/p>\n<p>Adem\u00e1s, se presentar\u00e1n 2 &#8220;Bandas Emergentes Invitadas&#8221;: Bioshaft (del colegio Los Arcos) y White Offense (Santa Rosa de Lima), agrupaciones que recibieron menciones especiales durante el pasado Intercolegial Nuevas Bandas 2010.<\/p>\n<p>Los grupos nacionales invitados ser\u00e1n anunciados pr\u00f3ximamente.<\/p>\n<p><\/p>\n","protected":false},"excerpt":{"rendered":"<p>El pr\u00f3ximo s\u00e1bado 24 y domingo 25 de julio en la Plaza La Castellana se celebrar\u00e1n 20 a\u00f1os de este importante Festival. Entra y conoce a los participantes.<\/p>\n","protected":false},"author":4,"featured_media":100002697,"comment_status":"open","ping_status":"open","sticky":false,"template":"","format":"standard","meta":{"_jetpack_memberships_contains_paid_content":false,"footnotes":""},"categories":[250],"tags":[],"class_list":["post-2697","post","type-post","status-publish","format-standard","has-post-thumbnail","hentry","category-noticias"],"jetpack_featured_media_url":"https:\/\/www.oidossucios.com\/site\/wp-content\/uploads\/2010\/07\/2697.jpg","yoast_head":"<!-- This site is optimized with the Yoast SEO plugin v14.0.4 - https:\/\/yoast.com\/wordpress\/plugins\/seo\/ -->\n<title>Y los grupos que tocar\u00e1n en el Festival Nuevas Bandas 2010 son... - OidosSucios.Com<\/title>\n<meta name=\"description\" content=\"El pr\u00f3ximo s\u00e1bado 24 y domingo 25 de julio en la Plaza La Castellana se celebrar\u00e1n 20 a\u00f1os de este importante Festival. Entra y conoce a los participantes.\" \/>\n<meta name=\"robots\" content=\"index, follow\" \/>\n<meta name=\"googlebot\" content=\"index, follow, max-snippet:-1, max-image-preview:large, max-video-preview:-1\" \/>\n<meta name=\"bingbot\" content=\"index, follow, max-snippet:-1, max-image-preview:large, max-video-preview:-1\" \/>\n<link rel=\"canonical\" href=\"https:\/\/www.oidossucios.com\/site\/y-los-grupos-que-tocaran-en-el-festival-nuevas-bandas-2010-son\/\" \/>\n<meta property=\"og:locale\" content=\"es_ES\" \/>\n<meta property=\"og:type\" content=\"article\" \/>\n<meta property=\"og:title\" content=\"Y los grupos que tocar\u00e1n en el Festival Nuevas Bandas 2010 son... - OidosSucios.Com\" \/>\n<meta property=\"og:description\" content=\"El pr\u00f3ximo s\u00e1bado 24 y domingo 25 de julio en la Plaza La Castellana se celebrar\u00e1n 20 a\u00f1os de este importante Festival. Entra y conoce a los participantes.\" \/>\n<meta property=\"og:url\" content=\"https:\/\/www.oidossucios.com\/site\/y-los-grupos-que-tocaran-en-el-festival-nuevas-bandas-2010-son\/\" \/>\n<meta property=\"og:site_name\" content=\"OidosSucios.Com\" \/>\n<meta property=\"article:published_time\" content=\"2010-07-05T02:07:00+00:00\" \/>\n<meta property=\"og:image\" content=\"https:\/\/www.oidossucios.com\/site\/wp-content\/uploads\/2010\/07\/2697.jpg\" \/>\n\t<meta property=\"og:image:width\" content=\"350\" \/>\n\t<meta property=\"og:image:height\" content=\"272\" \/>\n<meta name=\"twitter:card\" content=\"summary_large_image\" \/>\n<meta name=\"twitter:creator\" content=\"@oidossucios\" \/>\n<script type=\"application\/ld+json\" class=\"yoast-schema-graph\">{\"@context\":\"https:\/\/schema.org\",\"@graph\":[{\"@type\":\"WebSite\",\"@id\":\"https:\/\/www.oidossucios.com\/site\/#website\",\"url\":\"https:\/\/www.oidossucios.com\/site\/\",\"name\":\"OidosSucios.Com\",\"description\":\"M\\u00fasica, conciertos, discos\",\"potentialAction\":[{\"@type\":\"SearchAction\",\"target\":\"https:\/\/www.oidossucios.com\/site\/?s={search_term_string}\",\"query-input\":\"required name=search_term_string\"}],\"inLanguage\":\"es\"},{\"@type\":\"ImageObject\",\"@id\":\"https:\/\/www.oidossucios.com\/site\/y-los-grupos-que-tocaran-en-el-festival-nuevas-bandas-2010-son\/#primaryimage\",\"inLanguage\":\"es\",\"url\":\"https:\/\/www.oidossucios.com\/site\/wp-content\/uploads\/2010\/07\/2697.jpg\",\"width\":350,\"height\":272},{\"@type\":\"WebPage\",\"@id\":\"https:\/\/www.oidossucios.com\/site\/y-los-grupos-que-tocaran-en-el-festival-nuevas-bandas-2010-son\/#webpage\",\"url\":\"https:\/\/www.oidossucios.com\/site\/y-los-grupos-que-tocaran-en-el-festival-nuevas-bandas-2010-son\/\",\"name\":\"Y los grupos que tocar\\u00e1n en el Festival Nuevas Bandas 2010 son... - OidosSucios.Com\",\"isPartOf\":{\"@id\":\"https:\/\/www.oidossucios.com\/site\/#website\"},\"primaryImageOfPage\":{\"@id\":\"https:\/\/www.oidossucios.com\/site\/y-los-grupos-que-tocaran-en-el-festival-nuevas-bandas-2010-son\/#primaryimage\"},\"datePublished\":\"2010-07-05T02:07:00+00:00\",\"dateModified\":\"2010-07-05T02:07:00+00:00\",\"author\":{\"@id\":\"https:\/\/www.oidossucios.com\/site\/#\/schema\/person\/24559eeb76bf83a63296fb072393a688\"},\"description\":\"El pr\\u00f3ximo s\\u00e1bado 24 y domingo 25 de julio en la Plaza La Castellana se celebrar\\u00e1n 20 a\\u00f1os de este importante Festival. Entra y conoce a los participantes.\",\"inLanguage\":\"es\",\"potentialAction\":[{\"@type\":\"ReadAction\",\"target\":[\"https:\/\/www.oidossucios.com\/site\/y-los-grupos-que-tocaran-en-el-festival-nuevas-bandas-2010-son\/\"]}]},{\"@type\":[\"Person\"],\"@id\":\"https:\/\/www.oidossucios.com\/site\/#\/schema\/person\/24559eeb76bf83a63296fb072393a688\",\"name\":\"Oidossucios\",\"image\":{\"@type\":\"ImageObject\",\"@id\":\"https:\/\/www.oidossucios.com\/site\/#personlogo\",\"inLanguage\":\"es\",\"url\":\"https:\/\/secure.gravatar.com\/avatar\/74fcb480f42f1a33e50a0b6e6369a3f907be2e43dc84fa5f76c66e9c22b4a5ab?s=96&d=mm&r=g\",\"caption\":\"Oidossucios\"},\"sameAs\":[\"https:\/\/twitter.com\/oidossucios\"]}]}<\/script>\n<!-- \/ Yoast SEO plugin. -->","jetpack_sharing_enabled":true,"_links":{"self":[{"href":"https:\/\/www.oidossucios.com\/site\/wp-json\/wp\/v2\/posts\/2697","targetHints":{"allow":["GET"]}}],"collection":[{"href":"https:\/\/www.oidossucios.com\/site\/wp-json\/wp\/v2\/posts"}],"about":[{"href":"https:\/\/www.oidossucios.com\/site\/wp-json\/wp\/v2\/types\/post"}],"author":[{"embeddable":true,"href":"https:\/\/www.oidossucios.com\/site\/wp-json\/wp\/v2\/users\/4"}],"replies":[{"embeddable":true,"href":"https:\/\/www.oidossucios.com\/site\/wp-json\/wp\/v2\/comments?post=2697"}],"version-history":[{"count":0,"href":"https:\/\/www.oidossucios.com\/site\/wp-json\/wp\/v2\/posts\/2697\/revisions"}],"wp:featuredmedia":[{"embeddable":true,"href":"https:\/\/www.oidossucios.com\/site\/wp-json\/wp\/v2\/media\/100002697"}],"wp:attachment":[{"href":"https:\/\/www.oidossucios.com\/site\/wp-json\/wp\/v2\/media?parent=2697"}],"wp:term":[{"taxonomy":"category","embeddable":true,"href":"https:\/\/www.oidossucios.com\/site\/wp-json\/wp\/v2\/categories?post=2697"},{"taxonomy":"post_tag","embeddable":true,"href":"https:\/\/www.oidossucios.com\/site\/wp-json\/wp\/v2\/tags?post=2697"}],"curies":[{"name":"wp","href":"https:\/\/api.w.org\/{rel}","templated":true}]}}