{"id":27,"date":"2009-03-27T15:52:25","date_gmt":"2009-03-27T15:52:25","guid":{"rendered":"https:\/\/www.oidossucios.com\/site\/2009\/03\/27\/iggy-pop-lanzara-un-disco-de-jazz\/"},"modified":"2009-03-27T15:52:25","modified_gmt":"2009-03-27T15:52:25","slug":"iggy-pop-lanzara-un-disco-de-jazz","status":"publish","type":"post","link":"https:\/\/www.oidossucios.com\/site\/iggy-pop-lanzara-un-disco-de-jazz\/","title":{"rendered":"Iggy Pop lanzar\u00e1 un disco de jazz"},"content":{"rendered":"<p>Iggy Pop inform\u00f3 que su pr\u00f3ximo disco est\u00e1 basado en jazz y en la literatura francesa. El \u00e1lbum, titulado &#8216;Pr\u00e9liminaires&#8217; ser\u00e1 lanzado el 18 de mayo. <\/p>\n<p>Iggy tambi\u00e9n agreg\u00f3 que &#8220;en un punto de la vida, te cansas de escuchar cosas idiotas con ruidos de guitarra, y por eso he empezado a escuchar m\u00fasica de Louis Armstrong, Jelly Roll Morton y jazz de ese estilo&#8221;.<\/p>\n<p>Varias canciones de este disco incluyen vocales en franc\u00e9s y versiones de canciones francesas, como La Feuilles Mortes (Autumn Leaves)&#8217; y del famoso tema bossanova jazz &#8220;How Insensitive&#8221;.<\/p>\n","protected":false},"excerpt":{"rendered":"<p>Iggy Pop compuso un disco basado en jazz, literatura francesa y bossanova<\/p>\n","protected":false},"author":4,"featured_media":0,"comment_status":"open","ping_status":"open","sticky":false,"template":"","format":"standard","meta":{"_jetpack_memberships_contains_paid_content":false,"footnotes":""},"categories":[142],"tags":[],"class_list":["post-27","post","type-post","status-publish","format-standard","hentry","category-buzznews"],"jetpack_featured_media_url":"","yoast_head":"<!-- This site is optimized with the Yoast SEO plugin v14.0.4 - https:\/\/yoast.com\/wordpress\/plugins\/seo\/ -->\n<title>Iggy Pop lanzar\u00e1 un disco de jazz - OidosSucios.Com<\/title>\n<meta name=\"description\" content=\"Iggy Pop compuso un disco basado en jazz, literatura francesa y bossanova\" \/>\n<meta name=\"robots\" content=\"index, follow\" \/>\n<meta name=\"googlebot\" content=\"index, follow, max-snippet:-1, max-image-preview:large, max-video-preview:-1\" \/>\n<meta name=\"bingbot\" content=\"index, follow, max-snippet:-1, max-image-preview:large, max-video-preview:-1\" \/>\n<link rel=\"canonical\" href=\"https:\/\/www.oidossucios.com\/site\/iggy-pop-lanzara-un-disco-de-jazz\/\" \/>\n<meta property=\"og:locale\" content=\"es_ES\" \/>\n<meta property=\"og:type\" content=\"article\" \/>\n<meta property=\"og:title\" content=\"Iggy Pop lanzar\u00e1 un disco de jazz - OidosSucios.Com\" \/>\n<meta property=\"og:description\" content=\"Iggy Pop compuso un disco basado en jazz, literatura francesa y bossanova\" \/>\n<meta property=\"og:url\" content=\"https:\/\/www.oidossucios.com\/site\/iggy-pop-lanzara-un-disco-de-jazz\/\" \/>\n<meta property=\"og:site_name\" content=\"OidosSucios.Com\" \/>\n<meta property=\"article:published_time\" content=\"2009-03-27T15:52:25+00:00\" \/>\n<meta name=\"twitter:card\" content=\"summary_large_image\" \/>\n<meta name=\"twitter:creator\" content=\"@oidossucios\" \/>\n<script type=\"application\/ld+json\" class=\"yoast-schema-graph\">{\"@context\":\"https:\/\/schema.org\",\"@graph\":[{\"@type\":\"WebSite\",\"@id\":\"https:\/\/www.oidossucios.com\/site\/#website\",\"url\":\"https:\/\/www.oidossucios.com\/site\/\",\"name\":\"OidosSucios.Com\",\"description\":\"M\\u00fasica, conciertos, discos\",\"potentialAction\":[{\"@type\":\"SearchAction\",\"target\":\"https:\/\/www.oidossucios.com\/site\/?s={search_term_string}\",\"query-input\":\"required name=search_term_string\"}],\"inLanguage\":\"es\"},{\"@type\":\"WebPage\",\"@id\":\"https:\/\/www.oidossucios.com\/site\/iggy-pop-lanzara-un-disco-de-jazz\/#webpage\",\"url\":\"https:\/\/www.oidossucios.com\/site\/iggy-pop-lanzara-un-disco-de-jazz\/\",\"name\":\"Iggy Pop lanzar\\u00e1 un disco de jazz - OidosSucios.Com\",\"isPartOf\":{\"@id\":\"https:\/\/www.oidossucios.com\/site\/#website\"},\"datePublished\":\"2009-03-27T15:52:25+00:00\",\"dateModified\":\"2009-03-27T15:52:25+00:00\",\"author\":{\"@id\":\"https:\/\/www.oidossucios.com\/site\/#\/schema\/person\/24559eeb76bf83a63296fb072393a688\"},\"description\":\"Iggy Pop compuso un disco basado en jazz, literatura francesa y bossanova\",\"inLanguage\":\"es\",\"potentialAction\":[{\"@type\":\"ReadAction\",\"target\":[\"https:\/\/www.oidossucios.com\/site\/iggy-pop-lanzara-un-disco-de-jazz\/\"]}]},{\"@type\":[\"Person\"],\"@id\":\"https:\/\/www.oidossucios.com\/site\/#\/schema\/person\/24559eeb76bf83a63296fb072393a688\",\"name\":\"Oidossucios\",\"image\":{\"@type\":\"ImageObject\",\"@id\":\"https:\/\/www.oidossucios.com\/site\/#personlogo\",\"inLanguage\":\"es\",\"url\":\"https:\/\/secure.gravatar.com\/avatar\/74fcb480f42f1a33e50a0b6e6369a3f907be2e43dc84fa5f76c66e9c22b4a5ab?s=96&d=mm&r=g\",\"caption\":\"Oidossucios\"},\"sameAs\":[\"https:\/\/twitter.com\/oidossucios\"]}]}<\/script>\n<!-- \/ Yoast SEO plugin. -->","jetpack_sharing_enabled":true,"_links":{"self":[{"href":"https:\/\/www.oidossucios.com\/site\/wp-json\/wp\/v2\/posts\/27","targetHints":{"allow":["GET"]}}],"collection":[{"href":"https:\/\/www.oidossucios.com\/site\/wp-json\/wp\/v2\/posts"}],"about":[{"href":"https:\/\/www.oidossucios.com\/site\/wp-json\/wp\/v2\/types\/post"}],"author":[{"embeddable":true,"href":"https:\/\/www.oidossucios.com\/site\/wp-json\/wp\/v2\/users\/4"}],"replies":[{"embeddable":true,"href":"https:\/\/www.oidossucios.com\/site\/wp-json\/wp\/v2\/comments?post=27"}],"version-history":[{"count":0,"href":"https:\/\/www.oidossucios.com\/site\/wp-json\/wp\/v2\/posts\/27\/revisions"}],"wp:attachment":[{"href":"https:\/\/www.oidossucios.com\/site\/wp-json\/wp\/v2\/media?parent=27"}],"wp:term":[{"taxonomy":"category","embeddable":true,"href":"https:\/\/www.oidossucios.com\/site\/wp-json\/wp\/v2\/categories?post=27"},{"taxonomy":"post_tag","embeddable":true,"href":"https:\/\/www.oidossucios.com\/site\/wp-json\/wp\/v2\/tags?post=27"}],"curies":[{"name":"wp","href":"https:\/\/api.w.org\/{rel}","templated":true}]}}