{"id":2703,"date":"2010-07-08T22:04:00","date_gmt":"2010-07-08T22:04:00","guid":{"rendered":"https:\/\/www.oidossucios.com\/site\/2010\/07\/08\/steven-tyler-habla-sobre-lo-que-ha-sido-formar-parte-de-aerosmith\/"},"modified":"2010-07-08T22:04:00","modified_gmt":"2010-07-08T22:04:00","slug":"steven-tyler-habla-sobre-lo-que-ha-sido-formar-parte-de-aerosmith","status":"publish","type":"post","link":"https:\/\/www.oidossucios.com\/site\/steven-tyler-habla-sobre-lo-que-ha-sido-formar-parte-de-aerosmith\/","title":{"rendered":"Steven Tyler habla sobre lo que ha sido formar parte de Aerosmith"},"content":{"rendered":"<p>El diario digital estadounidense MiamiHerald.com mantuvo recientemente una entrevista con el l\u00edder de la legendaria banda Aerosmith, Steven Tyler, en la que el vocalista expres\u00f3 c\u00f3mo ha sido ser parte de la agrupaci\u00f3n. A continuaci\u00f3n, la entrevista:<\/p>\n<p>&#8220;\u00bfC\u00f3mo ha sido la experiencia de tocar con el grupo despu\u00e9s de un a\u00f1o tan tumultuoso como el pasado?&#8221;<\/p>\n<p>Steven Tyler: &#8220;ha sido una gran gira. Ya sabes, es un poco duro para m\u00ed. Estar en Aerosmith es como vivir en la cola de un cometa. He resultado herido un mont\u00f3n de veces en los \u00faltimos dos a\u00f1os. Me tuvieron que reconstruir el ligamento anterior cruzado de la rodilla, operaciones en los pies, mi madre falleci\u00f3\u0085 muchas cosas se juntaron y favorecieron que abusase de algunas cosas&#8221;.<\/p>\n<p>&#8220;A lo largo de los a\u00f1os ha habido tensi\u00f3n en la banda \u00bfSon capaces todav\u00eda de ser amigos adem\u00e1s de compa\u00f1eros de grupo?&#8221;<\/p>\n<p>Steven Tyler: &#8220;estoy haciendo un libro llamado &#8220;Does The Noise In My Head Bother You&#8221;, y en \u00e9l hablar\u00e9 de lo que es estar casado con otras cuatro personas y lo que he tenido que aguantar. Nunca habr\u00e1 otra banda como Aerosmith, y simplemente no quiero hacer nada que da\u00f1e eso. Quiero a la banda much\u00edsimo&#8221;.<\/p>\n<p>&#8220;\u00bfC\u00f3mo haces para evitar caer en actitudes del pasado en esta nueva gira?&#8221;<\/p>\n<p>Steven Tyler: &#8220;me doy cuenta de que lo mejor de m\u00ed es la persona que soy cuando estoy sobrio, as\u00ed que ese es todo el secreto. No s\u00e9 si volver\u00e9 a consumir ma\u00f1ana, pero hoy estoy feliz&#8221;, finaliz\u00f3 el vocalista.<\/p>\n<p><\/p>\n","protected":false},"excerpt":{"rendered":"<p>El legendario vocalista brind\u00f3 una entrevista en la que relata c\u00f3mo ha sido su presencia en la agrupaci\u00f3n de Boston<\/p>\n","protected":false},"author":4,"featured_media":100002703,"comment_status":"open","ping_status":"open","sticky":false,"template":"","format":"standard","meta":{"_jetpack_memberships_contains_paid_content":false,"footnotes":""},"categories":[250],"tags":[],"class_list":["post-2703","post","type-post","status-publish","format-standard","has-post-thumbnail","hentry","category-noticias"],"jetpack_featured_media_url":"https:\/\/www.oidossucios.com\/site\/wp-content\/uploads\/2010\/07\/2703.jpg","yoast_head":"<!-- This site is optimized with the Yoast SEO plugin v14.0.4 - https:\/\/yoast.com\/wordpress\/plugins\/seo\/ -->\n<title>Steven Tyler habla sobre lo que ha sido formar parte de Aerosmith - OidosSucios.Com<\/title>\n<meta name=\"description\" content=\"El legendario vocalista brind\u00f3 una entrevista en la que relata c\u00f3mo ha sido su presencia en la agrupaci\u00f3n de Boston\" \/>\n<meta name=\"robots\" content=\"index, follow\" \/>\n<meta name=\"googlebot\" content=\"index, follow, max-snippet:-1, max-image-preview:large, max-video-preview:-1\" \/>\n<meta name=\"bingbot\" content=\"index, follow, max-snippet:-1, max-image-preview:large, max-video-preview:-1\" \/>\n<link rel=\"canonical\" href=\"https:\/\/www.oidossucios.com\/site\/steven-tyler-habla-sobre-lo-que-ha-sido-formar-parte-de-aerosmith\/\" \/>\n<meta property=\"og:locale\" content=\"es_ES\" \/>\n<meta property=\"og:type\" content=\"article\" \/>\n<meta property=\"og:title\" content=\"Steven Tyler habla sobre lo que ha sido formar parte de Aerosmith - OidosSucios.Com\" \/>\n<meta property=\"og:description\" content=\"El legendario vocalista brind\u00f3 una entrevista en la que relata c\u00f3mo ha sido su presencia en la agrupaci\u00f3n de Boston\" \/>\n<meta property=\"og:url\" content=\"https:\/\/www.oidossucios.com\/site\/steven-tyler-habla-sobre-lo-que-ha-sido-formar-parte-de-aerosmith\/\" \/>\n<meta property=\"og:site_name\" content=\"OidosSucios.Com\" \/>\n<meta property=\"article:published_time\" content=\"2010-07-08T22:04:00+00:00\" \/>\n<meta property=\"og:image\" content=\"https:\/\/www.oidossucios.com\/site\/wp-content\/uploads\/2010\/07\/2703.jpg\" \/>\n\t<meta property=\"og:image:width\" content=\"350\" \/>\n\t<meta property=\"og:image:height\" content=\"238\" \/>\n<meta name=\"twitter:card\" content=\"summary_large_image\" \/>\n<meta name=\"twitter:creator\" content=\"@oidossucios\" \/>\n<script type=\"application\/ld+json\" class=\"yoast-schema-graph\">{\"@context\":\"https:\/\/schema.org\",\"@graph\":[{\"@type\":\"WebSite\",\"@id\":\"https:\/\/www.oidossucios.com\/site\/#website\",\"url\":\"https:\/\/www.oidossucios.com\/site\/\",\"name\":\"OidosSucios.Com\",\"description\":\"M\\u00fasica, conciertos, discos\",\"potentialAction\":[{\"@type\":\"SearchAction\",\"target\":\"https:\/\/www.oidossucios.com\/site\/?s={search_term_string}\",\"query-input\":\"required name=search_term_string\"}],\"inLanguage\":\"es\"},{\"@type\":\"ImageObject\",\"@id\":\"https:\/\/www.oidossucios.com\/site\/steven-tyler-habla-sobre-lo-que-ha-sido-formar-parte-de-aerosmith\/#primaryimage\",\"inLanguage\":\"es\",\"url\":\"https:\/\/www.oidossucios.com\/site\/wp-content\/uploads\/2010\/07\/2703.jpg\",\"width\":350,\"height\":238},{\"@type\":\"WebPage\",\"@id\":\"https:\/\/www.oidossucios.com\/site\/steven-tyler-habla-sobre-lo-que-ha-sido-formar-parte-de-aerosmith\/#webpage\",\"url\":\"https:\/\/www.oidossucios.com\/site\/steven-tyler-habla-sobre-lo-que-ha-sido-formar-parte-de-aerosmith\/\",\"name\":\"Steven Tyler habla sobre lo que ha sido formar parte de Aerosmith - OidosSucios.Com\",\"isPartOf\":{\"@id\":\"https:\/\/www.oidossucios.com\/site\/#website\"},\"primaryImageOfPage\":{\"@id\":\"https:\/\/www.oidossucios.com\/site\/steven-tyler-habla-sobre-lo-que-ha-sido-formar-parte-de-aerosmith\/#primaryimage\"},\"datePublished\":\"2010-07-08T22:04:00+00:00\",\"dateModified\":\"2010-07-08T22:04:00+00:00\",\"author\":{\"@id\":\"https:\/\/www.oidossucios.com\/site\/#\/schema\/person\/24559eeb76bf83a63296fb072393a688\"},\"description\":\"El legendario vocalista brind\\u00f3 una entrevista en la que relata c\\u00f3mo ha sido su presencia en la agrupaci\\u00f3n de Boston\",\"inLanguage\":\"es\",\"potentialAction\":[{\"@type\":\"ReadAction\",\"target\":[\"https:\/\/www.oidossucios.com\/site\/steven-tyler-habla-sobre-lo-que-ha-sido-formar-parte-de-aerosmith\/\"]}]},{\"@type\":[\"Person\"],\"@id\":\"https:\/\/www.oidossucios.com\/site\/#\/schema\/person\/24559eeb76bf83a63296fb072393a688\",\"name\":\"Oidossucios\",\"image\":{\"@type\":\"ImageObject\",\"@id\":\"https:\/\/www.oidossucios.com\/site\/#personlogo\",\"inLanguage\":\"es\",\"url\":\"https:\/\/secure.gravatar.com\/avatar\/74fcb480f42f1a33e50a0b6e6369a3f907be2e43dc84fa5f76c66e9c22b4a5ab?s=96&d=mm&r=g\",\"caption\":\"Oidossucios\"},\"sameAs\":[\"https:\/\/twitter.com\/oidossucios\"]}]}<\/script>\n<!-- \/ Yoast SEO plugin. -->","jetpack_sharing_enabled":true,"_links":{"self":[{"href":"https:\/\/www.oidossucios.com\/site\/wp-json\/wp\/v2\/posts\/2703","targetHints":{"allow":["GET"]}}],"collection":[{"href":"https:\/\/www.oidossucios.com\/site\/wp-json\/wp\/v2\/posts"}],"about":[{"href":"https:\/\/www.oidossucios.com\/site\/wp-json\/wp\/v2\/types\/post"}],"author":[{"embeddable":true,"href":"https:\/\/www.oidossucios.com\/site\/wp-json\/wp\/v2\/users\/4"}],"replies":[{"embeddable":true,"href":"https:\/\/www.oidossucios.com\/site\/wp-json\/wp\/v2\/comments?post=2703"}],"version-history":[{"count":0,"href":"https:\/\/www.oidossucios.com\/site\/wp-json\/wp\/v2\/posts\/2703\/revisions"}],"wp:featuredmedia":[{"embeddable":true,"href":"https:\/\/www.oidossucios.com\/site\/wp-json\/wp\/v2\/media\/100002703"}],"wp:attachment":[{"href":"https:\/\/www.oidossucios.com\/site\/wp-json\/wp\/v2\/media?parent=2703"}],"wp:term":[{"taxonomy":"category","embeddable":true,"href":"https:\/\/www.oidossucios.com\/site\/wp-json\/wp\/v2\/categories?post=2703"},{"taxonomy":"post_tag","embeddable":true,"href":"https:\/\/www.oidossucios.com\/site\/wp-json\/wp\/v2\/tags?post=2703"}],"curies":[{"name":"wp","href":"https:\/\/api.w.org\/{rel}","templated":true}]}}