{"id":2705,"date":"2010-07-09T17:42:00","date_gmt":"2010-07-09T17:42:00","guid":{"rendered":"https:\/\/www.oidossucios.com\/site\/2010\/07\/09\/la-vida-boheme-regresa-a-caracas\/"},"modified":"2010-07-09T17:42:00","modified_gmt":"2010-07-09T17:42:00","slug":"la-vida-boheme-regresa-a-caracas","status":"publish","type":"post","link":"https:\/\/www.oidossucios.com\/site\/la-vida-boheme-regresa-a-caracas\/","title":{"rendered":"La Vida Boh\u00e9me regresa a Caracas"},"content":{"rendered":"<p>Luego de realizar una mini gira que visit\u00f3 Maracay y Maracaibo, la banda venezolana La Vida Boh\u00e9me regresa a Caracas para realizar una serie de presentaciones. La primera de ellas, hoy viernes 9 de julio en Discovery Bar.<\/p>\n<p>Esta banda conformada por Henry D\u00b4Arthenay (voz y guitarra), Daniel de Sousa (guitarra), Sebasti\u00e1n Ayala (bater\u00eda) y Rafael P\u00e9rez Medina (bajo), recientemente finaliz\u00f3 el trabajo de su primer disco titulado &#8220;Nuestra&#8221;. El \u00e1lbum fue producido y mezclado en Caracas por Rudy Pagliuca, y masterizado en la ciudad de Buenos Aires&nbsp; por Andr\u00e9s Mayo. <\/p>\n<p>El evento comenzar\u00e1 a las 10:00 p.m. y el cover tendr\u00e1 un costo de Bs.F 50.<\/p>\n<p>Para m\u00e1s informaci\u00f3n sobre la banda, visita:<\/p>\n<p>www.lavidaboheme.com<br \/>www.twitter.com\/vidaboheme<br \/>www.myspace.com\/vidaboheme<\/p>\n","protected":false},"excerpt":{"rendered":"<p>La banda venezolana se presentar\u00e1 hoy viernes 9 de julio en Discovery Bar a partir de las 10:00 p.m.<\/p>\n","protected":false},"author":4,"featured_media":100002705,"comment_status":"open","ping_status":"open","sticky":false,"template":"","format":"standard","meta":{"_jetpack_memberships_contains_paid_content":false,"footnotes":""},"categories":[250],"tags":[],"class_list":["post-2705","post","type-post","status-publish","format-standard","has-post-thumbnail","hentry","category-noticias"],"jetpack_featured_media_url":"https:\/\/www.oidossucios.com\/site\/wp-content\/uploads\/2010\/07\/2705.jpg","yoast_head":"<!-- This site is optimized with the Yoast SEO plugin v14.0.4 - https:\/\/yoast.com\/wordpress\/plugins\/seo\/ -->\n<title>La Vida Boh\u00e9me regresa a Caracas - OidosSucios.Com<\/title>\n<meta name=\"description\" content=\"La banda venezolana se presentar\u00e1 hoy viernes 9 de julio en Discovery Bar a partir de las 10:00 p.m.\" \/>\n<meta name=\"robots\" content=\"index, follow\" \/>\n<meta name=\"googlebot\" content=\"index, follow, max-snippet:-1, max-image-preview:large, max-video-preview:-1\" \/>\n<meta name=\"bingbot\" content=\"index, follow, max-snippet:-1, max-image-preview:large, max-video-preview:-1\" \/>\n<link rel=\"canonical\" href=\"https:\/\/www.oidossucios.com\/site\/la-vida-boheme-regresa-a-caracas\/\" \/>\n<meta property=\"og:locale\" content=\"es_ES\" \/>\n<meta property=\"og:type\" content=\"article\" \/>\n<meta property=\"og:title\" content=\"La Vida Boh\u00e9me regresa a Caracas - OidosSucios.Com\" \/>\n<meta property=\"og:description\" content=\"La banda venezolana se presentar\u00e1 hoy viernes 9 de julio en Discovery Bar a partir de las 10:00 p.m.\" \/>\n<meta property=\"og:url\" content=\"https:\/\/www.oidossucios.com\/site\/la-vida-boheme-regresa-a-caracas\/\" \/>\n<meta property=\"og:site_name\" content=\"OidosSucios.Com\" \/>\n<meta property=\"article:published_time\" content=\"2010-07-09T17:42:00+00:00\" \/>\n<meta property=\"og:image\" content=\"https:\/\/www.oidossucios.com\/site\/wp-content\/uploads\/2010\/07\/2705.jpg\" \/>\n\t<meta property=\"og:image:width\" content=\"350\" \/>\n\t<meta property=\"og:image:height\" content=\"250\" \/>\n<meta name=\"twitter:card\" content=\"summary_large_image\" \/>\n<meta name=\"twitter:creator\" content=\"@oidossucios\" \/>\n<script type=\"application\/ld+json\" class=\"yoast-schema-graph\">{\"@context\":\"https:\/\/schema.org\",\"@graph\":[{\"@type\":\"WebSite\",\"@id\":\"https:\/\/www.oidossucios.com\/site\/#website\",\"url\":\"https:\/\/www.oidossucios.com\/site\/\",\"name\":\"OidosSucios.Com\",\"description\":\"M\\u00fasica, conciertos, discos\",\"potentialAction\":[{\"@type\":\"SearchAction\",\"target\":\"https:\/\/www.oidossucios.com\/site\/?s={search_term_string}\",\"query-input\":\"required name=search_term_string\"}],\"inLanguage\":\"es\"},{\"@type\":\"ImageObject\",\"@id\":\"https:\/\/www.oidossucios.com\/site\/la-vida-boheme-regresa-a-caracas\/#primaryimage\",\"inLanguage\":\"es\",\"url\":\"https:\/\/www.oidossucios.com\/site\/wp-content\/uploads\/2010\/07\/2705.jpg\",\"width\":350,\"height\":250},{\"@type\":\"WebPage\",\"@id\":\"https:\/\/www.oidossucios.com\/site\/la-vida-boheme-regresa-a-caracas\/#webpage\",\"url\":\"https:\/\/www.oidossucios.com\/site\/la-vida-boheme-regresa-a-caracas\/\",\"name\":\"La Vida Boh\\u00e9me regresa a Caracas - OidosSucios.Com\",\"isPartOf\":{\"@id\":\"https:\/\/www.oidossucios.com\/site\/#website\"},\"primaryImageOfPage\":{\"@id\":\"https:\/\/www.oidossucios.com\/site\/la-vida-boheme-regresa-a-caracas\/#primaryimage\"},\"datePublished\":\"2010-07-09T17:42:00+00:00\",\"dateModified\":\"2010-07-09T17:42:00+00:00\",\"author\":{\"@id\":\"https:\/\/www.oidossucios.com\/site\/#\/schema\/person\/24559eeb76bf83a63296fb072393a688\"},\"description\":\"La banda venezolana se presentar\\u00e1 hoy viernes 9 de julio en Discovery Bar a partir de las 10:00 p.m.\",\"inLanguage\":\"es\",\"potentialAction\":[{\"@type\":\"ReadAction\",\"target\":[\"https:\/\/www.oidossucios.com\/site\/la-vida-boheme-regresa-a-caracas\/\"]}]},{\"@type\":[\"Person\"],\"@id\":\"https:\/\/www.oidossucios.com\/site\/#\/schema\/person\/24559eeb76bf83a63296fb072393a688\",\"name\":\"Oidossucios\",\"image\":{\"@type\":\"ImageObject\",\"@id\":\"https:\/\/www.oidossucios.com\/site\/#personlogo\",\"inLanguage\":\"es\",\"url\":\"https:\/\/secure.gravatar.com\/avatar\/74fcb480f42f1a33e50a0b6e6369a3f907be2e43dc84fa5f76c66e9c22b4a5ab?s=96&d=mm&r=g\",\"caption\":\"Oidossucios\"},\"sameAs\":[\"https:\/\/twitter.com\/oidossucios\"]}]}<\/script>\n<!-- \/ Yoast SEO plugin. -->","jetpack_sharing_enabled":true,"_links":{"self":[{"href":"https:\/\/www.oidossucios.com\/site\/wp-json\/wp\/v2\/posts\/2705","targetHints":{"allow":["GET"]}}],"collection":[{"href":"https:\/\/www.oidossucios.com\/site\/wp-json\/wp\/v2\/posts"}],"about":[{"href":"https:\/\/www.oidossucios.com\/site\/wp-json\/wp\/v2\/types\/post"}],"author":[{"embeddable":true,"href":"https:\/\/www.oidossucios.com\/site\/wp-json\/wp\/v2\/users\/4"}],"replies":[{"embeddable":true,"href":"https:\/\/www.oidossucios.com\/site\/wp-json\/wp\/v2\/comments?post=2705"}],"version-history":[{"count":0,"href":"https:\/\/www.oidossucios.com\/site\/wp-json\/wp\/v2\/posts\/2705\/revisions"}],"wp:featuredmedia":[{"embeddable":true,"href":"https:\/\/www.oidossucios.com\/site\/wp-json\/wp\/v2\/media\/100002705"}],"wp:attachment":[{"href":"https:\/\/www.oidossucios.com\/site\/wp-json\/wp\/v2\/media?parent=2705"}],"wp:term":[{"taxonomy":"category","embeddable":true,"href":"https:\/\/www.oidossucios.com\/site\/wp-json\/wp\/v2\/categories?post=2705"},{"taxonomy":"post_tag","embeddable":true,"href":"https:\/\/www.oidossucios.com\/site\/wp-json\/wp\/v2\/tags?post=2705"}],"curies":[{"name":"wp","href":"https:\/\/api.w.org\/{rel}","templated":true}]}}