{"id":2715,"date":"2010-07-15T23:13:00","date_gmt":"2010-07-15T23:13:00","guid":{"rendered":"https:\/\/www.oidossucios.com\/site\/2010\/07\/15\/metallica-lanza-edicion-deluxe-de-kill-em-all\/"},"modified":"2010-07-15T23:13:00","modified_gmt":"2010-07-15T23:13:00","slug":"metallica-lanza-edicion-deluxe-de-kill-em-all","status":"publish","type":"post","link":"https:\/\/www.oidossucios.com\/site\/metallica-lanza-edicion-deluxe-de-kill-em-all\/","title":{"rendered":"Metallica lanza edici\u00f3n deluxe de &#8220;Kill em All&#8221;"},"content":{"rendered":"<p>Metallica anunci\u00f3 el lanzamiento de una edici\u00f3n limitada de lujo de su aclamado debut discogr\u00e1fico de 1983, obra considerada la semilla y una de las piezas fundamentales de la historia del g\u00e9nero thrash metal.<\/p>\n<p>La banda estadounidense indic\u00f3 que s\u00f3lo existir\u00e1n mil copias disponibles de esta edici\u00f3n deluxe, cuya presentaci\u00f3n ser\u00e1 en vinilo pesado de 180 gramos en color rojo, con una carpeta desplegable y el audio remasterizado a partir de las cintas originales. Los ejemplares se pueden solicitar a trav\u00e9s del club de fan de Metallica a trav\u00e9s de MetClub.com.<\/p>\n<p>Publicado originalmente el 25 de julio de 1983 a trav\u00e9s del sello independiente Megaforce Records, &#8220;Kill em All&#8221; fue grabado en 2 semanas con un presupuesto m\u00ednimo. Aunque inicialmente s\u00f3lo se fabricaron 1500 ejemplares, el \u00e1lbum fue reeditado posteriormente por Elektra Records. Desde entonces este \u00e1lbum ha conseguido el triple platino por sus ventas superiores a tres millones de copias.<\/p>\n<p><\/p>\n","protected":false},"excerpt":{"rendered":"<p>La banda estadounidense anunci\u00f3 la aparici\u00f3n de una edici\u00f3n limitada de lujo de su aclamado debut discogr\u00e1fico de 1983<\/p>\n","protected":false},"author":4,"featured_media":100002715,"comment_status":"open","ping_status":"open","sticky":false,"template":"","format":"standard","meta":{"_jetpack_memberships_contains_paid_content":false,"footnotes":""},"categories":[250],"tags":[],"class_list":["post-2715","post","type-post","status-publish","format-standard","has-post-thumbnail","hentry","category-noticias"],"jetpack_featured_media_url":"https:\/\/www.oidossucios.com\/site\/wp-content\/uploads\/2010\/07\/2715.jpg","yoast_head":"<!-- This site is optimized with the Yoast SEO plugin v14.0.4 - https:\/\/yoast.com\/wordpress\/plugins\/seo\/ -->\n<title>Metallica lanza edici\u00f3n deluxe de &quot;Kill em All&quot; - OidosSucios.Com<\/title>\n<meta name=\"description\" content=\"La banda estadounidense anunci\u00f3 la aparici\u00f3n de una edici\u00f3n limitada de lujo de su aclamado debut discogr\u00e1fico de 1983\" \/>\n<meta name=\"robots\" content=\"index, follow\" \/>\n<meta name=\"googlebot\" content=\"index, follow, max-snippet:-1, max-image-preview:large, max-video-preview:-1\" \/>\n<meta name=\"bingbot\" content=\"index, follow, max-snippet:-1, max-image-preview:large, max-video-preview:-1\" \/>\n<link rel=\"canonical\" href=\"https:\/\/www.oidossucios.com\/site\/metallica-lanza-edicion-deluxe-de-kill-em-all\/\" \/>\n<meta property=\"og:locale\" content=\"es_ES\" \/>\n<meta property=\"og:type\" content=\"article\" \/>\n<meta property=\"og:title\" content=\"Metallica lanza edici\u00f3n deluxe de &quot;Kill em All&quot; - OidosSucios.Com\" \/>\n<meta property=\"og:description\" content=\"La banda estadounidense anunci\u00f3 la aparici\u00f3n de una edici\u00f3n limitada de lujo de su aclamado debut discogr\u00e1fico de 1983\" \/>\n<meta property=\"og:url\" content=\"https:\/\/www.oidossucios.com\/site\/metallica-lanza-edicion-deluxe-de-kill-em-all\/\" \/>\n<meta property=\"og:site_name\" content=\"OidosSucios.Com\" \/>\n<meta property=\"article:published_time\" content=\"2010-07-15T23:13:00+00:00\" \/>\n<meta property=\"og:image\" content=\"https:\/\/www.oidossucios.com\/site\/wp-content\/uploads\/2010\/07\/2715.jpg\" \/>\n\t<meta property=\"og:image:width\" content=\"350\" \/>\n\t<meta property=\"og:image:height\" content=\"225\" \/>\n<meta name=\"twitter:card\" content=\"summary_large_image\" \/>\n<meta name=\"twitter:creator\" content=\"@oidossucios\" \/>\n<script type=\"application\/ld+json\" class=\"yoast-schema-graph\">{\"@context\":\"https:\/\/schema.org\",\"@graph\":[{\"@type\":\"WebSite\",\"@id\":\"https:\/\/www.oidossucios.com\/site\/#website\",\"url\":\"https:\/\/www.oidossucios.com\/site\/\",\"name\":\"OidosSucios.Com\",\"description\":\"M\\u00fasica, conciertos, discos\",\"potentialAction\":[{\"@type\":\"SearchAction\",\"target\":\"https:\/\/www.oidossucios.com\/site\/?s={search_term_string}\",\"query-input\":\"required name=search_term_string\"}],\"inLanguage\":\"es\"},{\"@type\":\"ImageObject\",\"@id\":\"https:\/\/www.oidossucios.com\/site\/metallica-lanza-edicion-deluxe-de-kill-em-all\/#primaryimage\",\"inLanguage\":\"es\",\"url\":\"https:\/\/www.oidossucios.com\/site\/wp-content\/uploads\/2010\/07\/2715.jpg\",\"width\":350,\"height\":225},{\"@type\":\"WebPage\",\"@id\":\"https:\/\/www.oidossucios.com\/site\/metallica-lanza-edicion-deluxe-de-kill-em-all\/#webpage\",\"url\":\"https:\/\/www.oidossucios.com\/site\/metallica-lanza-edicion-deluxe-de-kill-em-all\/\",\"name\":\"Metallica lanza edici\\u00f3n deluxe de \\\"Kill em All\\\" - OidosSucios.Com\",\"isPartOf\":{\"@id\":\"https:\/\/www.oidossucios.com\/site\/#website\"},\"primaryImageOfPage\":{\"@id\":\"https:\/\/www.oidossucios.com\/site\/metallica-lanza-edicion-deluxe-de-kill-em-all\/#primaryimage\"},\"datePublished\":\"2010-07-15T23:13:00+00:00\",\"dateModified\":\"2010-07-15T23:13:00+00:00\",\"author\":{\"@id\":\"https:\/\/www.oidossucios.com\/site\/#\/schema\/person\/24559eeb76bf83a63296fb072393a688\"},\"description\":\"La banda estadounidense anunci\\u00f3 la aparici\\u00f3n de una edici\\u00f3n limitada de lujo de su aclamado debut discogr\\u00e1fico de 1983\",\"inLanguage\":\"es\",\"potentialAction\":[{\"@type\":\"ReadAction\",\"target\":[\"https:\/\/www.oidossucios.com\/site\/metallica-lanza-edicion-deluxe-de-kill-em-all\/\"]}]},{\"@type\":[\"Person\"],\"@id\":\"https:\/\/www.oidossucios.com\/site\/#\/schema\/person\/24559eeb76bf83a63296fb072393a688\",\"name\":\"Oidossucios\",\"image\":{\"@type\":\"ImageObject\",\"@id\":\"https:\/\/www.oidossucios.com\/site\/#personlogo\",\"inLanguage\":\"es\",\"url\":\"https:\/\/secure.gravatar.com\/avatar\/74fcb480f42f1a33e50a0b6e6369a3f907be2e43dc84fa5f76c66e9c22b4a5ab?s=96&d=mm&r=g\",\"caption\":\"Oidossucios\"},\"sameAs\":[\"https:\/\/twitter.com\/oidossucios\"]}]}<\/script>\n<!-- \/ Yoast SEO plugin. -->","jetpack_sharing_enabled":true,"_links":{"self":[{"href":"https:\/\/www.oidossucios.com\/site\/wp-json\/wp\/v2\/posts\/2715","targetHints":{"allow":["GET"]}}],"collection":[{"href":"https:\/\/www.oidossucios.com\/site\/wp-json\/wp\/v2\/posts"}],"about":[{"href":"https:\/\/www.oidossucios.com\/site\/wp-json\/wp\/v2\/types\/post"}],"author":[{"embeddable":true,"href":"https:\/\/www.oidossucios.com\/site\/wp-json\/wp\/v2\/users\/4"}],"replies":[{"embeddable":true,"href":"https:\/\/www.oidossucios.com\/site\/wp-json\/wp\/v2\/comments?post=2715"}],"version-history":[{"count":0,"href":"https:\/\/www.oidossucios.com\/site\/wp-json\/wp\/v2\/posts\/2715\/revisions"}],"wp:featuredmedia":[{"embeddable":true,"href":"https:\/\/www.oidossucios.com\/site\/wp-json\/wp\/v2\/media\/100002715"}],"wp:attachment":[{"href":"https:\/\/www.oidossucios.com\/site\/wp-json\/wp\/v2\/media?parent=2715"}],"wp:term":[{"taxonomy":"category","embeddable":true,"href":"https:\/\/www.oidossucios.com\/site\/wp-json\/wp\/v2\/categories?post=2715"},{"taxonomy":"post_tag","embeddable":true,"href":"https:\/\/www.oidossucios.com\/site\/wp-json\/wp\/v2\/tags?post=2715"}],"curies":[{"name":"wp","href":"https:\/\/api.w.org\/{rel}","templated":true}]}}