{"id":2718,"date":"2010-07-19T11:07:00","date_gmt":"2010-07-19T11:07:00","guid":{"rendered":"https:\/\/www.oidossucios.com\/site\/2010\/07\/19\/lars-ulrich-habla-sobre-la-trayectoria-de-metallica\/"},"modified":"2010-07-19T11:07:00","modified_gmt":"2010-07-19T11:07:00","slug":"lars-ulrich-habla-sobre-la-trayectoria-de-metallica","status":"publish","type":"post","link":"https:\/\/www.oidossucios.com\/site\/lars-ulrich-habla-sobre-la-trayectoria-de-metallica\/","title":{"rendered":"Lars Ulrich habla sobre la trayectoria de Metallica"},"content":{"rendered":"<p>Durante una reciente entrevista realizada por el diario australiano Herald Sun, Lars Ulrich habl\u00f3 sobre la relaci\u00f3n con Metallica y record\u00f3 diversos asuntos conocidos en la larga trayectoria del grupo, como la batalla con Napster y la relaci\u00f3n con antiguos miembros de la banda.<br \/>&nbsp;<br \/>Sobre la batalla judicial que hace diez a\u00f1os el grupo libr\u00f3 con el servidor de descargar ilegales Napster, el baterista de Metallica se\u00f1al\u00f3: &#8220;es parte del legado, para bien o para mal. Lo mejor que puedes hacer es intentar que la gente comprenda que est\u00e1s en un punto en el que te echas unas c\u00f3modas risas con ello. Hace diez a\u00f1os no ten\u00eda tanta gracia&#8230; No te voy a enga\u00f1ar, fue una \u00e9poca muy dif\u00edcil. Es algo de lo que a\u00fan me siento inc\u00f3modo hablando. Fue mentalmente agotador estar metidos en todo ese asunto&#8221;.<\/p>\n<p>Sobre el impacto negativo que el intercambio de archivos de sonido ha tenido en todos los sectores de la industria musical, Ulrich agrega: &#8220;a medida que vamos viendo la desaparici\u00f3n de todos los modelos que han existido durante d\u00e9cadas, no encuentro la menor recompensa en darnos un golpecito en la espalda y decir que ten\u00edamos raz\u00f3n. Otra gente s\u00ed lo ve as\u00ed. Yo procuro no hablar mucho de ello. No encuentro la menor gloria en ello. Es parte de la desaparici\u00f3n de muchas cosas. Ciertamente no tanto para nosotros como para mucha otra gente que ha perdido sus trabajos y la posibilidad de obtener sus ingresos y la forma de ganarse la vida con la m\u00fasica&#8221;.<\/p>\n<p>Hablando de la influencia de Metallica en las nuevas generaciones, Lars se\u00f1alaba: &#8220;un mont\u00f3n de chicos est\u00e1n enganch\u00e1ndose a nuestra m\u00fasica por sus padres, que crecieron con nosotros. De alguna forma la m\u00fasica de los ochenta y de los setenta parece tener una relevancia para ellos en estos d\u00edas. Parecen conectar con ella&#8221;.<\/p>\n<p>Sobre el hecho de que no existen malos sentimientos con los anteriores componentes de la legendaria banda, el baterista asegura:&#8221;hemos pasado por mucho. Eso es lo que permanece; todas las malas palabras se quedan atr\u00e1s, no tienen peso. Son algo moment\u00e1neo. Las experiencias que tuvimos haciendo m\u00fasica permanecer\u00e1n para siempre&#8221;.<\/p>\n<p>Luego de 30 meses en la carretera, no suena probable que vaya a haber nuevo \u00e1lbum a corto plazo, pero el m\u00fasico no descarta ninguna opci\u00f3n: &#8220;hay muy buenas vibraciones en la banda ahora. Todo el mundo lo pasa fenomenal y se lleva bien. Las cosas son realmente sencillas. Ya s\u00e9 que no suena muy a rock &amp; roll, pero me sorprender\u00eda si aguant\u00e1semos un a\u00f1o sin empezar a hacer un nuevo \u00e1lbum. Creo que tendremos de 3 a 6 meses de descanso. Hay buenas probabilidades de que finalmente sean menos que en anteriores ocasiones. Pero ya me he escuchado a m\u00ed mismo decir algo as\u00ed en entrevistas antes\u0085&#8221;, finaliza.<\/p>\n<p><\/p>\n","protected":false},"excerpt":{"rendered":"<p>El baterista de la veterana banda estadounidense brind\u00f3 una entrevista en la que habla sobre la actualidad de la agrupaci\u00f3n<\/p>\n","protected":false},"author":4,"featured_media":100002718,"comment_status":"open","ping_status":"open","sticky":false,"template":"","format":"standard","meta":{"_jetpack_memberships_contains_paid_content":false,"footnotes":""},"categories":[250],"tags":[],"class_list":["post-2718","post","type-post","status-publish","format-standard","has-post-thumbnail","hentry","category-noticias"],"jetpack_featured_media_url":"https:\/\/www.oidossucios.com\/site\/wp-content\/uploads\/2010\/07\/2718.jpg","yoast_head":"<!-- This site is optimized with the Yoast SEO plugin v14.0.4 - https:\/\/yoast.com\/wordpress\/plugins\/seo\/ -->\n<title>Lars Ulrich habla sobre la trayectoria de Metallica - OidosSucios.Com<\/title>\n<meta name=\"description\" content=\"El baterista de la veterana banda estadounidense brind\u00f3 una entrevista en la que habla sobre la actualidad de la agrupaci\u00f3n\" \/>\n<meta name=\"robots\" content=\"index, follow\" \/>\n<meta name=\"googlebot\" content=\"index, follow, max-snippet:-1, max-image-preview:large, max-video-preview:-1\" \/>\n<meta name=\"bingbot\" content=\"index, follow, max-snippet:-1, max-image-preview:large, max-video-preview:-1\" \/>\n<link rel=\"canonical\" href=\"https:\/\/www.oidossucios.com\/site\/lars-ulrich-habla-sobre-la-trayectoria-de-metallica\/\" \/>\n<meta property=\"og:locale\" content=\"es_ES\" \/>\n<meta property=\"og:type\" content=\"article\" \/>\n<meta property=\"og:title\" content=\"Lars Ulrich habla sobre la trayectoria de Metallica - OidosSucios.Com\" \/>\n<meta property=\"og:description\" content=\"El baterista de la veterana banda estadounidense brind\u00f3 una entrevista en la que habla sobre la actualidad de la agrupaci\u00f3n\" \/>\n<meta property=\"og:url\" content=\"https:\/\/www.oidossucios.com\/site\/lars-ulrich-habla-sobre-la-trayectoria-de-metallica\/\" \/>\n<meta property=\"og:site_name\" content=\"OidosSucios.Com\" \/>\n<meta property=\"article:published_time\" content=\"2010-07-19T11:07:00+00:00\" \/>\n<meta property=\"og:image\" content=\"https:\/\/www.oidossucios.com\/site\/wp-content\/uploads\/2010\/07\/2718.jpg\" \/>\n\t<meta property=\"og:image:width\" content=\"350\" \/>\n\t<meta property=\"og:image:height\" content=\"231\" \/>\n<meta name=\"twitter:card\" content=\"summary_large_image\" \/>\n<meta name=\"twitter:creator\" content=\"@oidossucios\" \/>\n<script type=\"application\/ld+json\" class=\"yoast-schema-graph\">{\"@context\":\"https:\/\/schema.org\",\"@graph\":[{\"@type\":\"WebSite\",\"@id\":\"https:\/\/www.oidossucios.com\/site\/#website\",\"url\":\"https:\/\/www.oidossucios.com\/site\/\",\"name\":\"OidosSucios.Com\",\"description\":\"M\\u00fasica, conciertos, discos\",\"potentialAction\":[{\"@type\":\"SearchAction\",\"target\":\"https:\/\/www.oidossucios.com\/site\/?s={search_term_string}\",\"query-input\":\"required name=search_term_string\"}],\"inLanguage\":\"es\"},{\"@type\":\"ImageObject\",\"@id\":\"https:\/\/www.oidossucios.com\/site\/lars-ulrich-habla-sobre-la-trayectoria-de-metallica\/#primaryimage\",\"inLanguage\":\"es\",\"url\":\"https:\/\/www.oidossucios.com\/site\/wp-content\/uploads\/2010\/07\/2718.jpg\",\"width\":350,\"height\":231},{\"@type\":\"WebPage\",\"@id\":\"https:\/\/www.oidossucios.com\/site\/lars-ulrich-habla-sobre-la-trayectoria-de-metallica\/#webpage\",\"url\":\"https:\/\/www.oidossucios.com\/site\/lars-ulrich-habla-sobre-la-trayectoria-de-metallica\/\",\"name\":\"Lars Ulrich habla sobre la trayectoria de Metallica - OidosSucios.Com\",\"isPartOf\":{\"@id\":\"https:\/\/www.oidossucios.com\/site\/#website\"},\"primaryImageOfPage\":{\"@id\":\"https:\/\/www.oidossucios.com\/site\/lars-ulrich-habla-sobre-la-trayectoria-de-metallica\/#primaryimage\"},\"datePublished\":\"2010-07-19T11:07:00+00:00\",\"dateModified\":\"2010-07-19T11:07:00+00:00\",\"author\":{\"@id\":\"https:\/\/www.oidossucios.com\/site\/#\/schema\/person\/24559eeb76bf83a63296fb072393a688\"},\"description\":\"El baterista de la veterana banda estadounidense brind\\u00f3 una entrevista en la que habla sobre la actualidad de la agrupaci\\u00f3n\",\"inLanguage\":\"es\",\"potentialAction\":[{\"@type\":\"ReadAction\",\"target\":[\"https:\/\/www.oidossucios.com\/site\/lars-ulrich-habla-sobre-la-trayectoria-de-metallica\/\"]}]},{\"@type\":[\"Person\"],\"@id\":\"https:\/\/www.oidossucios.com\/site\/#\/schema\/person\/24559eeb76bf83a63296fb072393a688\",\"name\":\"Oidossucios\",\"image\":{\"@type\":\"ImageObject\",\"@id\":\"https:\/\/www.oidossucios.com\/site\/#personlogo\",\"inLanguage\":\"es\",\"url\":\"https:\/\/secure.gravatar.com\/avatar\/74fcb480f42f1a33e50a0b6e6369a3f907be2e43dc84fa5f76c66e9c22b4a5ab?s=96&d=mm&r=g\",\"caption\":\"Oidossucios\"},\"sameAs\":[\"https:\/\/twitter.com\/oidossucios\"]}]}<\/script>\n<!-- \/ Yoast SEO plugin. -->","jetpack_sharing_enabled":true,"_links":{"self":[{"href":"https:\/\/www.oidossucios.com\/site\/wp-json\/wp\/v2\/posts\/2718","targetHints":{"allow":["GET"]}}],"collection":[{"href":"https:\/\/www.oidossucios.com\/site\/wp-json\/wp\/v2\/posts"}],"about":[{"href":"https:\/\/www.oidossucios.com\/site\/wp-json\/wp\/v2\/types\/post"}],"author":[{"embeddable":true,"href":"https:\/\/www.oidossucios.com\/site\/wp-json\/wp\/v2\/users\/4"}],"replies":[{"embeddable":true,"href":"https:\/\/www.oidossucios.com\/site\/wp-json\/wp\/v2\/comments?post=2718"}],"version-history":[{"count":0,"href":"https:\/\/www.oidossucios.com\/site\/wp-json\/wp\/v2\/posts\/2718\/revisions"}],"wp:featuredmedia":[{"embeddable":true,"href":"https:\/\/www.oidossucios.com\/site\/wp-json\/wp\/v2\/media\/100002718"}],"wp:attachment":[{"href":"https:\/\/www.oidossucios.com\/site\/wp-json\/wp\/v2\/media?parent=2718"}],"wp:term":[{"taxonomy":"category","embeddable":true,"href":"https:\/\/www.oidossucios.com\/site\/wp-json\/wp\/v2\/categories?post=2718"},{"taxonomy":"post_tag","embeddable":true,"href":"https:\/\/www.oidossucios.com\/site\/wp-json\/wp\/v2\/tags?post=2718"}],"curies":[{"name":"wp","href":"https:\/\/api.w.org\/{rel}","templated":true}]}}