{"id":2733,"date":"2010-07-29T12:26:00","date_gmt":"2010-07-29T12:26:00","guid":{"rendered":"https:\/\/www.oidossucios.com\/site\/2010\/07\/29\/the-cars-podria-estar-planificando-una-reunion\/"},"modified":"2010-07-29T12:26:00","modified_gmt":"2010-07-29T12:26:00","slug":"the-cars-podria-estar-planificando-una-reunion","status":"publish","type":"post","link":"https:\/\/www.oidossucios.com\/site\/the-cars-podria-estar-planificando-una-reunion\/","title":{"rendered":"The Cars podr\u00eda estar planificando una reuni\u00f3n"},"content":{"rendered":"<p>The Cars podr\u00eda estar planificando una reuni\u00f3n luego de veintitr\u00e9s a\u00f1os de inactividad musical.<\/p>\n<p>La banda estadounidense de new wave coloc\u00f3 en su perfil de Facebook una fotograf\u00eda de 4 de sus miembros originales (Ric Ocasek, Greg Hawkes, David Robinson y Elliot Easton) reunidos con sus instrumentos en un estudio de grabaci\u00f3n de Boston, con el t\u00edtulo de &#8220;\u00bfAlguien est\u00e1 de humor para una reuni\u00f3n de The Cars?&#8221;.<\/p>\n<p>Esta agrupaci\u00f3n se separ\u00f3 en 1987 y desde entonces ha negado cualquier rumor de reunion. El bajista original de la banda, Benjamin Orr, falleci\u00f3 en 2000 despu\u00e9s de sufrir c\u00e1ncer pancre\u00e1tico.<\/p>\n<p><\/p>\n","protected":false},"excerpt":{"rendered":"<p>La agrupaci\u00f3n estadounidense de new wave public\u00f3 una fotograf\u00eda en Facebook de sus miembros reunidos en un estudio de grabaci\u00f3n<\/p>\n","protected":false},"author":4,"featured_media":100002733,"comment_status":"open","ping_status":"open","sticky":false,"template":"","format":"standard","meta":{"_jetpack_memberships_contains_paid_content":false,"footnotes":""},"categories":[250],"tags":[],"class_list":["post-2733","post","type-post","status-publish","format-standard","has-post-thumbnail","hentry","category-noticias"],"jetpack_featured_media_url":"https:\/\/www.oidossucios.com\/site\/wp-content\/uploads\/2010\/07\/2733.jpg","yoast_head":"<!-- This site is optimized with the Yoast SEO plugin v14.0.4 - https:\/\/yoast.com\/wordpress\/plugins\/seo\/ -->\n<title>The Cars podr\u00eda estar planificando una reuni\u00f3n - OidosSucios.Com<\/title>\n<meta name=\"description\" content=\"La agrupaci\u00f3n estadounidense de new wave public\u00f3 una fotograf\u00eda en Facebook de sus miembros reunidos en un estudio de grabaci\u00f3n\" \/>\n<meta name=\"robots\" content=\"index, follow\" \/>\n<meta name=\"googlebot\" content=\"index, follow, max-snippet:-1, max-image-preview:large, max-video-preview:-1\" \/>\n<meta name=\"bingbot\" content=\"index, follow, max-snippet:-1, max-image-preview:large, max-video-preview:-1\" \/>\n<link rel=\"canonical\" href=\"https:\/\/www.oidossucios.com\/site\/the-cars-podria-estar-planificando-una-reunion\/\" \/>\n<meta property=\"og:locale\" content=\"es_ES\" \/>\n<meta property=\"og:type\" content=\"article\" \/>\n<meta property=\"og:title\" content=\"The Cars podr\u00eda estar planificando una reuni\u00f3n - OidosSucios.Com\" \/>\n<meta property=\"og:description\" content=\"La agrupaci\u00f3n estadounidense de new wave public\u00f3 una fotograf\u00eda en Facebook de sus miembros reunidos en un estudio de grabaci\u00f3n\" \/>\n<meta property=\"og:url\" content=\"https:\/\/www.oidossucios.com\/site\/the-cars-podria-estar-planificando-una-reunion\/\" \/>\n<meta property=\"og:site_name\" content=\"OidosSucios.Com\" \/>\n<meta property=\"article:published_time\" content=\"2010-07-29T12:26:00+00:00\" \/>\n<meta property=\"og:image\" content=\"https:\/\/www.oidossucios.com\/site\/wp-content\/uploads\/2010\/07\/2733.jpg\" \/>\n\t<meta property=\"og:image:width\" content=\"350\" \/>\n\t<meta property=\"og:image:height\" content=\"222\" \/>\n<meta name=\"twitter:card\" content=\"summary_large_image\" \/>\n<meta name=\"twitter:creator\" content=\"@oidossucios\" \/>\n<script type=\"application\/ld+json\" class=\"yoast-schema-graph\">{\"@context\":\"https:\/\/schema.org\",\"@graph\":[{\"@type\":\"WebSite\",\"@id\":\"https:\/\/www.oidossucios.com\/site\/#website\",\"url\":\"https:\/\/www.oidossucios.com\/site\/\",\"name\":\"OidosSucios.Com\",\"description\":\"M\\u00fasica, conciertos, discos\",\"potentialAction\":[{\"@type\":\"SearchAction\",\"target\":\"https:\/\/www.oidossucios.com\/site\/?s={search_term_string}\",\"query-input\":\"required name=search_term_string\"}],\"inLanguage\":\"es\"},{\"@type\":\"ImageObject\",\"@id\":\"https:\/\/www.oidossucios.com\/site\/the-cars-podria-estar-planificando-una-reunion\/#primaryimage\",\"inLanguage\":\"es\",\"url\":\"https:\/\/www.oidossucios.com\/site\/wp-content\/uploads\/2010\/07\/2733.jpg\",\"width\":350,\"height\":222},{\"@type\":\"WebPage\",\"@id\":\"https:\/\/www.oidossucios.com\/site\/the-cars-podria-estar-planificando-una-reunion\/#webpage\",\"url\":\"https:\/\/www.oidossucios.com\/site\/the-cars-podria-estar-planificando-una-reunion\/\",\"name\":\"The Cars podr\\u00eda estar planificando una reuni\\u00f3n - OidosSucios.Com\",\"isPartOf\":{\"@id\":\"https:\/\/www.oidossucios.com\/site\/#website\"},\"primaryImageOfPage\":{\"@id\":\"https:\/\/www.oidossucios.com\/site\/the-cars-podria-estar-planificando-una-reunion\/#primaryimage\"},\"datePublished\":\"2010-07-29T12:26:00+00:00\",\"dateModified\":\"2010-07-29T12:26:00+00:00\",\"author\":{\"@id\":\"https:\/\/www.oidossucios.com\/site\/#\/schema\/person\/24559eeb76bf83a63296fb072393a688\"},\"description\":\"La agrupaci\\u00f3n estadounidense de new wave public\\u00f3 una fotograf\\u00eda en Facebook de sus miembros reunidos en un estudio de grabaci\\u00f3n\",\"inLanguage\":\"es\",\"potentialAction\":[{\"@type\":\"ReadAction\",\"target\":[\"https:\/\/www.oidossucios.com\/site\/the-cars-podria-estar-planificando-una-reunion\/\"]}]},{\"@type\":[\"Person\"],\"@id\":\"https:\/\/www.oidossucios.com\/site\/#\/schema\/person\/24559eeb76bf83a63296fb072393a688\",\"name\":\"Oidossucios\",\"image\":{\"@type\":\"ImageObject\",\"@id\":\"https:\/\/www.oidossucios.com\/site\/#personlogo\",\"inLanguage\":\"es\",\"url\":\"https:\/\/secure.gravatar.com\/avatar\/74fcb480f42f1a33e50a0b6e6369a3f907be2e43dc84fa5f76c66e9c22b4a5ab?s=96&d=mm&r=g\",\"caption\":\"Oidossucios\"},\"sameAs\":[\"https:\/\/twitter.com\/oidossucios\"]}]}<\/script>\n<!-- \/ Yoast SEO plugin. -->","jetpack_sharing_enabled":true,"_links":{"self":[{"href":"https:\/\/www.oidossucios.com\/site\/wp-json\/wp\/v2\/posts\/2733","targetHints":{"allow":["GET"]}}],"collection":[{"href":"https:\/\/www.oidossucios.com\/site\/wp-json\/wp\/v2\/posts"}],"about":[{"href":"https:\/\/www.oidossucios.com\/site\/wp-json\/wp\/v2\/types\/post"}],"author":[{"embeddable":true,"href":"https:\/\/www.oidossucios.com\/site\/wp-json\/wp\/v2\/users\/4"}],"replies":[{"embeddable":true,"href":"https:\/\/www.oidossucios.com\/site\/wp-json\/wp\/v2\/comments?post=2733"}],"version-history":[{"count":0,"href":"https:\/\/www.oidossucios.com\/site\/wp-json\/wp\/v2\/posts\/2733\/revisions"}],"wp:featuredmedia":[{"embeddable":true,"href":"https:\/\/www.oidossucios.com\/site\/wp-json\/wp\/v2\/media\/100002733"}],"wp:attachment":[{"href":"https:\/\/www.oidossucios.com\/site\/wp-json\/wp\/v2\/media?parent=2733"}],"wp:term":[{"taxonomy":"category","embeddable":true,"href":"https:\/\/www.oidossucios.com\/site\/wp-json\/wp\/v2\/categories?post=2733"},{"taxonomy":"post_tag","embeddable":true,"href":"https:\/\/www.oidossucios.com\/site\/wp-json\/wp\/v2\/tags?post=2733"}],"curies":[{"name":"wp","href":"https:\/\/api.w.org\/{rel}","templated":true}]}}