{"id":2766,"date":"2010-08-13T01:49:00","date_gmt":"2010-08-13T01:49:00","guid":{"rendered":"https:\/\/www.oidossucios.com\/site\/2010\/08\/13\/subastan-cabello-de-elvis-presley-con-un-piso-de-20-mil-dolares\/"},"modified":"2010-08-13T01:49:00","modified_gmt":"2010-08-13T01:49:00","slug":"subastan-cabello-de-elvis-presley-con-un-piso-de-20-mil-dolares","status":"publish","type":"post","link":"https:\/\/www.oidossucios.com\/site\/subastan-cabello-de-elvis-presley-con-un-piso-de-20-mil-dolares\/","title":{"rendered":"Subastan cabello de Elvis Presley con un piso de 20 mil d\u00f3lares"},"content":{"rendered":"\n<p><p>Veinte mil d\u00f3lares es el piso para empezar a negociar la adquisici\u00f3n de un frasco con cabello aut\u00e9ntico de Elvis Presley, recolectado y guardado durante a\u00f1os por su peluquero personal Homer Gilleland.<\/p>\n<p>&nbsp;<\/p>\n<p>El cabello aldr\u00e1 a la venta el pr\u00f3ximo s\u00e1bado en Memphis a cargo de la casa de subastas Heritage Auction Galleries.<\/p>\n<p>&nbsp;<\/p>\n<p>Elvis confi\u00f3 durante mucho tiempo su cabello s\u00f3lo al peluquero Homer Gilleland, quien ten\u00eda una tarjeta de cr\u00e9dito que el m\u00fasico le hab\u00eda dado para volar donde el m\u00fasico estaba cada vez que necesitaba un corte o tintura.<\/p>\n<p>&nbsp;<\/p>\n<p>Es as\u00ed que Gilleland conserv\u00f3 casi todos los mechones recortados y sol\u00eda regal\u00e1rselos a sus amigos. El \u00fanico frasco que qued\u00f3 se lo hab\u00eda dado al sheriff Tom Morgan.<\/p>\n<p>&nbsp;<\/p>\n<p>En la subasta del s\u00e1bado tambi\u00e9n se ofrecer\u00e1 el piano blanco preferido de Elvis, que hasta 1969 estuvo en su mansi\u00f3n en Graceland, objetos personales del cantante como discos, maquillajes y hasta un descapotable verde de 1976.<\/p>\n<p>&nbsp;<\/p>\n<p>Elvis Presley muri\u00f3 el 16 de agosto de 1977 de un infarto en su mansi\u00f3n de Graceland, en Memphis, cuando ten\u00eda 42 a\u00f1os, mientras que su peluquero falleci\u00f3 en mayo de 1995.<\/p>\n<div>   <\/div><\/p>\n","protected":false},"excerpt":{"rendered":"<p>El pelo fue recolectado por el Homer Gilleland, el peluquero personal del rey del rock &amp; roll. Tambi\u00e9n ofrecer\u00e1n el piano blanco preferido del cantante, objetos personales y un descapotable verde de 1976.<\/p>\n","protected":false},"author":4,"featured_media":0,"comment_status":"open","ping_status":"open","sticky":false,"template":"","format":"standard","meta":{"_jetpack_memberships_contains_paid_content":false,"footnotes":""},"categories":[142],"tags":[],"class_list":["post-2766","post","type-post","status-publish","format-standard","hentry","category-buzznews"],"jetpack_featured_media_url":"","yoast_head":"<!-- This site is optimized with the Yoast SEO plugin v14.0.4 - https:\/\/yoast.com\/wordpress\/plugins\/seo\/ -->\n<title>Subastan cabello de Elvis Presley con un piso de 20 mil d\u00f3lares - OidosSucios.Com<\/title>\n<meta name=\"description\" content=\"El pelo fue recolectado por el Homer Gilleland, el peluquero personal del rey del rock &amp; roll. Tambi\u00e9n ofrecer\u00e1n el piano blanco preferido del cantante, objetos personales y un descapotable verde de 1976.\" \/>\n<meta name=\"robots\" content=\"index, follow\" \/>\n<meta name=\"googlebot\" content=\"index, follow, max-snippet:-1, max-image-preview:large, max-video-preview:-1\" \/>\n<meta name=\"bingbot\" content=\"index, follow, max-snippet:-1, max-image-preview:large, max-video-preview:-1\" \/>\n<link rel=\"canonical\" href=\"https:\/\/www.oidossucios.com\/site\/subastan-cabello-de-elvis-presley-con-un-piso-de-20-mil-dolares\/\" \/>\n<meta property=\"og:locale\" content=\"es_ES\" \/>\n<meta property=\"og:type\" content=\"article\" \/>\n<meta property=\"og:title\" content=\"Subastan cabello de Elvis Presley con un piso de 20 mil d\u00f3lares - OidosSucios.Com\" \/>\n<meta property=\"og:description\" content=\"El pelo fue recolectado por el Homer Gilleland, el peluquero personal del rey del rock &amp; roll. Tambi\u00e9n ofrecer\u00e1n el piano blanco preferido del cantante, objetos personales y un descapotable verde de 1976.\" \/>\n<meta property=\"og:url\" content=\"https:\/\/www.oidossucios.com\/site\/subastan-cabello-de-elvis-presley-con-un-piso-de-20-mil-dolares\/\" \/>\n<meta property=\"og:site_name\" content=\"OidosSucios.Com\" \/>\n<meta property=\"article:published_time\" content=\"2010-08-13T01:49:00+00:00\" \/>\n<meta name=\"twitter:card\" content=\"summary_large_image\" \/>\n<meta name=\"twitter:creator\" content=\"@oidossucios\" \/>\n<script type=\"application\/ld+json\" class=\"yoast-schema-graph\">{\"@context\":\"https:\/\/schema.org\",\"@graph\":[{\"@type\":\"WebSite\",\"@id\":\"https:\/\/www.oidossucios.com\/site\/#website\",\"url\":\"https:\/\/www.oidossucios.com\/site\/\",\"name\":\"OidosSucios.Com\",\"description\":\"M\\u00fasica, conciertos, discos\",\"potentialAction\":[{\"@type\":\"SearchAction\",\"target\":\"https:\/\/www.oidossucios.com\/site\/?s={search_term_string}\",\"query-input\":\"required name=search_term_string\"}],\"inLanguage\":\"es\"},{\"@type\":\"WebPage\",\"@id\":\"https:\/\/www.oidossucios.com\/site\/subastan-cabello-de-elvis-presley-con-un-piso-de-20-mil-dolares\/#webpage\",\"url\":\"https:\/\/www.oidossucios.com\/site\/subastan-cabello-de-elvis-presley-con-un-piso-de-20-mil-dolares\/\",\"name\":\"Subastan cabello de Elvis Presley con un piso de 20 mil d\\u00f3lares - OidosSucios.Com\",\"isPartOf\":{\"@id\":\"https:\/\/www.oidossucios.com\/site\/#website\"},\"datePublished\":\"2010-08-13T01:49:00+00:00\",\"dateModified\":\"2010-08-13T01:49:00+00:00\",\"author\":{\"@id\":\"https:\/\/www.oidossucios.com\/site\/#\/schema\/person\/24559eeb76bf83a63296fb072393a688\"},\"description\":\"El pelo fue recolectado por el Homer Gilleland, el peluquero personal del rey del rock &amp; roll. Tambi\\u00e9n ofrecer\\u00e1n el piano blanco preferido del cantante, objetos personales y un descapotable verde de 1976.\",\"inLanguage\":\"es\",\"potentialAction\":[{\"@type\":\"ReadAction\",\"target\":[\"https:\/\/www.oidossucios.com\/site\/subastan-cabello-de-elvis-presley-con-un-piso-de-20-mil-dolares\/\"]}]},{\"@type\":[\"Person\"],\"@id\":\"https:\/\/www.oidossucios.com\/site\/#\/schema\/person\/24559eeb76bf83a63296fb072393a688\",\"name\":\"Oidossucios\",\"image\":{\"@type\":\"ImageObject\",\"@id\":\"https:\/\/www.oidossucios.com\/site\/#personlogo\",\"inLanguage\":\"es\",\"url\":\"https:\/\/secure.gravatar.com\/avatar\/74fcb480f42f1a33e50a0b6e6369a3f907be2e43dc84fa5f76c66e9c22b4a5ab?s=96&d=mm&r=g\",\"caption\":\"Oidossucios\"},\"sameAs\":[\"https:\/\/twitter.com\/oidossucios\"]}]}<\/script>\n<!-- \/ Yoast SEO plugin. -->","jetpack_sharing_enabled":true,"_links":{"self":[{"href":"https:\/\/www.oidossucios.com\/site\/wp-json\/wp\/v2\/posts\/2766","targetHints":{"allow":["GET"]}}],"collection":[{"href":"https:\/\/www.oidossucios.com\/site\/wp-json\/wp\/v2\/posts"}],"about":[{"href":"https:\/\/www.oidossucios.com\/site\/wp-json\/wp\/v2\/types\/post"}],"author":[{"embeddable":true,"href":"https:\/\/www.oidossucios.com\/site\/wp-json\/wp\/v2\/users\/4"}],"replies":[{"embeddable":true,"href":"https:\/\/www.oidossucios.com\/site\/wp-json\/wp\/v2\/comments?post=2766"}],"version-history":[{"count":0,"href":"https:\/\/www.oidossucios.com\/site\/wp-json\/wp\/v2\/posts\/2766\/revisions"}],"wp:attachment":[{"href":"https:\/\/www.oidossucios.com\/site\/wp-json\/wp\/v2\/media?parent=2766"}],"wp:term":[{"taxonomy":"category","embeddable":true,"href":"https:\/\/www.oidossucios.com\/site\/wp-json\/wp\/v2\/categories?post=2766"},{"taxonomy":"post_tag","embeddable":true,"href":"https:\/\/www.oidossucios.com\/site\/wp-json\/wp\/v2\/tags?post=2766"}],"curies":[{"name":"wp","href":"https:\/\/api.w.org\/{rel}","templated":true}]}}