{"id":2835,"date":"2010-09-27T14:53:00","date_gmt":"2010-09-27T14:53:00","guid":{"rendered":"https:\/\/www.oidossucios.com\/site\/2010\/09\/27\/stone-temple-pilots-re-programa-fechas-de-su-gira-por-problemas-con-weiland\/"},"modified":"2010-09-27T14:53:00","modified_gmt":"2010-09-27T14:53:00","slug":"stone-temple-pilots-re-programa-fechas-de-su-gira-por-problemas-con-weiland","status":"publish","type":"post","link":"https:\/\/www.oidossucios.com\/site\/stone-temple-pilots-re-programa-fechas-de-su-gira-por-problemas-con-weiland\/","title":{"rendered":"Stone Temple Pilots re-programa fechas de su gira por problemas con Weiland"},"content":{"rendered":"\n<p>El domingo pasado Stone Temple Pilots se present\u00f3 en Houston, Texas, con media hora de retraso, lo que oblig\u00f3 a sacar cinco canciones de su repertorio habitual. A eso, agrega Consequenceofsound.net, se sum\u00f3 a una extra\u00f1a charla que Weiland dio al p\u00fablico: &#8220;comenc\u00e9 a beber otra vez; mi hermano muri\u00f3, me divorci\u00e9 de mi esposa mi mundo entero se dio vuelta. Entonces, \u00bfsaben qu\u00e9? Voy a cuidarme, porque de eso es de lo que debo preocuparme. En lugar de tener s\u00f3lo unos pocos shows, quiero tener much\u00edsimos shows&#8221;, dijo.<\/p>\n<p><\/p>\n<p>Por el momento, STP a\u00fan no agenda nuevas fechas para los conciertos cancelados. S\u00f3lo ha informado que reanudar\u00e1n su gira el pr\u00f3ximo 8 de octubre en Tampa, Florida.<\/p>\n<p><\/p>\n<p>Todo este enredo de fechas del conjunto norteamericano no ha afectado su confirmado arribo a Latinoam\u00e9rica, programado para el 1 de diciembre en Ciudad de M\u00e9xico. Como les anunciamos hace dos semanas, Weiland y compa\u00f1\u00eda tambi\u00e9n se presentar\u00e1n el 18 de diciembre en&nbsp;Bogot\u00e1, y recientemente la banda ha oficializado su show en Lima para el 16 de diciembre.<\/p>\n","protected":false},"excerpt":{"rendered":"<p>Aunque en su sitio oficial informan que esto se debe a un &#8220;descanso&#8221; del cuarteto, diversos medios hablan de posibles problemas del vocalista Scott Weiland con el alcohol.<\/p>\n","protected":false},"author":4,"featured_media":100002835,"comment_status":"open","ping_status":"open","sticky":false,"template":"","format":"standard","meta":{"_jetpack_memberships_contains_paid_content":false,"footnotes":""},"categories":[250],"tags":[],"class_list":["post-2835","post","type-post","status-publish","format-standard","has-post-thumbnail","hentry","category-noticias"],"jetpack_featured_media_url":"https:\/\/www.oidossucios.com\/site\/wp-content\/uploads\/2010\/09\/2835.jpg","yoast_head":"<!-- This site is optimized with the Yoast SEO plugin v14.0.4 - https:\/\/yoast.com\/wordpress\/plugins\/seo\/ -->\n<title>Stone Temple Pilots re-programa fechas de su gira por problemas con Weiland - OidosSucios.Com<\/title>\n<meta name=\"description\" content=\"Aunque en su sitio oficial informan que esto se debe a un &quot;descanso&quot; del cuarteto, diversos medios hablan de posibles problemas del vocalista Scott Weiland con el alcohol.\" \/>\n<meta name=\"robots\" content=\"index, follow\" \/>\n<meta name=\"googlebot\" content=\"index, follow, max-snippet:-1, max-image-preview:large, max-video-preview:-1\" \/>\n<meta name=\"bingbot\" content=\"index, follow, max-snippet:-1, max-image-preview:large, max-video-preview:-1\" \/>\n<link rel=\"canonical\" href=\"https:\/\/www.oidossucios.com\/site\/stone-temple-pilots-re-programa-fechas-de-su-gira-por-problemas-con-weiland\/\" \/>\n<meta property=\"og:locale\" content=\"es_ES\" \/>\n<meta property=\"og:type\" content=\"article\" \/>\n<meta property=\"og:title\" content=\"Stone Temple Pilots re-programa fechas de su gira por problemas con Weiland - OidosSucios.Com\" \/>\n<meta property=\"og:description\" content=\"Aunque en su sitio oficial informan que esto se debe a un &quot;descanso&quot; del cuarteto, diversos medios hablan de posibles problemas del vocalista Scott Weiland con el alcohol.\" \/>\n<meta property=\"og:url\" content=\"https:\/\/www.oidossucios.com\/site\/stone-temple-pilots-re-programa-fechas-de-su-gira-por-problemas-con-weiland\/\" \/>\n<meta property=\"og:site_name\" content=\"OidosSucios.Com\" \/>\n<meta property=\"article:published_time\" content=\"2010-09-27T14:53:00+00:00\" \/>\n<meta property=\"og:image\" content=\"https:\/\/www.oidossucios.com\/site\/wp-content\/uploads\/2010\/09\/2835.jpg\" \/>\n\t<meta property=\"og:image:width\" content=\"350\" \/>\n\t<meta property=\"og:image:height\" content=\"275\" \/>\n<meta name=\"twitter:card\" content=\"summary_large_image\" \/>\n<meta name=\"twitter:creator\" content=\"@oidossucios\" \/>\n<script type=\"application\/ld+json\" class=\"yoast-schema-graph\">{\"@context\":\"https:\/\/schema.org\",\"@graph\":[{\"@type\":\"WebSite\",\"@id\":\"https:\/\/www.oidossucios.com\/site\/#website\",\"url\":\"https:\/\/www.oidossucios.com\/site\/\",\"name\":\"OidosSucios.Com\",\"description\":\"M\\u00fasica, conciertos, discos\",\"potentialAction\":[{\"@type\":\"SearchAction\",\"target\":\"https:\/\/www.oidossucios.com\/site\/?s={search_term_string}\",\"query-input\":\"required name=search_term_string\"}],\"inLanguage\":\"es\"},{\"@type\":\"ImageObject\",\"@id\":\"https:\/\/www.oidossucios.com\/site\/stone-temple-pilots-re-programa-fechas-de-su-gira-por-problemas-con-weiland\/#primaryimage\",\"inLanguage\":\"es\",\"url\":\"https:\/\/www.oidossucios.com\/site\/wp-content\/uploads\/2010\/09\/2835.jpg\",\"width\":350,\"height\":275},{\"@type\":\"WebPage\",\"@id\":\"https:\/\/www.oidossucios.com\/site\/stone-temple-pilots-re-programa-fechas-de-su-gira-por-problemas-con-weiland\/#webpage\",\"url\":\"https:\/\/www.oidossucios.com\/site\/stone-temple-pilots-re-programa-fechas-de-su-gira-por-problemas-con-weiland\/\",\"name\":\"Stone Temple Pilots re-programa fechas de su gira por problemas con Weiland - OidosSucios.Com\",\"isPartOf\":{\"@id\":\"https:\/\/www.oidossucios.com\/site\/#website\"},\"primaryImageOfPage\":{\"@id\":\"https:\/\/www.oidossucios.com\/site\/stone-temple-pilots-re-programa-fechas-de-su-gira-por-problemas-con-weiland\/#primaryimage\"},\"datePublished\":\"2010-09-27T14:53:00+00:00\",\"dateModified\":\"2010-09-27T14:53:00+00:00\",\"author\":{\"@id\":\"https:\/\/www.oidossucios.com\/site\/#\/schema\/person\/24559eeb76bf83a63296fb072393a688\"},\"description\":\"Aunque en su sitio oficial informan que esto se debe a un \\\"descanso\\\" del cuarteto, diversos medios hablan de posibles problemas del vocalista Scott Weiland con el alcohol.\",\"inLanguage\":\"es\",\"potentialAction\":[{\"@type\":\"ReadAction\",\"target\":[\"https:\/\/www.oidossucios.com\/site\/stone-temple-pilots-re-programa-fechas-de-su-gira-por-problemas-con-weiland\/\"]}]},{\"@type\":[\"Person\"],\"@id\":\"https:\/\/www.oidossucios.com\/site\/#\/schema\/person\/24559eeb76bf83a63296fb072393a688\",\"name\":\"Oidossucios\",\"image\":{\"@type\":\"ImageObject\",\"@id\":\"https:\/\/www.oidossucios.com\/site\/#personlogo\",\"inLanguage\":\"es\",\"url\":\"https:\/\/secure.gravatar.com\/avatar\/74fcb480f42f1a33e50a0b6e6369a3f907be2e43dc84fa5f76c66e9c22b4a5ab?s=96&d=mm&r=g\",\"caption\":\"Oidossucios\"},\"sameAs\":[\"https:\/\/twitter.com\/oidossucios\"]}]}<\/script>\n<!-- \/ Yoast SEO plugin. -->","jetpack_sharing_enabled":true,"_links":{"self":[{"href":"https:\/\/www.oidossucios.com\/site\/wp-json\/wp\/v2\/posts\/2835","targetHints":{"allow":["GET"]}}],"collection":[{"href":"https:\/\/www.oidossucios.com\/site\/wp-json\/wp\/v2\/posts"}],"about":[{"href":"https:\/\/www.oidossucios.com\/site\/wp-json\/wp\/v2\/types\/post"}],"author":[{"embeddable":true,"href":"https:\/\/www.oidossucios.com\/site\/wp-json\/wp\/v2\/users\/4"}],"replies":[{"embeddable":true,"href":"https:\/\/www.oidossucios.com\/site\/wp-json\/wp\/v2\/comments?post=2835"}],"version-history":[{"count":0,"href":"https:\/\/www.oidossucios.com\/site\/wp-json\/wp\/v2\/posts\/2835\/revisions"}],"wp:featuredmedia":[{"embeddable":true,"href":"https:\/\/www.oidossucios.com\/site\/wp-json\/wp\/v2\/media\/100002835"}],"wp:attachment":[{"href":"https:\/\/www.oidossucios.com\/site\/wp-json\/wp\/v2\/media?parent=2835"}],"wp:term":[{"taxonomy":"category","embeddable":true,"href":"https:\/\/www.oidossucios.com\/site\/wp-json\/wp\/v2\/categories?post=2835"},{"taxonomy":"post_tag","embeddable":true,"href":"https:\/\/www.oidossucios.com\/site\/wp-json\/wp\/v2\/tags?post=2835"}],"curies":[{"name":"wp","href":"https:\/\/api.w.org\/{rel}","templated":true}]}}