{"id":2900,"date":"2010-10-27T05:41:00","date_gmt":"2010-10-27T05:41:00","guid":{"rendered":"https:\/\/www.oidossucios.com\/site\/2010\/10\/27\/explorations-de-jordan-rudess-integra-a-adolfo-herrera-y-a-jorge-rojas\/"},"modified":"2010-10-27T05:41:00","modified_gmt":"2010-10-27T05:41:00","slug":"explorations-de-jordan-rudess-integra-a-adolfo-herrera-y-a-jorge-rojas","status":"publish","type":"post","link":"https:\/\/www.oidossucios.com\/site\/explorations-de-jordan-rudess-integra-a-adolfo-herrera-y-a-jorge-rojas\/","title":{"rendered":"&#8220;Explorations&#8221; de Jordan Rudess integra a Adolfo Herrera y a Jorge Rojas"},"content":{"rendered":"\n<p>Dos conocidos m\u00fasicos del pa\u00eds se suman a las dos funciones del concierto &#8220;Explorations for Keyboards &amp; Orchestra&#8221;, que ofrecer\u00e1 Jordan Rudess, tecladista de Dream Theater junto a la Orquesta Sinf\u00f3nica Juvenil de Chacao el 19 de Noviembre. Son ellos Adolfo Herrera, en la barter\u00eda y Jorge Rojas, en la guitarra de 12 cuerdas.<\/p>\n<p><\/p>\n<p>Adolfo Herrera est\u00e1 considerado como el m\u00e1s vers\u00e1til y completo baterista del pa\u00eds. Naci\u00f3 en Caracas y su primer contacto con la m\u00fasica sucede a los siete a\u00f1os a trav\u00e9s del \u00f3rgano electr\u00f3nico y el piano. Luego, a los 15 a\u00f1os descubre la bater\u00eda y estudia bajo la tutela del maestro Andr\u00e9s Brice\u00f1o. A partir de entonces comienza a tocar con diferentes bandas juveniles de pop, rock y m\u00fasica latina. Durante cinco a\u00f1os altern\u00f3 la m\u00fasica con sus estudios universitarios. Obtiene el t\u00edtulo de Licenciado en Comunicaci\u00f3n Social en la Universidad Central de Venezuela. Mientras tanto, ha desarrollado una carrera que lo coloca como uno de los bateristas m\u00e1s reconocidos de Venezuela. En el a\u00f1o 2002 viaja Boston y estudia en Berklee College of Music. All\u00ed estudia bater\u00eda con los profesores Kenwood Denard, Yoron Israel, Cacey Scheuerell y Jackie Santos. De igual forma estudia armon\u00eda y arreglos. Al dejar &nbsp;Boston trabaj\u00f3 como m\u00fasico de planta del crucero Sovreign On The Seas durante un a\u00f1o. Vuelve a Venezuela a seguir estudiando y creciendo como baterista. Estudi\u00f3 percusi\u00f3n Afro-Venezolana con el Maestro Manuel Moreno y caj\u00f3n flamenco con el Maestro Diego &#8220;El Negro&#8221; \u00c1lvarez. Ha tenido la oportunidad de tocar con artistas tan diferentes y reconocidos como Franco De Vita, Wahala, Aquiles B\u00e1ez y su concierto para guitarra y orquesta, Gerry Weil, Victor Mu\u00f1oz, Pedro Castillo, Aldemaro Romero, Johnny Thunder (The Driffters), Husacar Barradas, Ed Simon , Mar\u00eda Fernanda M\u00e1rquez, Hugo Fuguet, Leo Blanco, C4 Tr\u00edo, Alfredo Jos\u00e9 Requena, Daniela Tugues, Anita Loynaz, Gonzalo Teppa, Cesar Mu\u00f1oz, Rigel Michelena, A.5, Voz Veis, Rafael (El Pollo) Brito, Frank Quintero, Beverly Rego, Kiara, Antonieta, Divine, Elisa Rego, Guillermo Carrasco, Alexis C\u00e1rdenas, Siudy Garrido, Alban Arthuan, Los Astrolabios, Tartara, Doppler, Jos\u00e9 Alfonso Qui\u00f1ones, Esperanza M\u00e1rquez, Ofelia del Rosal, Mena, Winda Pierral, entre otros. Como parte de Wahala ha editado 3 discos y en Octubre de este a\u00f1o lanz\u00f3 su nueva banda, Backhand, de estilo fusi\u00f3n\/progresiva,un grupo de virtuosos ejecutantes, con &nbsp;Oscar Fanega, Pablo Mendoza y Adrian Van Woerkom.<\/p>\n<p><\/p>\n<p>Como alumno del colegio Emil &nbsp;Friedman , &nbsp;Jorge Rojas estudi\u00f3 piano durante su infancia. La motivaci\u00f3n de conocer nuevos instrumentos se muestra a una muy temprana edad, &nbsp;aprendiendo r\u00e1pidamente a dominar la bater\u00eda, la guitarra y el bajo. &nbsp;En la Escuela de M\u00fasica Ars Nova, se grad\u00faa con honores como Licenciado en Composici\u00f3n. Sus arreglos y composiciones han sido interpretados en numerosas salas de concierto y festivales de renombre, como el Festival A Tempo y &nbsp;el Festival de Vientos Madera de Venezuela. Contin\u00faa sus estudios con el &nbsp;pianista y compositor argentino Carlos Roque Alsina en Paris y regresa a Venezuela para continuar su labor musical en diferentes proyectos y bandas.&nbsp;<\/p>\n<p><\/p>\n<p>Con su antiguo amigo del colegio, Philipp Scheer, &nbsp;crea la banda Sibelius, en el estilo progresivo neocl\u00e1sico, un proyecto que se ha caracterizado por el ingenio en sus presentaciones, combin\u00e1ndose sobre el escenario con orquestas sinf\u00f3nicas, ensambles de c\u00e1mara e invitados de lujo. &nbsp;El primer disco de la banda, &#8220;Rebellion&#8221;, producci\u00f3n independiente, ve la luz en &nbsp;2008, luego de una larga y cuidadosa producci\u00f3n en estudios de diferentes pa\u00edses. &nbsp;En \u00e9l, Jorge demuestra sus capacidades como multiinstrumentista y sus habilidades en el estudio. Este a\u00f1o, Sibelius fue organizador y anfitri\u00f3n de &#8220;Sibeliusfest&#8221;, un concurso que le permite darse a conocer a los mejores guitarristas el\u00e9ctricos del pa\u00eds. Ya se est\u00e1 organizando la edici\u00f3n del 2011. &nbsp;&nbsp;<\/p>\n<p><\/p>\n<p>El segundo disco en estudio de Sibelius, sali\u00f3 en Octubre de este a\u00f1o, y su lanzamiento ser\u00e1 seguido por &nbsp;presentaciones en ciudades de Venezuela, Colombia y otros pa\u00edses. La nueva producci\u00f3n incluye versiones de Vivaldi, Beethoven y Bach en el estilo particular de Sibelius y como cantante invitado est\u00e1 Alexis Pe\u00f1a Pe\u00f1a.&nbsp;<\/p>\n<div>  <\/div>\n","protected":false},"excerpt":{"rendered":"<p>Dos conocidos m\u00fasicos del pa\u00eds se suman a las dos funciones del concierto &#8220;Explorations for Keyboards &amp; Orchestra&#8221;, que ofrecer\u00e1 Jordan Rudess, tecladista de Dream Theater junto a la Orquesta Sinf\u00f3nica Juvenil de Chacao el 19 de Noviembre.<\/p>\n","protected":false},"author":4,"featured_media":100002900,"comment_status":"open","ping_status":"open","sticky":false,"template":"","format":"standard","meta":{"_jetpack_memberships_contains_paid_content":false,"footnotes":""},"categories":[250],"tags":[],"class_list":["post-2900","post","type-post","status-publish","format-standard","has-post-thumbnail","hentry","category-noticias"],"jetpack_featured_media_url":"https:\/\/www.oidossucios.com\/site\/wp-content\/uploads\/2010\/10\/2900.jpg","yoast_head":"<!-- This site is optimized with the Yoast SEO plugin v14.0.4 - https:\/\/yoast.com\/wordpress\/plugins\/seo\/ -->\n<title>&quot;Explorations&quot; de Jordan Rudess integra a Adolfo Herrera y a Jorge Rojas - OidosSucios.Com<\/title>\n<meta name=\"description\" content=\"Dos conocidos m\u00fasicos del pa\u00eds se suman a las dos funciones del concierto &quot;Explorations for Keyboards &amp; Orchestra&quot;, que ofrecer\u00e1 Jordan Rudess, tecladista de Dream Theater junto a la Orquesta Sinf\u00f3nica Juvenil de Chacao el 19 de Noviembre.\" \/>\n<meta name=\"robots\" content=\"index, follow\" \/>\n<meta name=\"googlebot\" content=\"index, follow, max-snippet:-1, max-image-preview:large, max-video-preview:-1\" \/>\n<meta name=\"bingbot\" content=\"index, follow, max-snippet:-1, max-image-preview:large, max-video-preview:-1\" \/>\n<link rel=\"canonical\" href=\"https:\/\/www.oidossucios.com\/site\/explorations-de-jordan-rudess-integra-a-adolfo-herrera-y-a-jorge-rojas\/\" \/>\n<meta property=\"og:locale\" content=\"es_ES\" \/>\n<meta property=\"og:type\" content=\"article\" \/>\n<meta property=\"og:title\" content=\"&quot;Explorations&quot; de Jordan Rudess integra a Adolfo Herrera y a Jorge Rojas - OidosSucios.Com\" \/>\n<meta property=\"og:description\" content=\"Dos conocidos m\u00fasicos del pa\u00eds se suman a las dos funciones del concierto &quot;Explorations for Keyboards &amp; Orchestra&quot;, que ofrecer\u00e1 Jordan Rudess, tecladista de Dream Theater junto a la Orquesta Sinf\u00f3nica Juvenil de Chacao el 19 de Noviembre.\" \/>\n<meta property=\"og:url\" content=\"https:\/\/www.oidossucios.com\/site\/explorations-de-jordan-rudess-integra-a-adolfo-herrera-y-a-jorge-rojas\/\" \/>\n<meta property=\"og:site_name\" content=\"OidosSucios.Com\" \/>\n<meta property=\"article:published_time\" content=\"2010-10-27T05:41:00+00:00\" \/>\n<meta property=\"og:image\" content=\"https:\/\/www.oidossucios.com\/site\/wp-content\/uploads\/2010\/10\/2900.jpg\" \/>\n\t<meta property=\"og:image:width\" content=\"350\" \/>\n\t<meta property=\"og:image:height\" content=\"275\" \/>\n<meta name=\"twitter:card\" content=\"summary_large_image\" \/>\n<meta name=\"twitter:creator\" content=\"@oidossucios\" \/>\n<script type=\"application\/ld+json\" class=\"yoast-schema-graph\">{\"@context\":\"https:\/\/schema.org\",\"@graph\":[{\"@type\":\"WebSite\",\"@id\":\"https:\/\/www.oidossucios.com\/site\/#website\",\"url\":\"https:\/\/www.oidossucios.com\/site\/\",\"name\":\"OidosSucios.Com\",\"description\":\"M\\u00fasica, conciertos, discos\",\"potentialAction\":[{\"@type\":\"SearchAction\",\"target\":\"https:\/\/www.oidossucios.com\/site\/?s={search_term_string}\",\"query-input\":\"required name=search_term_string\"}],\"inLanguage\":\"es\"},{\"@type\":\"ImageObject\",\"@id\":\"https:\/\/www.oidossucios.com\/site\/explorations-de-jordan-rudess-integra-a-adolfo-herrera-y-a-jorge-rojas\/#primaryimage\",\"inLanguage\":\"es\",\"url\":\"https:\/\/www.oidossucios.com\/site\/wp-content\/uploads\/2010\/10\/2900.jpg\",\"width\":350,\"height\":275},{\"@type\":\"WebPage\",\"@id\":\"https:\/\/www.oidossucios.com\/site\/explorations-de-jordan-rudess-integra-a-adolfo-herrera-y-a-jorge-rojas\/#webpage\",\"url\":\"https:\/\/www.oidossucios.com\/site\/explorations-de-jordan-rudess-integra-a-adolfo-herrera-y-a-jorge-rojas\/\",\"name\":\"\\\"Explorations\\\" de Jordan Rudess integra a Adolfo Herrera y a Jorge Rojas - OidosSucios.Com\",\"isPartOf\":{\"@id\":\"https:\/\/www.oidossucios.com\/site\/#website\"},\"primaryImageOfPage\":{\"@id\":\"https:\/\/www.oidossucios.com\/site\/explorations-de-jordan-rudess-integra-a-adolfo-herrera-y-a-jorge-rojas\/#primaryimage\"},\"datePublished\":\"2010-10-27T05:41:00+00:00\",\"dateModified\":\"2010-10-27T05:41:00+00:00\",\"author\":{\"@id\":\"https:\/\/www.oidossucios.com\/site\/#\/schema\/person\/24559eeb76bf83a63296fb072393a688\"},\"description\":\"Dos conocidos m\\u00fasicos del pa\\u00eds se suman a las dos funciones del concierto \\\"Explorations for Keyboards &amp; Orchestra\\\", que ofrecer\\u00e1 Jordan Rudess, tecladista de Dream Theater junto a la Orquesta Sinf\\u00f3nica Juvenil de Chacao el 19 de Noviembre.\",\"inLanguage\":\"es\",\"potentialAction\":[{\"@type\":\"ReadAction\",\"target\":[\"https:\/\/www.oidossucios.com\/site\/explorations-de-jordan-rudess-integra-a-adolfo-herrera-y-a-jorge-rojas\/\"]}]},{\"@type\":[\"Person\"],\"@id\":\"https:\/\/www.oidossucios.com\/site\/#\/schema\/person\/24559eeb76bf83a63296fb072393a688\",\"name\":\"Oidossucios\",\"image\":{\"@type\":\"ImageObject\",\"@id\":\"https:\/\/www.oidossucios.com\/site\/#personlogo\",\"inLanguage\":\"es\",\"url\":\"https:\/\/secure.gravatar.com\/avatar\/74fcb480f42f1a33e50a0b6e6369a3f907be2e43dc84fa5f76c66e9c22b4a5ab?s=96&d=mm&r=g\",\"caption\":\"Oidossucios\"},\"sameAs\":[\"https:\/\/twitter.com\/oidossucios\"]}]}<\/script>\n<!-- \/ Yoast SEO plugin. -->","jetpack_sharing_enabled":true,"_links":{"self":[{"href":"https:\/\/www.oidossucios.com\/site\/wp-json\/wp\/v2\/posts\/2900","targetHints":{"allow":["GET"]}}],"collection":[{"href":"https:\/\/www.oidossucios.com\/site\/wp-json\/wp\/v2\/posts"}],"about":[{"href":"https:\/\/www.oidossucios.com\/site\/wp-json\/wp\/v2\/types\/post"}],"author":[{"embeddable":true,"href":"https:\/\/www.oidossucios.com\/site\/wp-json\/wp\/v2\/users\/4"}],"replies":[{"embeddable":true,"href":"https:\/\/www.oidossucios.com\/site\/wp-json\/wp\/v2\/comments?post=2900"}],"version-history":[{"count":0,"href":"https:\/\/www.oidossucios.com\/site\/wp-json\/wp\/v2\/posts\/2900\/revisions"}],"wp:featuredmedia":[{"embeddable":true,"href":"https:\/\/www.oidossucios.com\/site\/wp-json\/wp\/v2\/media\/100002900"}],"wp:attachment":[{"href":"https:\/\/www.oidossucios.com\/site\/wp-json\/wp\/v2\/media?parent=2900"}],"wp:term":[{"taxonomy":"category","embeddable":true,"href":"https:\/\/www.oidossucios.com\/site\/wp-json\/wp\/v2\/categories?post=2900"},{"taxonomy":"post_tag","embeddable":true,"href":"https:\/\/www.oidossucios.com\/site\/wp-json\/wp\/v2\/tags?post=2900"}],"curies":[{"name":"wp","href":"https:\/\/api.w.org\/{rel}","templated":true}]}}