{"id":2932,"date":"2010-11-16T13:44:00","date_gmt":"2010-11-16T13:44:00","guid":{"rendered":"https:\/\/www.oidossucios.com\/site\/2010\/11\/16\/mojo-pojo-abrira-concierto-de-yes\/"},"modified":"2010-11-16T13:44:00","modified_gmt":"2010-11-16T13:44:00","slug":"mojo-pojo-abrira-concierto-de-yes","status":"publish","type":"post","link":"https:\/\/www.oidossucios.com\/site\/mojo-pojo-abrira-concierto-de-yes\/","title":{"rendered":"Mojo Pojo abrir\u00e1 concierto de YES"},"content":{"rendered":"\n<p>La agrupaci\u00f3n caraque\u00f1a Mojo Pojo ser\u00e1 la banda telonera de la agrupaci\u00f3n inglesa Yes, leyendas del rock sinf\u00f3nico. Este evento ser\u00e1 realizado el d\u00eda mi\u00e9rcoles 17 de Noviembre en el Anfiteatro del Sambil por la empresa OnlyTicket.<\/p>\n<p><\/p>\n<p>&#8220;Es un sue\u00f1o hecho realidad tocar junto a Yes&#8221; comenta el baterista de Mojo Pojo: &#8220;Luis Daniel (tecladista) y yo fuimos al concierto que hicieron aqu\u00ed en Caracas en el a\u00f1o 98, estamos casi seguros que \u00e9ramos los m\u00e1s j\u00f3venes en todo el lugar. Parece un sue\u00f1o que 12 a\u00f1os m\u00e1s tarde compartiremos tarima con ellos&#8221;. &nbsp;<\/p>\n<p><\/p>\n<p>Formados en el a\u00f1o 2005, el estilo musical de Mojo Pojo ha sido auto catalogado por la banda como &#8220;Venezuelan Frit Experimental Prog Rock Avant Garde Kraut Post Punk from Hell&#8221; y su primer \u00e1lbum hom\u00f3nimo fue lanzado a la calle a finales del 2009, el cual ha obtenido excelentes cr\u00edticas y logrado ventas a nivel mundial en lugares como Jap\u00f3n, Alemania y Estados Unidos. &nbsp;Dicho \u00e1lbum cuenta con la participaci\u00f3n de reconocidas figuras del rock nacional e internacional como lo son Hugh Syme (Rush, Iron Maiden, Megadeth, etc) en el arte y empaque, Germ\u00e1n Landaeta (Tempano, Mochuelo, etc.) en la mezcla y mastering, James Murphy (ex-Death, Obituary, Testament, etc) aportando un solo de guitarra en el tema &#8220;Stained&#8221; y Julio Andrade (Franco DeVita, etc) con un solo de saxo en el tema &#8220;Regreso&#8221;.<\/p>\n<p><\/p>\n<p>Actualmente se encuentran en la preproducci\u00f3n de su segundo disco, el cual se espera ser\u00e1 lanzado el a\u00f1o que viene.<\/p>\n<div> <\/div>\n","protected":false},"excerpt":{"rendered":"<p>Este evento ser\u00e1 realizado el d\u00eda mi\u00e9rcoles 17 de Noviembre en el Anfiteatro del Sambil por la empresa OnlyTicket.<\/p>\n","protected":false},"author":4,"featured_media":100002930,"comment_status":"open","ping_status":"open","sticky":false,"template":"","format":"standard","meta":{"_jetpack_memberships_contains_paid_content":false,"footnotes":""},"categories":[250],"tags":[],"class_list":["post-2932","post","type-post","status-publish","format-standard","has-post-thumbnail","hentry","category-noticias"],"jetpack_featured_media_url":"https:\/\/www.oidossucios.com\/site\/wp-content\/uploads\/2010\/11\/2930.jpg","yoast_head":"<!-- This site is optimized with the Yoast SEO plugin v14.0.4 - https:\/\/yoast.com\/wordpress\/plugins\/seo\/ -->\n<title>Mojo Pojo abrir\u00e1 concierto de YES - OidosSucios.Com<\/title>\n<meta name=\"description\" content=\"Gaelica presenta su esperado concierto de navidad en doble funci\u00f3n el domingo 05 de diciembre en el teatro del Centro Cultural Corp Banca a las 6:00 PM y 9:00 PM.\" \/>\n<meta name=\"robots\" content=\"index, follow\" \/>\n<meta name=\"googlebot\" content=\"index, follow, max-snippet:-1, max-image-preview:large, max-video-preview:-1\" \/>\n<meta name=\"bingbot\" content=\"index, follow, max-snippet:-1, max-image-preview:large, max-video-preview:-1\" \/>\n<link rel=\"canonical\" href=\"https:\/\/www.oidossucios.com\/site\/mojo-pojo-abrira-concierto-de-yes\/\" \/>\n<meta property=\"og:locale\" content=\"es_ES\" \/>\n<meta property=\"og:type\" content=\"article\" \/>\n<meta property=\"og:title\" content=\"Mojo Pojo abrir\u00e1 concierto de YES - OidosSucios.Com\" \/>\n<meta property=\"og:description\" content=\"Gaelica presenta su esperado concierto de navidad en doble funci\u00f3n el domingo 05 de diciembre en el teatro del Centro Cultural Corp Banca a las 6:00 PM y 9:00 PM.\" \/>\n<meta property=\"og:url\" content=\"https:\/\/www.oidossucios.com\/site\/mojo-pojo-abrira-concierto-de-yes\/\" \/>\n<meta property=\"og:site_name\" content=\"OidosSucios.Com\" \/>\n<meta property=\"article:published_time\" content=\"2010-11-16T13:44:00+00:00\" \/>\n<meta property=\"og:image\" content=\"https:\/\/www.oidossucios.com\/site\/wp-content\/uploads\/2010\/11\/2930.jpg\" \/>\n\t<meta property=\"og:image:width\" content=\"350\" \/>\n\t<meta property=\"og:image:height\" content=\"275\" \/>\n<meta name=\"twitter:card\" content=\"summary_large_image\" \/>\n<meta name=\"twitter:creator\" content=\"@oidossucios\" \/>\n<script type=\"application\/ld+json\" class=\"yoast-schema-graph\">{\"@context\":\"https:\/\/schema.org\",\"@graph\":[{\"@type\":\"WebSite\",\"@id\":\"https:\/\/www.oidossucios.com\/site\/#website\",\"url\":\"https:\/\/www.oidossucios.com\/site\/\",\"name\":\"OidosSucios.Com\",\"description\":\"M\\u00fasica, conciertos, discos\",\"potentialAction\":[{\"@type\":\"SearchAction\",\"target\":\"https:\/\/www.oidossucios.com\/site\/?s={search_term_string}\",\"query-input\":\"required name=search_term_string\"}],\"inLanguage\":\"es\"},{\"@type\":\"ImageObject\",\"@id\":\"https:\/\/www.oidossucios.com\/site\/mojo-pojo-abrira-concierto-de-yes\/#primaryimage\",\"inLanguage\":\"es\",\"url\":\"https:\/\/www.oidossucios.com\/site\/wp-content\/uploads\/2010\/11\/2930.jpg\",\"width\":350,\"height\":275},{\"@type\":\"WebPage\",\"@id\":\"https:\/\/www.oidossucios.com\/site\/mojo-pojo-abrira-concierto-de-yes\/#webpage\",\"url\":\"https:\/\/www.oidossucios.com\/site\/mojo-pojo-abrira-concierto-de-yes\/\",\"name\":\"Mojo Pojo abrir\\u00e1 concierto de YES - OidosSucios.Com\",\"isPartOf\":{\"@id\":\"https:\/\/www.oidossucios.com\/site\/#website\"},\"primaryImageOfPage\":{\"@id\":\"https:\/\/www.oidossucios.com\/site\/mojo-pojo-abrira-concierto-de-yes\/#primaryimage\"},\"datePublished\":\"2010-11-16T13:44:00+00:00\",\"dateModified\":\"2010-11-16T13:44:00+00:00\",\"author\":{\"@id\":\"https:\/\/www.oidossucios.com\/site\/#\/schema\/person\/24559eeb76bf83a63296fb072393a688\"},\"description\":\"Gaelica presenta su esperado concierto de navidad en doble funci\\u00f3n el domingo 05 de diciembre en el teatro del Centro Cultural Corp Banca a las 6:00 PM y 9:00 PM.\",\"inLanguage\":\"es\",\"potentialAction\":[{\"@type\":\"ReadAction\",\"target\":[\"https:\/\/www.oidossucios.com\/site\/mojo-pojo-abrira-concierto-de-yes\/\"]}]},{\"@type\":[\"Person\"],\"@id\":\"https:\/\/www.oidossucios.com\/site\/#\/schema\/person\/24559eeb76bf83a63296fb072393a688\",\"name\":\"Oidossucios\",\"image\":{\"@type\":\"ImageObject\",\"@id\":\"https:\/\/www.oidossucios.com\/site\/#personlogo\",\"inLanguage\":\"es\",\"url\":\"https:\/\/secure.gravatar.com\/avatar\/74fcb480f42f1a33e50a0b6e6369a3f907be2e43dc84fa5f76c66e9c22b4a5ab?s=96&d=mm&r=g\",\"caption\":\"Oidossucios\"},\"sameAs\":[\"https:\/\/twitter.com\/oidossucios\"]}]}<\/script>\n<!-- \/ Yoast SEO plugin. -->","jetpack_sharing_enabled":true,"_links":{"self":[{"href":"https:\/\/www.oidossucios.com\/site\/wp-json\/wp\/v2\/posts\/2932","targetHints":{"allow":["GET"]}}],"collection":[{"href":"https:\/\/www.oidossucios.com\/site\/wp-json\/wp\/v2\/posts"}],"about":[{"href":"https:\/\/www.oidossucios.com\/site\/wp-json\/wp\/v2\/types\/post"}],"author":[{"embeddable":true,"href":"https:\/\/www.oidossucios.com\/site\/wp-json\/wp\/v2\/users\/4"}],"replies":[{"embeddable":true,"href":"https:\/\/www.oidossucios.com\/site\/wp-json\/wp\/v2\/comments?post=2932"}],"version-history":[{"count":0,"href":"https:\/\/www.oidossucios.com\/site\/wp-json\/wp\/v2\/posts\/2932\/revisions"}],"wp:featuredmedia":[{"embeddable":true,"href":"https:\/\/www.oidossucios.com\/site\/wp-json\/wp\/v2\/media\/100002930"}],"wp:attachment":[{"href":"https:\/\/www.oidossucios.com\/site\/wp-json\/wp\/v2\/media?parent=2932"}],"wp:term":[{"taxonomy":"category","embeddable":true,"href":"https:\/\/www.oidossucios.com\/site\/wp-json\/wp\/v2\/categories?post=2932"},{"taxonomy":"post_tag","embeddable":true,"href":"https:\/\/www.oidossucios.com\/site\/wp-json\/wp\/v2\/tags?post=2932"}],"curies":[{"name":"wp","href":"https:\/\/api.w.org\/{rel}","templated":true}]}}