{"id":2948,"date":"2010-11-24T19:11:00","date_gmt":"2010-11-24T19:11:00","guid":{"rendered":"https:\/\/www.oidossucios.com\/site\/2010\/11\/24\/nana-cadavieco-nominada-a-premio-en-colombia\/"},"modified":"2010-11-24T19:11:00","modified_gmt":"2010-11-24T19:11:00","slug":"nana-cadavieco-nominada-a-premio-en-colombia","status":"publish","type":"post","link":"https:\/\/www.oidossucios.com\/site\/nana-cadavieco-nominada-a-premio-en-colombia\/","title":{"rendered":"Nana Cadavieco nominada a premio en Colombia"},"content":{"rendered":"\n<p>La Semifusa seleccion\u00f3 a los nominados entre los numerosos artistas latinoamericanos que han sido entrevistados por la revista online desde sus inicios hasta ahora, utilizando criterios como el n\u00famero de visitas al perfil del artista, el n\u00famero de visitas a la entrevista y el n\u00famero de comentarios.<\/p>\n<p><\/p>\n<p>Compiten con Nana por el Premio Semifusa 2010 de M\u00fasica: Porcelana (M\u00e9xico), Lu Sapena (Paraguay), E.G.O. (Per\u00fa), Camila Moreno (Chile), Le Baron (M\u00e9xico), Javiera Mena (Chile), Alexa Ferrari (Honduras), Le Pop (Costa Rica) y F-16 (Ecuador).<\/p>\n<p><\/p>\n<p>Ser\u00e1 el p\u00fablico el que elegir\u00e1, por medio del voto, al ganador. Las votaciones se har\u00e1n a partir del 1 de diciembre a las 8:00 (Bogot\u00e1) y culminar\u00e1n el 30 de diciembre a las 18:00 (Bogot\u00e1); a trav\u00e9s del siguiente enlace: http:\/\/www.lasemifusa.com\/premios\/musica<\/p>\n<p><\/p>\n<p>Los resultados finales ser\u00e1n divulgados el 19 de enero.<\/p>\n<p><\/p>\n<p>http:\/\/www.lasemifusa.com\/nana-cadavieco-compositora-y-cantante-venezolana\/<\/p>\n<p>http:\/\/www.lasemifusa.com\/premios\/musica<\/p>\n","protected":false},"excerpt":{"rendered":"<p>Compiten con Nana por el Premio Semifusa 2010 de M\u00fasica: Porcelana (M\u00e9xico), Lu Sapena (Paraguay), E.G.O. (Per\u00fa), Camila Moreno (Chile), Le Baron (M\u00e9xico), Javiera Mena (Chile), Alexa Ferrari (Honduras), Le Pop (Costa Rica) y F-16 (Ecuador). <\/p>\n","protected":false},"author":4,"featured_media":100002947,"comment_status":"open","ping_status":"open","sticky":false,"template":"","format":"standard","meta":{"_jetpack_memberships_contains_paid_content":false,"footnotes":""},"categories":[250],"tags":[],"class_list":["post-2948","post","type-post","status-publish","format-standard","has-post-thumbnail","hentry","category-noticias"],"jetpack_featured_media_url":"https:\/\/www.oidossucios.com\/site\/wp-content\/uploads\/2010\/11\/2947.jpg","yoast_head":"<!-- This site is optimized with the Yoast SEO plugin v14.0.4 - https:\/\/yoast.com\/wordpress\/plugins\/seo\/ -->\n<title>Nana Cadavieco nominada a premio en Colombia - OidosSucios.Com<\/title>\n<meta name=\"description\" content=\"La presentaci\u00f3n de este single coincide con el lanzamiento de su p\u00e1gina web, de donde podr\u00e1 ser descargado de manera gratuita, a partir del pr\u00f3ximo 27 de Noviembre, www.sincronicarock.com.ve\" \/>\n<meta name=\"robots\" content=\"index, follow\" \/>\n<meta name=\"googlebot\" content=\"index, follow, max-snippet:-1, max-image-preview:large, max-video-preview:-1\" \/>\n<meta name=\"bingbot\" content=\"index, follow, max-snippet:-1, max-image-preview:large, max-video-preview:-1\" \/>\n<link rel=\"canonical\" href=\"https:\/\/www.oidossucios.com\/site\/nana-cadavieco-nominada-a-premio-en-colombia\/\" \/>\n<meta property=\"og:locale\" content=\"es_ES\" \/>\n<meta property=\"og:type\" content=\"article\" \/>\n<meta property=\"og:title\" content=\"Nana Cadavieco nominada a premio en Colombia - OidosSucios.Com\" \/>\n<meta property=\"og:description\" content=\"La presentaci\u00f3n de este single coincide con el lanzamiento de su p\u00e1gina web, de donde podr\u00e1 ser descargado de manera gratuita, a partir del pr\u00f3ximo 27 de Noviembre, www.sincronicarock.com.ve\" \/>\n<meta property=\"og:url\" content=\"https:\/\/www.oidossucios.com\/site\/nana-cadavieco-nominada-a-premio-en-colombia\/\" \/>\n<meta property=\"og:site_name\" content=\"OidosSucios.Com\" \/>\n<meta property=\"article:published_time\" content=\"2010-11-24T19:11:00+00:00\" \/>\n<meta property=\"og:image\" content=\"https:\/\/www.oidossucios.com\/site\/wp-content\/uploads\/2010\/11\/2947.jpg\" \/>\n\t<meta property=\"og:image:width\" content=\"350\" \/>\n\t<meta property=\"og:image:height\" content=\"275\" \/>\n<meta name=\"twitter:card\" content=\"summary_large_image\" \/>\n<meta name=\"twitter:creator\" content=\"@oidossucios\" \/>\n<script type=\"application\/ld+json\" class=\"yoast-schema-graph\">{\"@context\":\"https:\/\/schema.org\",\"@graph\":[{\"@type\":\"WebSite\",\"@id\":\"https:\/\/www.oidossucios.com\/site\/#website\",\"url\":\"https:\/\/www.oidossucios.com\/site\/\",\"name\":\"OidosSucios.Com\",\"description\":\"M\\u00fasica, conciertos, discos\",\"potentialAction\":[{\"@type\":\"SearchAction\",\"target\":\"https:\/\/www.oidossucios.com\/site\/?s={search_term_string}\",\"query-input\":\"required name=search_term_string\"}],\"inLanguage\":\"es\"},{\"@type\":\"ImageObject\",\"@id\":\"https:\/\/www.oidossucios.com\/site\/nana-cadavieco-nominada-a-premio-en-colombia\/#primaryimage\",\"inLanguage\":\"es\",\"url\":\"https:\/\/www.oidossucios.com\/site\/wp-content\/uploads\/2010\/11\/2947.jpg\",\"width\":350,\"height\":275},{\"@type\":\"WebPage\",\"@id\":\"https:\/\/www.oidossucios.com\/site\/nana-cadavieco-nominada-a-premio-en-colombia\/#webpage\",\"url\":\"https:\/\/www.oidossucios.com\/site\/nana-cadavieco-nominada-a-premio-en-colombia\/\",\"name\":\"Nana Cadavieco nominada a premio en Colombia - OidosSucios.Com\",\"isPartOf\":{\"@id\":\"https:\/\/www.oidossucios.com\/site\/#website\"},\"primaryImageOfPage\":{\"@id\":\"https:\/\/www.oidossucios.com\/site\/nana-cadavieco-nominada-a-premio-en-colombia\/#primaryimage\"},\"datePublished\":\"2010-11-24T19:11:00+00:00\",\"dateModified\":\"2010-11-24T19:11:00+00:00\",\"author\":{\"@id\":\"https:\/\/www.oidossucios.com\/site\/#\/schema\/person\/24559eeb76bf83a63296fb072393a688\"},\"description\":\"La presentaci\\u00f3n de este single coincide con el lanzamiento de su p\\u00e1gina web, de donde podr\\u00e1 ser descargado de manera gratuita, a partir del pr\\u00f3ximo 27 de Noviembre, www.sincronicarock.com.ve\",\"inLanguage\":\"es\",\"potentialAction\":[{\"@type\":\"ReadAction\",\"target\":[\"https:\/\/www.oidossucios.com\/site\/nana-cadavieco-nominada-a-premio-en-colombia\/\"]}]},{\"@type\":[\"Person\"],\"@id\":\"https:\/\/www.oidossucios.com\/site\/#\/schema\/person\/24559eeb76bf83a63296fb072393a688\",\"name\":\"Oidossucios\",\"image\":{\"@type\":\"ImageObject\",\"@id\":\"https:\/\/www.oidossucios.com\/site\/#personlogo\",\"inLanguage\":\"es\",\"url\":\"https:\/\/secure.gravatar.com\/avatar\/74fcb480f42f1a33e50a0b6e6369a3f907be2e43dc84fa5f76c66e9c22b4a5ab?s=96&d=mm&r=g\",\"caption\":\"Oidossucios\"},\"sameAs\":[\"https:\/\/twitter.com\/oidossucios\"]}]}<\/script>\n<!-- \/ Yoast SEO plugin. -->","jetpack_sharing_enabled":true,"_links":{"self":[{"href":"https:\/\/www.oidossucios.com\/site\/wp-json\/wp\/v2\/posts\/2948","targetHints":{"allow":["GET"]}}],"collection":[{"href":"https:\/\/www.oidossucios.com\/site\/wp-json\/wp\/v2\/posts"}],"about":[{"href":"https:\/\/www.oidossucios.com\/site\/wp-json\/wp\/v2\/types\/post"}],"author":[{"embeddable":true,"href":"https:\/\/www.oidossucios.com\/site\/wp-json\/wp\/v2\/users\/4"}],"replies":[{"embeddable":true,"href":"https:\/\/www.oidossucios.com\/site\/wp-json\/wp\/v2\/comments?post=2948"}],"version-history":[{"count":0,"href":"https:\/\/www.oidossucios.com\/site\/wp-json\/wp\/v2\/posts\/2948\/revisions"}],"wp:featuredmedia":[{"embeddable":true,"href":"https:\/\/www.oidossucios.com\/site\/wp-json\/wp\/v2\/media\/100002947"}],"wp:attachment":[{"href":"https:\/\/www.oidossucios.com\/site\/wp-json\/wp\/v2\/media?parent=2948"}],"wp:term":[{"taxonomy":"category","embeddable":true,"href":"https:\/\/www.oidossucios.com\/site\/wp-json\/wp\/v2\/categories?post=2948"},{"taxonomy":"post_tag","embeddable":true,"href":"https:\/\/www.oidossucios.com\/site\/wp-json\/wp\/v2\/tags?post=2948"}],"curies":[{"name":"wp","href":"https:\/\/api.w.org\/{rel}","templated":true}]}}