{"id":2991,"date":"2010-12-27T18:38:00","date_gmt":"2010-12-27T18:38:00","guid":{"rendered":"https:\/\/www.oidossucios.com\/site\/2010\/12\/27\/ex-integrantes-de-nirvana-tocaron-juntos-en-un-show-sorpresa-de-foo-fighters\/"},"modified":"2010-12-27T18:38:00","modified_gmt":"2010-12-27T18:38:00","slug":"ex-integrantes-de-nirvana-tocaron-juntos-en-un-show-sorpresa-de-foo-fighters","status":"publish","type":"post","link":"https:\/\/www.oidossucios.com\/site\/ex-integrantes-de-nirvana-tocaron-juntos-en-un-show-sorpresa-de-foo-fighters\/","title":{"rendered":"Ex integrantes de Nirvana tocaron juntos en un show sorpresa de Foo Fighters"},"content":{"rendered":"<p><span style=\"font-family: Arial, sans-serif; font-size: 15px; \" class=\"Apple-style-span\">    <\/p>\n<p style=\"font-family: Arial, sans-serif; margin-top: 0px; margin-right: 0px; margin-bottom: 0px; margin-left: 0px; padding-top: 0px; padding-right: 0px; padding-bottom: 0px; padding-left: 0px; \">El baterista&nbsp;<strong style=\"font-family: Arial, sans-serif; margin-top: 0px; margin-right: 0px; margin-bottom: 0px; margin-left: 0px; \">Dave Grohl<\/strong>, el bajista&nbsp;<strong style=\"font-family: Arial, sans-serif; margin-top: 0px; margin-right: 0px; margin-bottom: 0px; margin-left: 0px; \">Krist Novoselic<\/strong>&nbsp;y el guitarrista&nbsp;<strong style=\"font-family: Arial, sans-serif; margin-top: 0px; margin-right: 0px; margin-bottom: 0px; margin-left: 0px; \">Pat Smear<\/strong>&nbsp;tocaron juntos por primera vez desde el suicidio de&nbsp;<strong style=\"font-family: Arial, sans-serif; margin-top: 0px; margin-right: 0px; margin-bottom: 0px; margin-left: 0px; \">Kurt Cobain<\/strong>&nbsp;en 1994 en el club&nbsp;<strong style=\"font-family: Arial, sans-serif; margin-top: 0px; margin-right: 0px; margin-bottom: 0px; margin-left: 0px; \">Paladino<\/strong>, en Tarzana, California, el pasado martes 21 de diciembre.<\/p>\n<p style=\"font-family: Arial, sans-serif; margin-top: 0px; margin-right: 0px; margin-bottom: 0px; margin-left: 0px; padding-top: 0px; padding-right: 0px; padding-bottom: 0px; padding-left: 0px; \">&nbsp;<\/p>\n<p style=\"font-family: Arial, sans-serif; margin-top: 0px; margin-right: 0px; margin-bottom: 0px; margin-left: 0px; padding-top: 0px; padding-right: 0px; padding-bottom: 0px; padding-left: 0px; \">El tr\u00edo interpret\u00f3 &#8220;Marigold&#8221;, el lado B del simple &#8220;Heart-Shaped Box&#8221; de&nbsp;<strong style=\"font-family: Arial, sans-serif; margin-top: 0px; margin-right: 0px; margin-bottom: 0px; margin-left: 0px; \">Nirvana<\/strong>, con Grohl tanto en voces como en bater\u00eda y frente a una selecta audiencia entre la que se encontraba la actriz y cantante&nbsp;<strong style=\"font-family: Arial, sans-serif; margin-top: 0px; margin-right: 0px; margin-bottom: 0px; margin-left: 0px; \">Juliette Lewis<\/strong>&nbsp;y&nbsp;<strong style=\"font-family: Arial, sans-serif; margin-top: 0px; margin-right: 0px; margin-bottom: 0px; margin-left: 0px; \">Tony Kanal<\/strong>, bajista de&nbsp;<strong style=\"font-family: Arial, sans-serif; margin-top: 0px; margin-right: 0px; margin-bottom: 0px; margin-left: 0px; \">No Doubt.<\/strong><\/p>\n<p style=\"font-family: Arial, sans-serif; margin-top: 0px; margin-right: 0px; margin-bottom: 0px; margin-left: 0px; padding-top: 0px; padding-right: 0px; padding-bottom: 0px; padding-left: 0px; \">&nbsp;<\/p>\n<p style=\"font-family: Arial, sans-serif; margin-top: 0px; margin-right: 0px; margin-bottom: 0px; margin-left: 0px; padding-top: 0px; padding-right: 0px; padding-bottom: 0px; padding-left: 0px; \">El concierto incluso mostr\u00f3 a&nbsp;<strong style=\"font-family: Arial, sans-serif; margin-top: 0px; margin-right: 0px; margin-bottom: 0px; margin-left: 0px; \">Foo Fighters<\/strong>&nbsp;estrenando cuatro temas nuevos (&#8220;Back + Forth&#8221;, &#8220;White Limo&#8221;, &#8220;Dear Rosemary&#8221; y &#8220;These Days&#8221;) que estar\u00e1n incluidos en el inminente s\u00e9ptimo \u00e1lbum de estudio de la agrupaci\u00f3n.&nbsp;&nbsp;<\/p>\n<p style=\"font-family: Arial, sans-serif; margin-top: 0px; margin-right: 0px; margin-bottom: 0px; margin-left: 0px; padding-top: 0px; padding-right: 0px; padding-bottom: 0px; padding-left: 0px; \">&nbsp;<\/p>\n<p style=\"font-family: Arial, sans-serif; margin-top: 0px; margin-right: 0px; margin-bottom: 0px; margin-left: 0px; padding-top: 0px; padding-right: 0px; padding-bottom: 0px; padding-left: 0px; \">La excusa del show fue celebrar la culminaci\u00f3n de la grabaci\u00f3n de dicho disco, a\u00fan sin t\u00edtulo, en el que&nbsp;<strong style=\"font-family: Arial, sans-serif; margin-top: 0px; margin-right: 0px; margin-bottom: 0px; margin-left: 0px; \">Novoselic&nbsp;<\/strong>particip\u00f3 en calidad de invitado ejecutando el acorde\u00f3n y el bajo en el track &#8220;I should have known&#8221;. Como dato informativo, vale agregar que&nbsp;<strong style=\"font-family: Arial, sans-serif; margin-top: 0px; margin-right: 0px; margin-bottom: 0px; margin-left: 0px; \">Butch Vig (Garbage)<\/strong>&nbsp;se encarg\u00f3 de la producci\u00f3n art\u00edstica, id\u00e9ntica labor realizada en&nbsp;<em style=\"font-family: Arial, sans-serif; margin-top: 0px; margin-right: 0px; margin-bottom: 0px; margin-left: 0px; \">Nevermind<\/em>, el estupendo \u00e1lbum que catapult\u00f3 a la fama mundial a<strong style=\"font-family: Arial, sans-serif; margin-top: 0px; margin-right: 0px; margin-bottom: 0px; margin-left: 0px; \">&nbsp;Nirvana<\/strong>en 1991.<\/p>\n<p><\/span><\/p>\n","protected":false},"excerpt":{"rendered":"<p>El baterista Dave Grohl, el bajista Krist Novoselic y el guitarrista Pat Smear tocaron juntos por primera vez desde el suicidio de Kurt Cobain en 1994 en el club Paladino, en Tarzana, California, el pasado martes 21 de diciembre.<\/p>\n","protected":false},"author":4,"featured_media":100002988,"comment_status":"open","ping_status":"open","sticky":false,"template":"","format":"standard","meta":{"_jetpack_memberships_contains_paid_content":false,"footnotes":""},"categories":[250],"tags":[],"class_list":["post-2991","post","type-post","status-publish","format-standard","has-post-thumbnail","hentry","category-noticias"],"jetpack_featured_media_url":"https:\/\/www.oidossucios.com\/site\/wp-content\/uploads\/2010\/12\/2988.jpg","yoast_head":"<!-- This site is optimized with the Yoast SEO plugin v14.0.4 - https:\/\/yoast.com\/wordpress\/plugins\/seo\/ -->\n<title>Ex integrantes de Nirvana tocaron juntos en un show sorpresa de Foo Fighters - OidosSucios.Com<\/title>\n<meta name=\"description\" content=\"La banda estadounidense celebra su aniversario con una recopilaci\u00f3n en vivo de sus actuaciones entre 2003 y 2010.\" \/>\n<meta name=\"robots\" content=\"index, follow\" \/>\n<meta name=\"googlebot\" content=\"index, follow, max-snippet:-1, max-image-preview:large, max-video-preview:-1\" \/>\n<meta name=\"bingbot\" content=\"index, follow, max-snippet:-1, max-image-preview:large, max-video-preview:-1\" \/>\n<link rel=\"canonical\" href=\"https:\/\/www.oidossucios.com\/site\/ex-integrantes-de-nirvana-tocaron-juntos-en-un-show-sorpresa-de-foo-fighters\/\" \/>\n<meta property=\"og:locale\" content=\"es_ES\" \/>\n<meta property=\"og:type\" content=\"article\" \/>\n<meta property=\"og:title\" content=\"Ex integrantes de Nirvana tocaron juntos en un show sorpresa de Foo Fighters - OidosSucios.Com\" \/>\n<meta property=\"og:description\" content=\"La banda estadounidense celebra su aniversario con una recopilaci\u00f3n en vivo de sus actuaciones entre 2003 y 2010.\" \/>\n<meta property=\"og:url\" content=\"https:\/\/www.oidossucios.com\/site\/ex-integrantes-de-nirvana-tocaron-juntos-en-un-show-sorpresa-de-foo-fighters\/\" \/>\n<meta property=\"og:site_name\" content=\"OidosSucios.Com\" \/>\n<meta property=\"article:published_time\" content=\"2010-12-27T18:38:00+00:00\" \/>\n<meta property=\"og:image\" content=\"https:\/\/www.oidossucios.com\/site\/wp-content\/uploads\/2010\/12\/2988.jpg\" \/>\n\t<meta property=\"og:image:width\" content=\"350\" \/>\n\t<meta property=\"og:image:height\" content=\"275\" \/>\n<meta name=\"twitter:card\" content=\"summary_large_image\" \/>\n<meta name=\"twitter:creator\" content=\"@oidossucios\" \/>\n<script type=\"application\/ld+json\" class=\"yoast-schema-graph\">{\"@context\":\"https:\/\/schema.org\",\"@graph\":[{\"@type\":\"WebSite\",\"@id\":\"https:\/\/www.oidossucios.com\/site\/#website\",\"url\":\"https:\/\/www.oidossucios.com\/site\/\",\"name\":\"OidosSucios.Com\",\"description\":\"M\\u00fasica, conciertos, discos\",\"potentialAction\":[{\"@type\":\"SearchAction\",\"target\":\"https:\/\/www.oidossucios.com\/site\/?s={search_term_string}\",\"query-input\":\"required name=search_term_string\"}],\"inLanguage\":\"es\"},{\"@type\":\"ImageObject\",\"@id\":\"https:\/\/www.oidossucios.com\/site\/ex-integrantes-de-nirvana-tocaron-juntos-en-un-show-sorpresa-de-foo-fighters\/#primaryimage\",\"inLanguage\":\"es\",\"url\":\"https:\/\/www.oidossucios.com\/site\/wp-content\/uploads\/2010\/12\/2988.jpg\",\"width\":350,\"height\":275},{\"@type\":\"WebPage\",\"@id\":\"https:\/\/www.oidossucios.com\/site\/ex-integrantes-de-nirvana-tocaron-juntos-en-un-show-sorpresa-de-foo-fighters\/#webpage\",\"url\":\"https:\/\/www.oidossucios.com\/site\/ex-integrantes-de-nirvana-tocaron-juntos-en-un-show-sorpresa-de-foo-fighters\/\",\"name\":\"Ex integrantes de Nirvana tocaron juntos en un show sorpresa de Foo Fighters - OidosSucios.Com\",\"isPartOf\":{\"@id\":\"https:\/\/www.oidossucios.com\/site\/#website\"},\"primaryImageOfPage\":{\"@id\":\"https:\/\/www.oidossucios.com\/site\/ex-integrantes-de-nirvana-tocaron-juntos-en-un-show-sorpresa-de-foo-fighters\/#primaryimage\"},\"datePublished\":\"2010-12-27T18:38:00+00:00\",\"dateModified\":\"2010-12-27T18:38:00+00:00\",\"author\":{\"@id\":\"https:\/\/www.oidossucios.com\/site\/#\/schema\/person\/24559eeb76bf83a63296fb072393a688\"},\"description\":\"La banda estadounidense celebra su aniversario con una recopilaci\\u00f3n en vivo de sus actuaciones entre 2003 y 2010.\",\"inLanguage\":\"es\",\"potentialAction\":[{\"@type\":\"ReadAction\",\"target\":[\"https:\/\/www.oidossucios.com\/site\/ex-integrantes-de-nirvana-tocaron-juntos-en-un-show-sorpresa-de-foo-fighters\/\"]}]},{\"@type\":[\"Person\"],\"@id\":\"https:\/\/www.oidossucios.com\/site\/#\/schema\/person\/24559eeb76bf83a63296fb072393a688\",\"name\":\"Oidossucios\",\"image\":{\"@type\":\"ImageObject\",\"@id\":\"https:\/\/www.oidossucios.com\/site\/#personlogo\",\"inLanguage\":\"es\",\"url\":\"https:\/\/secure.gravatar.com\/avatar\/74fcb480f42f1a33e50a0b6e6369a3f907be2e43dc84fa5f76c66e9c22b4a5ab?s=96&d=mm&r=g\",\"caption\":\"Oidossucios\"},\"sameAs\":[\"https:\/\/twitter.com\/oidossucios\"]}]}<\/script>\n<!-- \/ Yoast SEO plugin. -->","jetpack_sharing_enabled":true,"_links":{"self":[{"href":"https:\/\/www.oidossucios.com\/site\/wp-json\/wp\/v2\/posts\/2991","targetHints":{"allow":["GET"]}}],"collection":[{"href":"https:\/\/www.oidossucios.com\/site\/wp-json\/wp\/v2\/posts"}],"about":[{"href":"https:\/\/www.oidossucios.com\/site\/wp-json\/wp\/v2\/types\/post"}],"author":[{"embeddable":true,"href":"https:\/\/www.oidossucios.com\/site\/wp-json\/wp\/v2\/users\/4"}],"replies":[{"embeddable":true,"href":"https:\/\/www.oidossucios.com\/site\/wp-json\/wp\/v2\/comments?post=2991"}],"version-history":[{"count":0,"href":"https:\/\/www.oidossucios.com\/site\/wp-json\/wp\/v2\/posts\/2991\/revisions"}],"wp:featuredmedia":[{"embeddable":true,"href":"https:\/\/www.oidossucios.com\/site\/wp-json\/wp\/v2\/media\/100002988"}],"wp:attachment":[{"href":"https:\/\/www.oidossucios.com\/site\/wp-json\/wp\/v2\/media?parent=2991"}],"wp:term":[{"taxonomy":"category","embeddable":true,"href":"https:\/\/www.oidossucios.com\/site\/wp-json\/wp\/v2\/categories?post=2991"},{"taxonomy":"post_tag","embeddable":true,"href":"https:\/\/www.oidossucios.com\/site\/wp-json\/wp\/v2\/tags?post=2991"}],"curies":[{"name":"wp","href":"https:\/\/api.w.org\/{rel}","templated":true}]}}