{"id":3009,"date":"2011-01-19T15:21:00","date_gmt":"2011-01-19T15:21:00","guid":{"rendered":"https:\/\/www.oidossucios.com\/site\/2011\/01\/19\/anuncian-el-cartel-de-coachella-2011\/"},"modified":"2011-01-19T15:21:00","modified_gmt":"2011-01-19T15:21:00","slug":"anuncian-el-cartel-de-coachella-2011","status":"publish","type":"post","link":"https:\/\/www.oidossucios.com\/site\/anuncian-el-cartel-de-coachella-2011\/","title":{"rendered":"Anuncian el cartel de Coachella 2011"},"content":{"rendered":"<p>Hoy fue anunciado el cartel completo de bandas que tocar\u00e1n en el festival Coachella en su edici\u00f3n 2011. <\/p>\n<p>El evento se realizar\u00e1 el viernes 15, s\u00e1bado 16 y domingo 17 de abril en la regi\u00f3n de &#8220;El Indio&#8221;, California y contar\u00e1 con artistas como The Strokes, Kanye West, Kings of Leon, The Black Keys, Interpol, The Chemical Brothers, Arcade Fire, Broken Social Scene, Duran Duran, The National, PJ Harvey.<\/p>\n<p>La agrupaci\u00f3n mexicana Caifanes tambi\u00e9n formar\u00e1 pate del cartel.<\/p>\n<p>En la galer\u00eda de fotos puedes ver el afiche con todas las bandas confirmadas hasta ahora.<\/p>\n<p><!--nextpage--><img decoding=\"async\" class=\"aligncenter size-medium wp-image-111113740\" src=\"https:\/\/www.oidossucios.com\/site\/wp-content\/uploads\/2020\/02\/3740.jpg\" alt=\"Anuncian el cartel de Coachella 2011\"  \/><a href='https:\/\/www.oidossucios.com\/site\/anuncian-el-cartel-de-coachella-2011\/2\/'\n                        onclick='if (tpsInstance) { tpsInstance.setNext(); return false; }'\n                        rel='next'\n                        style=''\n                        class=''>Ver galer\u00eda<\/a>]]><\/p>\n","protected":false},"excerpt":{"rendered":"<p>El festival californiano presentar\u00e1 a Kings of Leon, Arcade Fire y Kanye West como cabeza de cartel los d\u00edas 15, 16 y 17 de abril respectivamente.<\/p>\n","protected":false},"author":4,"featured_media":100003008,"comment_status":"open","ping_status":"open","sticky":false,"template":"","format":"standard","meta":{"_jetpack_memberships_contains_paid_content":false,"footnotes":""},"categories":[250],"tags":[],"class_list":["post-3009","post","type-post","status-publish","format-standard","has-post-thumbnail","hentry","category-noticias"],"jetpack_featured_media_url":"https:\/\/www.oidossucios.com\/site\/wp-content\/uploads\/2011\/01\/3008.jpg","yoast_head":"<!-- This site is optimized with the Yoast SEO plugin v14.0.4 - https:\/\/yoast.com\/wordpress\/plugins\/seo\/ -->\n<title>Anuncian el cartel de Coachella 2011 - OidosSucios.Com<\/title>\n<meta name=\"description\" content=\"Conciertos Metal y Comegato Producciones ratifican la presentaci\u00f3n, por primera vez en Sudam\u00e9rica, de la agrupaci\u00f3n holandesa &quot;PESTILENCE&quot;.\" \/>\n<meta name=\"robots\" content=\"index, follow\" \/>\n<meta name=\"googlebot\" content=\"index, follow, max-snippet:-1, max-image-preview:large, max-video-preview:-1\" \/>\n<meta name=\"bingbot\" content=\"index, follow, max-snippet:-1, max-image-preview:large, max-video-preview:-1\" \/>\n<link rel=\"canonical\" href=\"https:\/\/www.oidossucios.com\/site\/anuncian-el-cartel-de-coachella-2011\/\" \/>\n<link rel=\"next\" href=\"https:\/\/www.oidossucios.com\/site\/anuncian-el-cartel-de-coachella-2011\/2\/\" \/>\n<meta property=\"og:locale\" content=\"es_ES\" \/>\n<meta property=\"og:type\" content=\"article\" \/>\n<meta property=\"og:title\" content=\"Anuncian el cartel de Coachella 2011 - OidosSucios.Com\" \/>\n<meta property=\"og:description\" content=\"Conciertos Metal y Comegato Producciones ratifican la presentaci\u00f3n, por primera vez en Sudam\u00e9rica, de la agrupaci\u00f3n holandesa &quot;PESTILENCE&quot;.\" \/>\n<meta property=\"og:url\" content=\"https:\/\/www.oidossucios.com\/site\/anuncian-el-cartel-de-coachella-2011\/\" \/>\n<meta property=\"og:site_name\" content=\"OidosSucios.Com\" \/>\n<meta property=\"article:published_time\" content=\"2011-01-19T15:21:00+00:00\" \/>\n<meta property=\"og:image\" content=\"https:\/\/www.oidossucios.com\/site\/wp-content\/uploads\/2011\/01\/3008.jpg\" \/>\n\t<meta property=\"og:image:width\" content=\"349\" \/>\n\t<meta property=\"og:image:height\" content=\"275\" \/>\n<meta name=\"twitter:card\" content=\"summary_large_image\" \/>\n<meta name=\"twitter:creator\" content=\"@oidossucios\" \/>\n<script type=\"application\/ld+json\" class=\"yoast-schema-graph\">{\"@context\":\"https:\/\/schema.org\",\"@graph\":[{\"@type\":\"WebSite\",\"@id\":\"https:\/\/www.oidossucios.com\/site\/#website\",\"url\":\"https:\/\/www.oidossucios.com\/site\/\",\"name\":\"OidosSucios.Com\",\"description\":\"M\\u00fasica, conciertos, discos\",\"potentialAction\":[{\"@type\":\"SearchAction\",\"target\":\"https:\/\/www.oidossucios.com\/site\/?s={search_term_string}\",\"query-input\":\"required name=search_term_string\"}],\"inLanguage\":\"es\"},{\"@type\":\"ImageObject\",\"@id\":\"https:\/\/www.oidossucios.com\/site\/anuncian-el-cartel-de-coachella-2011\/#primaryimage\",\"inLanguage\":\"es\",\"url\":\"https:\/\/www.oidossucios.com\/site\/wp-content\/uploads\/2011\/01\/3008.jpg\",\"width\":349,\"height\":275},{\"@type\":\"WebPage\",\"@id\":\"https:\/\/www.oidossucios.com\/site\/anuncian-el-cartel-de-coachella-2011\/#webpage\",\"url\":\"https:\/\/www.oidossucios.com\/site\/anuncian-el-cartel-de-coachella-2011\/\",\"name\":\"Anuncian el cartel de Coachella 2011 - OidosSucios.Com\",\"isPartOf\":{\"@id\":\"https:\/\/www.oidossucios.com\/site\/#website\"},\"primaryImageOfPage\":{\"@id\":\"https:\/\/www.oidossucios.com\/site\/anuncian-el-cartel-de-coachella-2011\/#primaryimage\"},\"datePublished\":\"2011-01-19T15:21:00+00:00\",\"dateModified\":\"2011-01-19T15:21:00+00:00\",\"author\":{\"@id\":\"https:\/\/www.oidossucios.com\/site\/#\/schema\/person\/24559eeb76bf83a63296fb072393a688\"},\"description\":\"Conciertos Metal y Comegato Producciones ratifican la presentaci\\u00f3n, por primera vez en Sudam\\u00e9rica, de la agrupaci\\u00f3n holandesa &quot;PESTILENCE&quot;.\",\"inLanguage\":\"es\",\"potentialAction\":[{\"@type\":\"ReadAction\",\"target\":[\"https:\/\/www.oidossucios.com\/site\/anuncian-el-cartel-de-coachella-2011\/\"]}]},{\"@type\":[\"Person\"],\"@id\":\"https:\/\/www.oidossucios.com\/site\/#\/schema\/person\/24559eeb76bf83a63296fb072393a688\",\"name\":\"Oidossucios\",\"image\":{\"@type\":\"ImageObject\",\"@id\":\"https:\/\/www.oidossucios.com\/site\/#personlogo\",\"inLanguage\":\"es\",\"url\":\"https:\/\/secure.gravatar.com\/avatar\/74fcb480f42f1a33e50a0b6e6369a3f907be2e43dc84fa5f76c66e9c22b4a5ab?s=96&d=mm&r=g\",\"caption\":\"Oidossucios\"},\"sameAs\":[\"https:\/\/twitter.com\/oidossucios\"]}]}<\/script>\n<!-- \/ Yoast SEO plugin. -->","jetpack_sharing_enabled":true,"_links":{"self":[{"href":"https:\/\/www.oidossucios.com\/site\/wp-json\/wp\/v2\/posts\/3009","targetHints":{"allow":["GET"]}}],"collection":[{"href":"https:\/\/www.oidossucios.com\/site\/wp-json\/wp\/v2\/posts"}],"about":[{"href":"https:\/\/www.oidossucios.com\/site\/wp-json\/wp\/v2\/types\/post"}],"author":[{"embeddable":true,"href":"https:\/\/www.oidossucios.com\/site\/wp-json\/wp\/v2\/users\/4"}],"replies":[{"embeddable":true,"href":"https:\/\/www.oidossucios.com\/site\/wp-json\/wp\/v2\/comments?post=3009"}],"version-history":[{"count":0,"href":"https:\/\/www.oidossucios.com\/site\/wp-json\/wp\/v2\/posts\/3009\/revisions"}],"wp:featuredmedia":[{"embeddable":true,"href":"https:\/\/www.oidossucios.com\/site\/wp-json\/wp\/v2\/media\/100003008"}],"wp:attachment":[{"href":"https:\/\/www.oidossucios.com\/site\/wp-json\/wp\/v2\/media?parent=3009"}],"wp:term":[{"taxonomy":"category","embeddable":true,"href":"https:\/\/www.oidossucios.com\/site\/wp-json\/wp\/v2\/categories?post=3009"},{"taxonomy":"post_tag","embeddable":true,"href":"https:\/\/www.oidossucios.com\/site\/wp-json\/wp\/v2\/tags?post=3009"}],"curies":[{"name":"wp","href":"https:\/\/api.w.org\/{rel}","templated":true}]}}