{"id":3063,"date":"2011-02-10T17:05:00","date_gmt":"2011-02-10T17:05:00","guid":{"rendered":"https:\/\/www.oidossucios.com\/site\/2011\/02\/10\/lars-ulrich-es-demandado-por-su-ex-asistente-personal\/"},"modified":"2011-02-10T17:05:00","modified_gmt":"2011-02-10T17:05:00","slug":"lars-ulrich-es-demandado-por-su-ex-asistente-personal","status":"publish","type":"post","link":"https:\/\/www.oidossucios.com\/site\/lars-ulrich-es-demandado-por-su-ex-asistente-personal\/","title":{"rendered":"Lars Ulrich es demandado por su ex asistente personal"},"content":{"rendered":"<p>Por <\/p>\n<p>El baterista de Metallica, Lars Ulrich, est\u00e1 siendo demandado por su ex asistente personal de a\u00f1os por supuestas horas extras no remuneradas. <\/p>\n<p>&nbsp;<\/p>\n<p>Steve Wig, que trabaj\u00f3 para Ulrich del 2001 a 2009, dijo que el baterista no &nbsp;le pag\u00f3 correctamente por la cantidad de horas extras que trabajaba. Tambi\u00e9n afirm\u00f3 que el m\u00fasico no le proporcion\u00f3 los bonos que hab\u00edan acordado. <\/p>\n<p>&nbsp;<\/p>\n<p>Seg\u00fan el peri\u00f3dico californiano The Marin Independent Journal, Wig est\u00e1 buscando da\u00f1os y perjuicios por presuntas violaciones de trabajo, incumplimiento de contrato verbal y salarios continuos. <\/p>\n<p>&nbsp;<\/p>\n<p>Wig alega que trabaj\u00f3 hasta 80 horas a la semana y estaba de guardia las 24 horas del d\u00eda. Tambi\u00e9n argumenta que Ulrich no le pag\u00f3 los bonos acordados de 2006 y 2008. <\/p>\n<p>&nbsp;<\/p>\n<p>Tambi\u00e9n hay una disputa sobre las expectativas de salario, con Peter Paterno, en el abogado del baterista de Metallica, declarando que a Wig se le pagaba 110.000 $ por a\u00f1o. El ex asistente alega que s\u00f3lo fueron 45,000 $. <\/p>\n<p>&nbsp;<\/p>\n<p>Paterno refut\u00f3 la alegaci\u00f3n de bonos no pagados, y agreg\u00f3: &#8220;El contador de Lars est\u00e1 chuequeando el programa de 2006, pero estamos seguros que a &nbsp;Steve se le cancelaron todos sus bonos de trabajo, merecido o no. De hecho, en 2008, recibi\u00f3 un pago extra de18,000 $. Por lo tanto, no est\u00e1 claro lo que lo est\u00e1 motivando a hacer esto, pero realmente no parece ser sobre su indemnizaci\u00f3n, \u00bfno? &#8221; <\/p>\n<p>&nbsp;<\/p>\n<p>El caso se llevar\u00e1 a cabo en la Corte Superior de Mar\u00edn el 24 de junio. <\/p>\n<p>&nbsp;<\/p>\n<p>A pesar de los litigios legales que pueda pasar Ulrich, recordemos que Metallica ya anunci\u00f3 que <a href=\"\/noticias\/3032\/metallica-entrara-grabar-en-estudio-los-proximos\/\">va a ingresar al estudio en marzo o abril para grabar su d\u00e9cimo \u00e1lbum de estudio.<\/a><\/p>\n<p><a href=''\n                        onclick='if (tpsInstance) { tpsInstance.setNext(); return false; }'\n                        rel='next'\n                        style=''\n                        class=''>Ver galer\u00eda<\/a>]]><\/p>\n","protected":false},"excerpt":{"rendered":"<p>El baterista de Metallica est\u00e1 siendo demandado por da\u00f1os y perjuicios en presuntas violaciones de trabajo, incumplimiento de contrato verbal, etc<\/p>\n","protected":false},"author":4,"featured_media":100003062,"comment_status":"open","ping_status":"open","sticky":false,"template":"","format":"standard","meta":{"_jetpack_memberships_contains_paid_content":false,"footnotes":""},"categories":[685],"tags":[],"class_list":["post-3063","post","type-post","status-publish","format-standard","has-post-thumbnail","hentry","category-ultima"],"jetpack_featured_media_url":"https:\/\/www.oidossucios.com\/site\/wp-content\/uploads\/2011\/02\/3062.jpg","yoast_head":"<!-- This site is optimized with the Yoast SEO plugin v14.0.4 - https:\/\/yoast.com\/wordpress\/plugins\/seo\/ -->\n<title>Lars Ulrich es demandado por su ex asistente personal - OidosSucios.Com<\/title>\n<meta name=\"description\" content=\"El m\u00fasico declar\u00f3 que a\u00fan no ha empezado a trabajar en su esperado disco en solitario, tras la separaci\u00f3n de Oasis en 2009\" \/>\n<meta name=\"robots\" content=\"index, follow\" \/>\n<meta name=\"googlebot\" content=\"index, follow, max-snippet:-1, max-image-preview:large, max-video-preview:-1\" \/>\n<meta name=\"bingbot\" content=\"index, follow, max-snippet:-1, max-image-preview:large, max-video-preview:-1\" \/>\n<link rel=\"canonical\" href=\"https:\/\/www.oidossucios.com\/site\/lars-ulrich-es-demandado-por-su-ex-asistente-personal\/\" \/>\n<meta property=\"og:locale\" content=\"es_ES\" \/>\n<meta property=\"og:type\" content=\"article\" \/>\n<meta property=\"og:title\" content=\"Lars Ulrich es demandado por su ex asistente personal - OidosSucios.Com\" \/>\n<meta property=\"og:description\" content=\"El m\u00fasico declar\u00f3 que a\u00fan no ha empezado a trabajar en su esperado disco en solitario, tras la separaci\u00f3n de Oasis en 2009\" \/>\n<meta property=\"og:url\" content=\"https:\/\/www.oidossucios.com\/site\/lars-ulrich-es-demandado-por-su-ex-asistente-personal\/\" \/>\n<meta property=\"og:site_name\" content=\"OidosSucios.Com\" \/>\n<meta property=\"article:published_time\" content=\"2011-02-10T17:05:00+00:00\" \/>\n<meta property=\"og:image\" content=\"https:\/\/www.oidossucios.com\/site\/wp-content\/uploads\/2011\/02\/3062.jpg\" \/>\n\t<meta property=\"og:image:width\" content=\"350\" \/>\n\t<meta property=\"og:image:height\" content=\"300\" \/>\n<meta name=\"twitter:card\" content=\"summary_large_image\" \/>\n<meta name=\"twitter:creator\" content=\"@oidossucios\" \/>\n<script type=\"application\/ld+json\" class=\"yoast-schema-graph\">{\"@context\":\"https:\/\/schema.org\",\"@graph\":[{\"@type\":\"WebSite\",\"@id\":\"https:\/\/www.oidossucios.com\/site\/#website\",\"url\":\"https:\/\/www.oidossucios.com\/site\/\",\"name\":\"OidosSucios.Com\",\"description\":\"M\\u00fasica, conciertos, discos\",\"potentialAction\":[{\"@type\":\"SearchAction\",\"target\":\"https:\/\/www.oidossucios.com\/site\/?s={search_term_string}\",\"query-input\":\"required name=search_term_string\"}],\"inLanguage\":\"es\"},{\"@type\":\"ImageObject\",\"@id\":\"https:\/\/www.oidossucios.com\/site\/lars-ulrich-es-demandado-por-su-ex-asistente-personal\/#primaryimage\",\"inLanguage\":\"es\",\"url\":\"https:\/\/www.oidossucios.com\/site\/wp-content\/uploads\/2011\/02\/3062.jpg\",\"width\":350,\"height\":300},{\"@type\":\"WebPage\",\"@id\":\"https:\/\/www.oidossucios.com\/site\/lars-ulrich-es-demandado-por-su-ex-asistente-personal\/#webpage\",\"url\":\"https:\/\/www.oidossucios.com\/site\/lars-ulrich-es-demandado-por-su-ex-asistente-personal\/\",\"name\":\"Lars Ulrich es demandado por su ex asistente personal - OidosSucios.Com\",\"isPartOf\":{\"@id\":\"https:\/\/www.oidossucios.com\/site\/#website\"},\"primaryImageOfPage\":{\"@id\":\"https:\/\/www.oidossucios.com\/site\/lars-ulrich-es-demandado-por-su-ex-asistente-personal\/#primaryimage\"},\"datePublished\":\"2011-02-10T17:05:00+00:00\",\"dateModified\":\"2011-02-10T17:05:00+00:00\",\"author\":{\"@id\":\"https:\/\/www.oidossucios.com\/site\/#\/schema\/person\/24559eeb76bf83a63296fb072393a688\"},\"description\":\"El m\\u00fasico declar\\u00f3 que a\\u00fan no ha empezado a trabajar en su esperado disco en solitario, tras la separaci\\u00f3n de Oasis en 2009\",\"inLanguage\":\"es\",\"potentialAction\":[{\"@type\":\"ReadAction\",\"target\":[\"https:\/\/www.oidossucios.com\/site\/lars-ulrich-es-demandado-por-su-ex-asistente-personal\/\"]}]},{\"@type\":[\"Person\"],\"@id\":\"https:\/\/www.oidossucios.com\/site\/#\/schema\/person\/24559eeb76bf83a63296fb072393a688\",\"name\":\"Oidossucios\",\"image\":{\"@type\":\"ImageObject\",\"@id\":\"https:\/\/www.oidossucios.com\/site\/#personlogo\",\"inLanguage\":\"es\",\"url\":\"https:\/\/secure.gravatar.com\/avatar\/74fcb480f42f1a33e50a0b6e6369a3f907be2e43dc84fa5f76c66e9c22b4a5ab?s=96&d=mm&r=g\",\"caption\":\"Oidossucios\"},\"sameAs\":[\"https:\/\/twitter.com\/oidossucios\"]}]}<\/script>\n<!-- \/ Yoast SEO plugin. -->","jetpack_sharing_enabled":true,"_links":{"self":[{"href":"https:\/\/www.oidossucios.com\/site\/wp-json\/wp\/v2\/posts\/3063","targetHints":{"allow":["GET"]}}],"collection":[{"href":"https:\/\/www.oidossucios.com\/site\/wp-json\/wp\/v2\/posts"}],"about":[{"href":"https:\/\/www.oidossucios.com\/site\/wp-json\/wp\/v2\/types\/post"}],"author":[{"embeddable":true,"href":"https:\/\/www.oidossucios.com\/site\/wp-json\/wp\/v2\/users\/4"}],"replies":[{"embeddable":true,"href":"https:\/\/www.oidossucios.com\/site\/wp-json\/wp\/v2\/comments?post=3063"}],"version-history":[{"count":0,"href":"https:\/\/www.oidossucios.com\/site\/wp-json\/wp\/v2\/posts\/3063\/revisions"}],"wp:featuredmedia":[{"embeddable":true,"href":"https:\/\/www.oidossucios.com\/site\/wp-json\/wp\/v2\/media\/100003062"}],"wp:attachment":[{"href":"https:\/\/www.oidossucios.com\/site\/wp-json\/wp\/v2\/media?parent=3063"}],"wp:term":[{"taxonomy":"category","embeddable":true,"href":"https:\/\/www.oidossucios.com\/site\/wp-json\/wp\/v2\/categories?post=3063"},{"taxonomy":"post_tag","embeddable":true,"href":"https:\/\/www.oidossucios.com\/site\/wp-json\/wp\/v2\/tags?post=3063"}],"curies":[{"name":"wp","href":"https:\/\/api.w.org\/{rel}","templated":true}]}}