{"id":3079,"date":"2011-02-15T05:35:00","date_gmt":"2011-02-15T05:35:00","guid":{"rendered":"https:\/\/www.oidossucios.com\/site\/2011\/02\/15\/el-rapero-t-pain-se-tatua-el-me-gusta-de-facebook\/"},"modified":"2011-02-15T05:35:00","modified_gmt":"2011-02-15T05:35:00","slug":"el-rapero-t-pain-se-tatua-el-me-gusta-de-facebook","status":"publish","type":"post","link":"https:\/\/www.oidossucios.com\/site\/el-rapero-t-pain-se-tatua-el-me-gusta-de-facebook\/","title":{"rendered":"El rapero T-Pain se tat\u00faa el &quot;Me gusta&quot; de Facebook"},"content":{"rendered":"<p>Por <\/p>\n<p>Un s\u00edmbolo muy reconocible luce en la parte interior del brazo de&nbsp;<strong>T-Pain,<\/strong>&nbsp;rapero y cantante de R&amp;B nacido en Florida hace 25 a\u00f1os. Y no es&nbsp;<a target=\"_blank\" href=\"http:\/\/www.rollingstone.es\/noticias\/view\/impactante-el-rapero-gucci-mane-se-tatua-un-helado-en-la-cara\" rel=\"noopener noreferrer\">un helado<\/a>, como hizo el tambi\u00e9n rapero Gucci Mane. Se trata del bot\u00f3n de<b>&nbsp;&#8220;<\/b><strong>Me gusta&#8221; de Facebook.<\/strong>&nbsp;En una zona realmente sensible al dolor que causa la&nbsp;<strong>aguja empapada en tinta,<\/strong>&nbsp;el m\u00fasico ha querido honrar&nbsp;a la red social. Lo explica as\u00ed en su Twitter:&nbsp;&#8220;Siempre que voy a Hawai me hago un tatuaje. Creo que \u00e9ste es uno de los m\u00e1s chulos.&nbsp;<strong>Esperemos que Facebook no quiebre pronto&#8221;.<\/strong><\/p>\n<p>&nbsp;<\/p>\n<p>T-Pain ha colaborado con Lil Wayne, 50 Cent o Taylor Swift. Aqu\u00ed lo tienes en acci\u00f3n con Wayne:<\/p>\n<p><\/p>\n<p><\/p>\n<p> <iframe loading=\"lazy\" title=\"YouTube video player\" width=\"480\" height=\"390\" frameborder=\"0\" allowfullscreen=\"\" src=\"http:\/\/www.youtube.com\/embed\/kWBE0sQC5L8\"><\/iframe>&nbsp; <\/p>\n<div> <\/div>\n<div> <\/div>\n<div>&nbsp;Fuente: www.rollingstone.es <\/div>\n<p><!--nextpage--><img decoding=\"async\" class=\"aligncenter size-medium wp-image-111113759\" src=\"https:\/\/www.oidossucios.com\/site\/wp-content\/uploads\/2020\/02\/3759.jpg\" alt=\"El rapero T-Pain se tat\u00faa el &quot;Me gusta&quot; de Facebook\"  \/><a href='https:\/\/www.oidossucios.com\/site\/el-rapero-t-pain-se-tatua-el-me-gusta-de-facebook\/2\/'\n                        onclick='if (tpsInstance) { tpsInstance.setNext(); return false; }'\n                        rel='next'\n                        style=''\n                        class=''>Ver galer\u00eda<\/a>]]><\/p>\n","protected":false},"excerpt":{"rendered":"<p>&quot;Esperemos que la red social no quiebre pronto&quot;, escribi\u00f3 el hiphopero en su Twitter<\/p>\n","protected":false},"author":4,"featured_media":100003079,"comment_status":"open","ping_status":"open","sticky":false,"template":"","format":"standard","meta":{"_jetpack_memberships_contains_paid_content":false,"footnotes":""},"categories":[685],"tags":[],"class_list":["post-3079","post","type-post","status-publish","format-standard","has-post-thumbnail","hentry","category-ultima"],"jetpack_featured_media_url":"https:\/\/www.oidossucios.com\/site\/wp-content\/uploads\/2011\/02\/3079.jpg","yoast_head":"<!-- This site is optimized with the Yoast SEO plugin v14.0.4 - https:\/\/yoast.com\/wordpress\/plugins\/seo\/ -->\n<title>El rapero T-Pain se tat\u00faa el &quot;Me gusta&quot; de Facebook - OidosSucios.Com<\/title>\n<meta name=\"description\" content=\"&quot;Esperemos que la red social no quiebre pronto&quot;, escribi\u00f3 el hiphopero en su Twitter\" \/>\n<meta name=\"robots\" content=\"index, follow\" \/>\n<meta name=\"googlebot\" content=\"index, follow, max-snippet:-1, max-image-preview:large, max-video-preview:-1\" \/>\n<meta name=\"bingbot\" content=\"index, follow, max-snippet:-1, max-image-preview:large, max-video-preview:-1\" \/>\n<link rel=\"canonical\" href=\"https:\/\/www.oidossucios.com\/site\/el-rapero-t-pain-se-tatua-el-me-gusta-de-facebook\/\" \/>\n<link rel=\"next\" href=\"https:\/\/www.oidossucios.com\/site\/el-rapero-t-pain-se-tatua-el-me-gusta-de-facebook\/2\/\" \/>\n<meta property=\"og:locale\" content=\"es_ES\" \/>\n<meta property=\"og:type\" content=\"article\" \/>\n<meta property=\"og:title\" content=\"El rapero T-Pain se tat\u00faa el &quot;Me gusta&quot; de Facebook - OidosSucios.Com\" \/>\n<meta property=\"og:description\" content=\"&quot;Esperemos que la red social no quiebre pronto&quot;, escribi\u00f3 el hiphopero en su Twitter\" \/>\n<meta property=\"og:url\" content=\"https:\/\/www.oidossucios.com\/site\/el-rapero-t-pain-se-tatua-el-me-gusta-de-facebook\/\" \/>\n<meta property=\"og:site_name\" content=\"OidosSucios.Com\" \/>\n<meta property=\"article:published_time\" content=\"2011-02-15T05:35:00+00:00\" \/>\n<meta property=\"og:image\" content=\"https:\/\/www.oidossucios.com\/site\/wp-content\/uploads\/2011\/02\/3079.jpg\" \/>\n\t<meta property=\"og:image:width\" content=\"350\" \/>\n\t<meta property=\"og:image:height\" content=\"300\" \/>\n<meta name=\"twitter:card\" content=\"summary_large_image\" \/>\n<meta name=\"twitter:creator\" content=\"@oidossucios\" \/>\n<script type=\"application\/ld+json\" class=\"yoast-schema-graph\">{\"@context\":\"https:\/\/schema.org\",\"@graph\":[{\"@type\":\"WebSite\",\"@id\":\"https:\/\/www.oidossucios.com\/site\/#website\",\"url\":\"https:\/\/www.oidossucios.com\/site\/\",\"name\":\"OidosSucios.Com\",\"description\":\"M\\u00fasica, conciertos, discos\",\"potentialAction\":[{\"@type\":\"SearchAction\",\"target\":\"https:\/\/www.oidossucios.com\/site\/?s={search_term_string}\",\"query-input\":\"required name=search_term_string\"}],\"inLanguage\":\"es\"},{\"@type\":\"ImageObject\",\"@id\":\"https:\/\/www.oidossucios.com\/site\/el-rapero-t-pain-se-tatua-el-me-gusta-de-facebook\/#primaryimage\",\"inLanguage\":\"es\",\"url\":\"https:\/\/www.oidossucios.com\/site\/wp-content\/uploads\/2011\/02\/3079.jpg\",\"width\":350,\"height\":300},{\"@type\":\"WebPage\",\"@id\":\"https:\/\/www.oidossucios.com\/site\/el-rapero-t-pain-se-tatua-el-me-gusta-de-facebook\/#webpage\",\"url\":\"https:\/\/www.oidossucios.com\/site\/el-rapero-t-pain-se-tatua-el-me-gusta-de-facebook\/\",\"name\":\"El rapero T-Pain se tat\\u00faa el &quot;Me gusta&quot; de Facebook - OidosSucios.Com\",\"isPartOf\":{\"@id\":\"https:\/\/www.oidossucios.com\/site\/#website\"},\"primaryImageOfPage\":{\"@id\":\"https:\/\/www.oidossucios.com\/site\/el-rapero-t-pain-se-tatua-el-me-gusta-de-facebook\/#primaryimage\"},\"datePublished\":\"2011-02-15T05:35:00+00:00\",\"dateModified\":\"2011-02-15T05:35:00+00:00\",\"author\":{\"@id\":\"https:\/\/www.oidossucios.com\/site\/#\/schema\/person\/24559eeb76bf83a63296fb072393a688\"},\"description\":\"&quot;Esperemos que la red social no quiebre pronto&quot;, escribi\\u00f3 el hiphopero en su Twitter\",\"inLanguage\":\"es\",\"potentialAction\":[{\"@type\":\"ReadAction\",\"target\":[\"https:\/\/www.oidossucios.com\/site\/el-rapero-t-pain-se-tatua-el-me-gusta-de-facebook\/\"]}]},{\"@type\":[\"Person\"],\"@id\":\"https:\/\/www.oidossucios.com\/site\/#\/schema\/person\/24559eeb76bf83a63296fb072393a688\",\"name\":\"Oidossucios\",\"image\":{\"@type\":\"ImageObject\",\"@id\":\"https:\/\/www.oidossucios.com\/site\/#personlogo\",\"inLanguage\":\"es\",\"url\":\"https:\/\/secure.gravatar.com\/avatar\/74fcb480f42f1a33e50a0b6e6369a3f907be2e43dc84fa5f76c66e9c22b4a5ab?s=96&d=mm&r=g\",\"caption\":\"Oidossucios\"},\"sameAs\":[\"https:\/\/twitter.com\/oidossucios\"]}]}<\/script>\n<!-- \/ Yoast SEO plugin. -->","jetpack_sharing_enabled":true,"_links":{"self":[{"href":"https:\/\/www.oidossucios.com\/site\/wp-json\/wp\/v2\/posts\/3079","targetHints":{"allow":["GET"]}}],"collection":[{"href":"https:\/\/www.oidossucios.com\/site\/wp-json\/wp\/v2\/posts"}],"about":[{"href":"https:\/\/www.oidossucios.com\/site\/wp-json\/wp\/v2\/types\/post"}],"author":[{"embeddable":true,"href":"https:\/\/www.oidossucios.com\/site\/wp-json\/wp\/v2\/users\/4"}],"replies":[{"embeddable":true,"href":"https:\/\/www.oidossucios.com\/site\/wp-json\/wp\/v2\/comments?post=3079"}],"version-history":[{"count":0,"href":"https:\/\/www.oidossucios.com\/site\/wp-json\/wp\/v2\/posts\/3079\/revisions"}],"wp:featuredmedia":[{"embeddable":true,"href":"https:\/\/www.oidossucios.com\/site\/wp-json\/wp\/v2\/media\/100003079"}],"wp:attachment":[{"href":"https:\/\/www.oidossucios.com\/site\/wp-json\/wp\/v2\/media?parent=3079"}],"wp:term":[{"taxonomy":"category","embeddable":true,"href":"https:\/\/www.oidossucios.com\/site\/wp-json\/wp\/v2\/categories?post=3079"},{"taxonomy":"post_tag","embeddable":true,"href":"https:\/\/www.oidossucios.com\/site\/wp-json\/wp\/v2\/tags?post=3079"}],"curies":[{"name":"wp","href":"https:\/\/api.w.org\/{rel}","templated":true}]}}