{"id":3106,"date":"2011-02-22T05:52:00","date_gmt":"2011-02-22T05:52:00","guid":{"rendered":"https:\/\/www.oidossucios.com\/site\/2011\/02\/22\/nick-jonas-quiere-aparecer-en-glee\/"},"modified":"2011-02-22T05:52:00","modified_gmt":"2011-02-22T05:52:00","slug":"nick-jonas-quiere-aparecer-en-glee","status":"publish","type":"post","link":"https:\/\/www.oidossucios.com\/site\/nick-jonas-quiere-aparecer-en-glee\/","title":{"rendered":"Nick Jonas quiere aparecer en Glee"},"content":{"rendered":"<p>Por <\/p>\n<p>Todos sabemos que en el mundo del rock, la popular serie Glee no es vista con buenos ojos. Ya Slash y <a href=\"\/noticias\/3054\/nuevo-drama-kings-of-leon-vs-glee\/\">Kings Of Leon lo han dejado bastante claro<\/a>. Pero por el lado del pop, Nick Jonas asegur\u00f3 que no se pierde ni un cap\u00edtulo de la serie y dijo que se sentir\u00eda muy honrado si Ryan Murphy, creador del programa, le ofreciese aparecer en el show.<\/p>\n<p><\/p>\n<p>&#8220;Todos en el mundo del espect\u00e1culo dicen lo mismo, obviamente, porque se trata de un show muy popular&#8221;, declar\u00f3 el integrante de Jonas Brothers de 18 a\u00f1os. &#8220;Pero realmente aprecio la utilizaci\u00f3n que Glee hace de la m\u00fasica. Creo que muchos pueden relacionar lo que ocurre en la serie con el negocio de la m\u00fasica y m\u00e1s de uno deber\u00eda agradecer que muchas canciones han vuelto a ser populares otra vez gracias a que Glee est\u00e1 haciendo un gran trabajo al incorporarlas al show&#8221;.&nbsp;<\/p>\n<p><\/p>\n<p>Jonas agreg\u00f3: &#8220;Humildemente podr\u00eda decir que si existe la oportunidad para que yo participe en el programa, me sentir\u00eda muy honrado. Adem\u00e1s, pienso que el elenco es realmente talentoso; ser\u00eda divertido&#8221;.<\/p>\n<p><\/p>\n<p>Si es que esta posibilidad no se concreta, Nick dijo que no tendr\u00eda problema con que el programa use su m\u00fasica: &#8220;\u00bfSi les dejar\u00eda usar nuestros temas? Absolutamente, todos los que quieran&#8221;, declar\u00f3 al sitio web TVSquad.&nbsp;<\/p>\n","protected":false},"excerpt":{"rendered":"<p>El menor de los Jonas confes\u00f3 que se sentir\u00eda honrado de recibir una invitaci\u00f3n para participar en el show.<\/p>\n","protected":false},"author":4,"featured_media":100003106,"comment_status":"open","ping_status":"open","sticky":false,"template":"","format":"standard","meta":{"_jetpack_memberships_contains_paid_content":false,"footnotes":""},"categories":[685],"tags":[],"class_list":["post-3106","post","type-post","status-publish","format-standard","has-post-thumbnail","hentry","category-ultima"],"jetpack_featured_media_url":"https:\/\/www.oidossucios.com\/site\/wp-content\/uploads\/2011\/02\/3106.jpg","yoast_head":"<!-- This site is optimized with the Yoast SEO plugin v14.0.4 - https:\/\/yoast.com\/wordpress\/plugins\/seo\/ -->\n<title>Nick Jonas quiere aparecer en Glee - OidosSucios.Com<\/title>\n<meta name=\"description\" content=\"El menor de los Jonas confes\u00f3 que se sentir\u00eda honrado de recibir una invitaci\u00f3n para participar en el show.\" \/>\n<meta name=\"robots\" content=\"index, follow\" \/>\n<meta name=\"googlebot\" content=\"index, follow, max-snippet:-1, max-image-preview:large, max-video-preview:-1\" \/>\n<meta name=\"bingbot\" content=\"index, follow, max-snippet:-1, max-image-preview:large, max-video-preview:-1\" \/>\n<link rel=\"canonical\" href=\"https:\/\/www.oidossucios.com\/site\/nick-jonas-quiere-aparecer-en-glee\/\" \/>\n<meta property=\"og:locale\" content=\"es_ES\" \/>\n<meta property=\"og:type\" content=\"article\" \/>\n<meta property=\"og:title\" content=\"Nick Jonas quiere aparecer en Glee - OidosSucios.Com\" \/>\n<meta property=\"og:description\" content=\"El menor de los Jonas confes\u00f3 que se sentir\u00eda honrado de recibir una invitaci\u00f3n para participar en el show.\" \/>\n<meta property=\"og:url\" content=\"https:\/\/www.oidossucios.com\/site\/nick-jonas-quiere-aparecer-en-glee\/\" \/>\n<meta property=\"og:site_name\" content=\"OidosSucios.Com\" \/>\n<meta property=\"article:published_time\" content=\"2011-02-22T05:52:00+00:00\" \/>\n<meta property=\"og:image\" content=\"https:\/\/www.oidossucios.com\/site\/wp-content\/uploads\/2011\/02\/3106.jpg\" \/>\n\t<meta property=\"og:image:width\" content=\"350\" \/>\n\t<meta property=\"og:image:height\" content=\"300\" \/>\n<meta name=\"twitter:card\" content=\"summary_large_image\" \/>\n<meta name=\"twitter:creator\" content=\"@oidossucios\" \/>\n<script type=\"application\/ld+json\" class=\"yoast-schema-graph\">{\"@context\":\"https:\/\/schema.org\",\"@graph\":[{\"@type\":\"WebSite\",\"@id\":\"https:\/\/www.oidossucios.com\/site\/#website\",\"url\":\"https:\/\/www.oidossucios.com\/site\/\",\"name\":\"OidosSucios.Com\",\"description\":\"M\\u00fasica, conciertos, discos\",\"potentialAction\":[{\"@type\":\"SearchAction\",\"target\":\"https:\/\/www.oidossucios.com\/site\/?s={search_term_string}\",\"query-input\":\"required name=search_term_string\"}],\"inLanguage\":\"es\"},{\"@type\":\"ImageObject\",\"@id\":\"https:\/\/www.oidossucios.com\/site\/nick-jonas-quiere-aparecer-en-glee\/#primaryimage\",\"inLanguage\":\"es\",\"url\":\"https:\/\/www.oidossucios.com\/site\/wp-content\/uploads\/2011\/02\/3106.jpg\",\"width\":350,\"height\":300},{\"@type\":\"WebPage\",\"@id\":\"https:\/\/www.oidossucios.com\/site\/nick-jonas-quiere-aparecer-en-glee\/#webpage\",\"url\":\"https:\/\/www.oidossucios.com\/site\/nick-jonas-quiere-aparecer-en-glee\/\",\"name\":\"Nick Jonas quiere aparecer en Glee - OidosSucios.Com\",\"isPartOf\":{\"@id\":\"https:\/\/www.oidossucios.com\/site\/#website\"},\"primaryImageOfPage\":{\"@id\":\"https:\/\/www.oidossucios.com\/site\/nick-jonas-quiere-aparecer-en-glee\/#primaryimage\"},\"datePublished\":\"2011-02-22T05:52:00+00:00\",\"dateModified\":\"2011-02-22T05:52:00+00:00\",\"author\":{\"@id\":\"https:\/\/www.oidossucios.com\/site\/#\/schema\/person\/24559eeb76bf83a63296fb072393a688\"},\"description\":\"El menor de los Jonas confes\\u00f3 que se sentir\\u00eda honrado de recibir una invitaci\\u00f3n para participar en el show.\",\"inLanguage\":\"es\",\"potentialAction\":[{\"@type\":\"ReadAction\",\"target\":[\"https:\/\/www.oidossucios.com\/site\/nick-jonas-quiere-aparecer-en-glee\/\"]}]},{\"@type\":[\"Person\"],\"@id\":\"https:\/\/www.oidossucios.com\/site\/#\/schema\/person\/24559eeb76bf83a63296fb072393a688\",\"name\":\"Oidossucios\",\"image\":{\"@type\":\"ImageObject\",\"@id\":\"https:\/\/www.oidossucios.com\/site\/#personlogo\",\"inLanguage\":\"es\",\"url\":\"https:\/\/secure.gravatar.com\/avatar\/74fcb480f42f1a33e50a0b6e6369a3f907be2e43dc84fa5f76c66e9c22b4a5ab?s=96&d=mm&r=g\",\"caption\":\"Oidossucios\"},\"sameAs\":[\"https:\/\/twitter.com\/oidossucios\"]}]}<\/script>\n<!-- \/ Yoast SEO plugin. -->","jetpack_sharing_enabled":true,"_links":{"self":[{"href":"https:\/\/www.oidossucios.com\/site\/wp-json\/wp\/v2\/posts\/3106","targetHints":{"allow":["GET"]}}],"collection":[{"href":"https:\/\/www.oidossucios.com\/site\/wp-json\/wp\/v2\/posts"}],"about":[{"href":"https:\/\/www.oidossucios.com\/site\/wp-json\/wp\/v2\/types\/post"}],"author":[{"embeddable":true,"href":"https:\/\/www.oidossucios.com\/site\/wp-json\/wp\/v2\/users\/4"}],"replies":[{"embeddable":true,"href":"https:\/\/www.oidossucios.com\/site\/wp-json\/wp\/v2\/comments?post=3106"}],"version-history":[{"count":0,"href":"https:\/\/www.oidossucios.com\/site\/wp-json\/wp\/v2\/posts\/3106\/revisions"}],"wp:featuredmedia":[{"embeddable":true,"href":"https:\/\/www.oidossucios.com\/site\/wp-json\/wp\/v2\/media\/100003106"}],"wp:attachment":[{"href":"https:\/\/www.oidossucios.com\/site\/wp-json\/wp\/v2\/media?parent=3106"}],"wp:term":[{"taxonomy":"category","embeddable":true,"href":"https:\/\/www.oidossucios.com\/site\/wp-json\/wp\/v2\/categories?post=3106"},{"taxonomy":"post_tag","embeddable":true,"href":"https:\/\/www.oidossucios.com\/site\/wp-json\/wp\/v2\/tags?post=3106"}],"curies":[{"name":"wp","href":"https:\/\/api.w.org\/{rel}","templated":true}]}}