{"id":3160,"date":"2011-03-10T05:51:00","date_gmt":"2011-03-10T05:51:00","guid":{"rendered":"https:\/\/www.oidossucios.com\/site\/2011\/03\/10\/devo-invita-a-charlie-sheen-a-unirse-a-la-banda\/"},"modified":"2011-03-10T05:51:00","modified_gmt":"2011-03-10T05:51:00","slug":"devo-invita-a-charlie-sheen-a-unirse-a-la-banda","status":"publish","type":"post","link":"https:\/\/www.oidossucios.com\/site\/devo-invita-a-charlie-sheen-a-unirse-a-la-banda\/","title":{"rendered":"Devo invita a Charlie Sheen a unirse a la banda"},"content":{"rendered":"<p>Por <\/p>\n<div style=\"background-color: rgb(255, 255, 255); color: rgb(0, 0, 0); font-family: Verdana, Arial, Helvetica, sans-serif; font-size: 9pt; \">Gerald Casale, integrante de Devo, desea que Charlie Sheen se una a su banda, seg\u00fan declar\u00f3 recientemente durante una entrevista.&nbsp;      <\/p>\n<div>\n<p>Casale explic\u00f3 que Devo casi no sale de gira porque Mark Mothersbaugh se rehusa a salir, pero le encantar\u00eda que Sheen estuviera en el grupo.&nbsp;      <\/p><\/div>\n<div>\n<p>Al ser cuestionado sobre si le extender\u00eda oficialmente una invitaci\u00f3n a unise, \u00e9l contest\u00f3: &#8220;Nos sentir\u00edamos honrados. Cualquiera de nuestras canciones que quisiera cantar. De hecho me doy cuenta, ya que Mark no quiere ir de gira, le necesito preguntar a Charlie Sheen si ser\u00eda nuestro cantante principal,&#8221; coment\u00f3. &#8220;Me impresionan las cosas que dice, es incre\u00edble&#8221;, finaliz\u00f3.&nbsp;      <\/p><\/div>\n<div>\n<p>La entrevista completa en :&nbsp;<a href=\"http:\/\/www.sandiego.com\/music\/devo-asks-charlie-sheen-to-join-band\">sandiego.com<\/a>&nbsp;<br \/>Fuente: www.rollingstone.com.ar      <\/div>\n<\/p><\/div>\n<p><!--nextpage--><img decoding=\"async\" class=\"aligncenter size-medium wp-image-111113875\" src=\"https:\/\/www.oidossucios.com\/site\/wp-content\/uploads\/2020\/02\/3875.jpg\" alt=\"Devo invita a Charlie Sheen a unirse a la banda\"  \/><!--nextpage--><img decoding=\"async\" class=\"aligncenter size-medium wp-image-111113876\" src=\"https:\/\/www.oidossucios.com\/site\/wp-content\/uploads\/2020\/02\/3876.jpg\" alt=\"Devo invita a Charlie Sheen a unirse a la banda\"  \/><a href='https:\/\/www.oidossucios.com\/site\/devo-invita-a-charlie-sheen-a-unirse-a-la-banda\/2\/'\n                        onclick='if (tpsInstance) { tpsInstance.setNext(); return false; }'\n                        rel='next'\n                        style=''\n                        class=''>Ver galer\u00eda<\/a>]]><\/p>\n","protected":false},"excerpt":{"rendered":"<p>Gerald Casale, bajista de Devo, declar\u00f3 que la banda casi no sale de gira porque Mark Mothersbaugh se rehusa a salir, por lo que le encantar\u00eda que Sheen estuviera en el grupo. <\/p>\n","protected":false},"author":4,"featured_media":100003160,"comment_status":"open","ping_status":"open","sticky":false,"template":"","format":"standard","meta":{"_jetpack_memberships_contains_paid_content":false,"footnotes":""},"categories":[685],"tags":[],"class_list":["post-3160","post","type-post","status-publish","format-standard","has-post-thumbnail","hentry","category-ultima"],"jetpack_featured_media_url":"https:\/\/www.oidossucios.com\/site\/wp-content\/uploads\/2011\/03\/3160.jpg","yoast_head":"<!-- This site is optimized with the Yoast SEO plugin v14.0.4 - https:\/\/yoast.com\/wordpress\/plugins\/seo\/ -->\n<title>Devo invita a Charlie Sheen a unirse a la banda - OidosSucios.Com<\/title>\n<meta name=\"description\" content=\"Gerald Casale, bajista de Devo, declar\u00f3 que la banda casi no sale de gira porque Mark Mothersbaugh se rehusa a salir, por lo que le encantar\u00eda que Sheen estuviera en el grupo.\" \/>\n<meta name=\"robots\" content=\"index, follow\" \/>\n<meta name=\"googlebot\" content=\"index, follow, max-snippet:-1, max-image-preview:large, max-video-preview:-1\" \/>\n<meta name=\"bingbot\" content=\"index, follow, max-snippet:-1, max-image-preview:large, max-video-preview:-1\" \/>\n<link rel=\"canonical\" href=\"https:\/\/www.oidossucios.com\/site\/devo-invita-a-charlie-sheen-a-unirse-a-la-banda\/\" \/>\n<link rel=\"next\" href=\"https:\/\/www.oidossucios.com\/site\/devo-invita-a-charlie-sheen-a-unirse-a-la-banda\/2\/\" \/>\n<meta property=\"og:locale\" content=\"es_ES\" \/>\n<meta property=\"og:type\" content=\"article\" \/>\n<meta property=\"og:title\" content=\"Devo invita a Charlie Sheen a unirse a la banda - OidosSucios.Com\" \/>\n<meta property=\"og:description\" content=\"Gerald Casale, bajista de Devo, declar\u00f3 que la banda casi no sale de gira porque Mark Mothersbaugh se rehusa a salir, por lo que le encantar\u00eda que Sheen estuviera en el grupo.\" \/>\n<meta property=\"og:url\" content=\"https:\/\/www.oidossucios.com\/site\/devo-invita-a-charlie-sheen-a-unirse-a-la-banda\/\" \/>\n<meta property=\"og:site_name\" content=\"OidosSucios.Com\" \/>\n<meta property=\"article:published_time\" content=\"2011-03-10T05:51:00+00:00\" \/>\n<meta property=\"og:image\" content=\"https:\/\/www.oidossucios.com\/site\/wp-content\/uploads\/2011\/03\/3160.jpg\" \/>\n\t<meta property=\"og:image:width\" content=\"350\" \/>\n\t<meta property=\"og:image:height\" content=\"300\" \/>\n<meta name=\"twitter:card\" content=\"summary_large_image\" \/>\n<meta name=\"twitter:creator\" content=\"@oidossucios\" \/>\n<script type=\"application\/ld+json\" class=\"yoast-schema-graph\">{\"@context\":\"https:\/\/schema.org\",\"@graph\":[{\"@type\":\"WebSite\",\"@id\":\"https:\/\/www.oidossucios.com\/site\/#website\",\"url\":\"https:\/\/www.oidossucios.com\/site\/\",\"name\":\"OidosSucios.Com\",\"description\":\"M\\u00fasica, conciertos, discos\",\"potentialAction\":[{\"@type\":\"SearchAction\",\"target\":\"https:\/\/www.oidossucios.com\/site\/?s={search_term_string}\",\"query-input\":\"required name=search_term_string\"}],\"inLanguage\":\"es\"},{\"@type\":\"ImageObject\",\"@id\":\"https:\/\/www.oidossucios.com\/site\/devo-invita-a-charlie-sheen-a-unirse-a-la-banda\/#primaryimage\",\"inLanguage\":\"es\",\"url\":\"https:\/\/www.oidossucios.com\/site\/wp-content\/uploads\/2011\/03\/3160.jpg\",\"width\":350,\"height\":300},{\"@type\":\"WebPage\",\"@id\":\"https:\/\/www.oidossucios.com\/site\/devo-invita-a-charlie-sheen-a-unirse-a-la-banda\/#webpage\",\"url\":\"https:\/\/www.oidossucios.com\/site\/devo-invita-a-charlie-sheen-a-unirse-a-la-banda\/\",\"name\":\"Devo invita a Charlie Sheen a unirse a la banda - OidosSucios.Com\",\"isPartOf\":{\"@id\":\"https:\/\/www.oidossucios.com\/site\/#website\"},\"primaryImageOfPage\":{\"@id\":\"https:\/\/www.oidossucios.com\/site\/devo-invita-a-charlie-sheen-a-unirse-a-la-banda\/#primaryimage\"},\"datePublished\":\"2011-03-10T05:51:00+00:00\",\"dateModified\":\"2011-03-10T05:51:00+00:00\",\"author\":{\"@id\":\"https:\/\/www.oidossucios.com\/site\/#\/schema\/person\/24559eeb76bf83a63296fb072393a688\"},\"description\":\"Gerald Casale, bajista de Devo, declar\\u00f3 que la banda casi no sale de gira porque Mark Mothersbaugh se rehusa a salir, por lo que le encantar\\u00eda que Sheen estuviera en el grupo.\",\"inLanguage\":\"es\",\"potentialAction\":[{\"@type\":\"ReadAction\",\"target\":[\"https:\/\/www.oidossucios.com\/site\/devo-invita-a-charlie-sheen-a-unirse-a-la-banda\/\"]}]},{\"@type\":[\"Person\"],\"@id\":\"https:\/\/www.oidossucios.com\/site\/#\/schema\/person\/24559eeb76bf83a63296fb072393a688\",\"name\":\"Oidossucios\",\"image\":{\"@type\":\"ImageObject\",\"@id\":\"https:\/\/www.oidossucios.com\/site\/#personlogo\",\"inLanguage\":\"es\",\"url\":\"https:\/\/secure.gravatar.com\/avatar\/74fcb480f42f1a33e50a0b6e6369a3f907be2e43dc84fa5f76c66e9c22b4a5ab?s=96&d=mm&r=g\",\"caption\":\"Oidossucios\"},\"sameAs\":[\"https:\/\/twitter.com\/oidossucios\"]}]}<\/script>\n<!-- \/ Yoast SEO plugin. -->","jetpack_sharing_enabled":true,"_links":{"self":[{"href":"https:\/\/www.oidossucios.com\/site\/wp-json\/wp\/v2\/posts\/3160","targetHints":{"allow":["GET"]}}],"collection":[{"href":"https:\/\/www.oidossucios.com\/site\/wp-json\/wp\/v2\/posts"}],"about":[{"href":"https:\/\/www.oidossucios.com\/site\/wp-json\/wp\/v2\/types\/post"}],"author":[{"embeddable":true,"href":"https:\/\/www.oidossucios.com\/site\/wp-json\/wp\/v2\/users\/4"}],"replies":[{"embeddable":true,"href":"https:\/\/www.oidossucios.com\/site\/wp-json\/wp\/v2\/comments?post=3160"}],"version-history":[{"count":0,"href":"https:\/\/www.oidossucios.com\/site\/wp-json\/wp\/v2\/posts\/3160\/revisions"}],"wp:featuredmedia":[{"embeddable":true,"href":"https:\/\/www.oidossucios.com\/site\/wp-json\/wp\/v2\/media\/100003160"}],"wp:attachment":[{"href":"https:\/\/www.oidossucios.com\/site\/wp-json\/wp\/v2\/media?parent=3160"}],"wp:term":[{"taxonomy":"category","embeddable":true,"href":"https:\/\/www.oidossucios.com\/site\/wp-json\/wp\/v2\/categories?post=3160"},{"taxonomy":"post_tag","embeddable":true,"href":"https:\/\/www.oidossucios.com\/site\/wp-json\/wp\/v2\/tags?post=3160"}],"curies":[{"name":"wp","href":"https:\/\/api.w.org\/{rel}","templated":true}]}}