{"id":3186,"date":"2011-03-17T04:04:00","date_gmt":"2011-03-17T04:04:00","guid":{"rendered":"https:\/\/www.oidossucios.com\/site\/2011\/03\/17\/kevin-johansen-the-nada-en-caracas\/"},"modified":"2011-03-17T04:04:00","modified_gmt":"2011-03-17T04:04:00","slug":"kevin-johansen-the-nada-en-caracas","status":"publish","type":"post","link":"https:\/\/www.oidossucios.com\/site\/kevin-johansen-the-nada-en-caracas\/","title":{"rendered":"Kevin Johansen + The Nada en Caracas"},"content":{"rendered":"\n<p><strong>Centro Cultural BOD-Corp<\/strong>&nbsp;<strong>Banca<\/strong>&nbsp;<strong> y CAM Producciones<\/strong>&nbsp;confirman la visita de&nbsp;<strong>Kevin Johansen<\/strong>&nbsp;a mediados de a\u00f1o a nuestro pa\u00eds. En esta oportunidad el cantautor argentino viene acompa\u00f1ado de su hist\u00f3rica banda&nbsp;<strong>The Nada,<\/strong>&nbsp; para presentar al p\u00fablico caraque\u00f1o su m\u00e1s reciente trabajo, el CD\/DVD&nbsp;&#8220;<strong>Vivo en Buenos Aires&#8221;<\/strong>&nbsp;en el teatro del&nbsp;<strong>Centro Cultural BOD-Corp<\/strong>&nbsp;<strong>Banca<\/strong>&nbsp;el&nbsp;<strong>s\u00e1bado 09 de julio<\/strong><b>&nbsp;<\/b>a partir de las<b>&nbsp;<\/b><strong>7:00 PM.<\/strong><\/p>\n<p>&nbsp;<\/p>\n<p>El cantautor argentino nacido en Alaska con nacionalidad americana se ha convertido en asiduo visitante de Venezuela gracias a su variado repertorio musical, con temas tan interesantes y conocidos entre sus seguidores como&nbsp;<strong>&#8220;En Mi Cabeza&#8221;, &#8220;Desde Que Te Perd\u00ed&#8221;, &#8220;Sur o No Sur&#8221;,&nbsp; &#8221; No Voy a Ser Yo&#8221;<\/strong>&nbsp;co-escrito por&nbsp;&nbsp;<strong>Jorge Drexler<\/strong>&nbsp; y&nbsp;<strong>&#8220;Guacamole&#8221;,<\/strong>&nbsp; todas estas, canciones&nbsp; incluidas en su discograf\u00eda&nbsp;<strong>The Nada (2000), Sur o No Sur (2002), City Zen (2005), Logo (2007)<\/strong><b>&nbsp;<\/b>y el nuevo&nbsp;<strong>CD\/DVD&nbsp; &#8220;Vivo en Buenos Aires<\/strong>&#8220;, totalmente grabado en el Teatro Nacional de Buenos Aires con la participaci\u00f3n del famoso ilustrador<b>&nbsp;<\/b><strong>Liniers<\/strong>&nbsp;dibujando en tiempo real cada canci\u00f3n en el escenario, tambi\u00e9n cont\u00f3 con los invitados especiales&nbsp;<strong>Paulinho Moska, Kiko Veneno, Ileana Cabra y Fernando Cabrera.<\/strong><\/p>\n<p>&nbsp;<\/p>\n<p>Luego del \u00e9xito obtenido por el artista en nuestro pa\u00eds en sus dos \u00faltimos conciertos en solitario con Guitarra ac\u00fastica y como presentador de su gran amigo y c\u00f3mplice musical&nbsp; Paulinho Moska, el concierto a realizarse el 09 de julio en La Castellana ser\u00e1 junto a su grupo de siempre,&nbsp;<strong>The Nada, <\/strong>celebrando sus 10 a\u00f1os de trayectoria y la presentaci\u00f3n del&nbsp;&#8220;<strong>CD\/DVD Vivo en Buenos Aires&#8221;, <\/strong>que promete complacer con creces a la audiencia deseosa de disfrutar de un show el\u00e9ctrico de&nbsp;<strong>Kevin Johansen<\/strong>&nbsp;y acompa\u00f1ado de su banda y de las proyecciones y dibujos de Liniers detr\u00e1s del escenario.<\/p>\n<p>&nbsp;<\/p>\n<p><strong>La primera etapa de pre venta de entradas al concierto de Kevin Johansen<\/strong><b>&nbsp;<\/b><strong>+The Nada en el teatro del Centro Cultural BOD-Corp Banca el s\u00e1bado 09 de julio a las 7:00 PM, comienza el 1ro de marzo con un precio inicial de entrada general Bs. 370 y entrada VIP Bs. 488. Las entradas se pueden adquirir en<\/strong><b>&nbsp;<\/b><strong><a target=\"_blank\" href=\"http:\/\/click.icptrack.com\/icp\/relay.php?r=14946009&amp;msgid=36888&amp;act=80CY&amp;c=871529&amp;destination=http%3A%2F%2Fwww.ticketmundo.com\" rel=\"noopener noreferrer\"><b>www.ticketmundo.com<\/b><\/a><\/strong><b>&nbsp;<\/b><strong>y en las taquillas del centro cultural. Para mayor informaci\u00f3n llamar a los tel\u00e9fonos&nbsp; 0212-2061149 &#8211; 0212- 2062149 \u0096 02125147339 y visitar<\/strong><b>&nbsp;<\/b><strong><a target=\"_blank\" href=\"http:\/\/click.icptrack.com\/icp\/relay.php?r=14946009&amp;msgid=36888&amp;act=80CY&amp;c=871529&amp;destination=http%3A%2F%2Fwww.camproducciones.com\" rel=\"noopener noreferrer\"><b>www.camproducciones.com<\/b><\/a><\/strong><\/p>\n<p>&nbsp;<\/p>\n<p><!--nextpage--><img decoding=\"async\" class=\"aligncenter size-medium wp-image-111113895\" src=\"https:\/\/www.oidossucios.com\/site\/wp-content\/uploads\/2020\/02\/3895.jpg\" alt=\"Kevin Johansen + The Nada en Caracas\"  \/><a href='https:\/\/www.oidossucios.com\/site\/kevin-johansen-the-nada-en-caracas\/2\/'\n                        onclick='if (tpsInstance) { tpsInstance.setNext(); return false; }'\n                        rel='next'\n                        style=''\n                        class=''>Ver galer\u00eda<\/a>]]><\/p>\n","protected":false},"excerpt":{"rendered":"<p>El cantautor argentino nacido en Alaska con nacionalidad americana se estar\u00e1 presentando con su banda The Nada el pr\u00f3ximo 9 de julio en el Centro Cultural Corp Banca.<\/p>\n","protected":false},"author":4,"featured_media":100003186,"comment_status":"open","ping_status":"open","sticky":false,"template":"","format":"standard","meta":{"_jetpack_memberships_contains_paid_content":false,"footnotes":""},"categories":[250],"tags":[],"class_list":["post-3186","post","type-post","status-publish","format-standard","has-post-thumbnail","hentry","category-noticias"],"jetpack_featured_media_url":"https:\/\/www.oidossucios.com\/site\/wp-content\/uploads\/2011\/03\/3186.jpg","yoast_head":"<!-- This site is optimized with the Yoast SEO plugin v14.0.4 - https:\/\/yoast.com\/wordpress\/plugins\/seo\/ -->\n<title>Kevin Johansen + The Nada en Caracas - OidosSucios.Com<\/title>\n<meta name=\"description\" content=\"El cantautor argentino nacido en Alaska con nacionalidad americana se estar\u00e1 presentando con su banda The Nada el pr\u00f3ximo 9 de julio en el Centro Cultural Corp Banca.\" \/>\n<meta name=\"robots\" content=\"index, follow\" \/>\n<meta name=\"googlebot\" content=\"index, follow, max-snippet:-1, max-image-preview:large, max-video-preview:-1\" \/>\n<meta name=\"bingbot\" content=\"index, follow, max-snippet:-1, max-image-preview:large, max-video-preview:-1\" \/>\n<link rel=\"canonical\" href=\"https:\/\/www.oidossucios.com\/site\/kevin-johansen-the-nada-en-caracas\/\" \/>\n<link rel=\"next\" href=\"https:\/\/www.oidossucios.com\/site\/kevin-johansen-the-nada-en-caracas\/2\/\" \/>\n<meta property=\"og:locale\" content=\"es_ES\" \/>\n<meta property=\"og:type\" content=\"article\" \/>\n<meta property=\"og:title\" content=\"Kevin Johansen + The Nada en Caracas - OidosSucios.Com\" \/>\n<meta property=\"og:description\" content=\"El cantautor argentino nacido en Alaska con nacionalidad americana se estar\u00e1 presentando con su banda The Nada el pr\u00f3ximo 9 de julio en el Centro Cultural Corp Banca.\" \/>\n<meta property=\"og:url\" content=\"https:\/\/www.oidossucios.com\/site\/kevin-johansen-the-nada-en-caracas\/\" \/>\n<meta property=\"og:site_name\" content=\"OidosSucios.Com\" \/>\n<meta property=\"article:published_time\" content=\"2011-03-17T04:04:00+00:00\" \/>\n<meta property=\"og:image\" content=\"https:\/\/www.oidossucios.com\/site\/wp-content\/uploads\/2011\/03\/3186.jpg\" \/>\n\t<meta property=\"og:image:width\" content=\"350\" \/>\n\t<meta property=\"og:image:height\" content=\"300\" \/>\n<meta name=\"twitter:card\" content=\"summary_large_image\" \/>\n<meta name=\"twitter:creator\" content=\"@oidossucios\" \/>\n<script type=\"application\/ld+json\" class=\"yoast-schema-graph\">{\"@context\":\"https:\/\/schema.org\",\"@graph\":[{\"@type\":\"WebSite\",\"@id\":\"https:\/\/www.oidossucios.com\/site\/#website\",\"url\":\"https:\/\/www.oidossucios.com\/site\/\",\"name\":\"OidosSucios.Com\",\"description\":\"M\\u00fasica, conciertos, discos\",\"potentialAction\":[{\"@type\":\"SearchAction\",\"target\":\"https:\/\/www.oidossucios.com\/site\/?s={search_term_string}\",\"query-input\":\"required name=search_term_string\"}],\"inLanguage\":\"es\"},{\"@type\":\"ImageObject\",\"@id\":\"https:\/\/www.oidossucios.com\/site\/kevin-johansen-the-nada-en-caracas\/#primaryimage\",\"inLanguage\":\"es\",\"url\":\"https:\/\/www.oidossucios.com\/site\/wp-content\/uploads\/2011\/03\/3186.jpg\",\"width\":350,\"height\":300},{\"@type\":\"WebPage\",\"@id\":\"https:\/\/www.oidossucios.com\/site\/kevin-johansen-the-nada-en-caracas\/#webpage\",\"url\":\"https:\/\/www.oidossucios.com\/site\/kevin-johansen-the-nada-en-caracas\/\",\"name\":\"Kevin Johansen + The Nada en Caracas - OidosSucios.Com\",\"isPartOf\":{\"@id\":\"https:\/\/www.oidossucios.com\/site\/#website\"},\"primaryImageOfPage\":{\"@id\":\"https:\/\/www.oidossucios.com\/site\/kevin-johansen-the-nada-en-caracas\/#primaryimage\"},\"datePublished\":\"2011-03-17T04:04:00+00:00\",\"dateModified\":\"2011-03-17T04:04:00+00:00\",\"author\":{\"@id\":\"https:\/\/www.oidossucios.com\/site\/#\/schema\/person\/24559eeb76bf83a63296fb072393a688\"},\"description\":\"El cantautor argentino nacido en Alaska con nacionalidad americana se estar\\u00e1 presentando con su banda The Nada el pr\\u00f3ximo 9 de julio en el Centro Cultural Corp Banca.\",\"inLanguage\":\"es\",\"potentialAction\":[{\"@type\":\"ReadAction\",\"target\":[\"https:\/\/www.oidossucios.com\/site\/kevin-johansen-the-nada-en-caracas\/\"]}]},{\"@type\":[\"Person\"],\"@id\":\"https:\/\/www.oidossucios.com\/site\/#\/schema\/person\/24559eeb76bf83a63296fb072393a688\",\"name\":\"Oidossucios\",\"image\":{\"@type\":\"ImageObject\",\"@id\":\"https:\/\/www.oidossucios.com\/site\/#personlogo\",\"inLanguage\":\"es\",\"url\":\"https:\/\/secure.gravatar.com\/avatar\/74fcb480f42f1a33e50a0b6e6369a3f907be2e43dc84fa5f76c66e9c22b4a5ab?s=96&d=mm&r=g\",\"caption\":\"Oidossucios\"},\"sameAs\":[\"https:\/\/twitter.com\/oidossucios\"]}]}<\/script>\n<!-- \/ Yoast SEO plugin. -->","jetpack_sharing_enabled":true,"_links":{"self":[{"href":"https:\/\/www.oidossucios.com\/site\/wp-json\/wp\/v2\/posts\/3186","targetHints":{"allow":["GET"]}}],"collection":[{"href":"https:\/\/www.oidossucios.com\/site\/wp-json\/wp\/v2\/posts"}],"about":[{"href":"https:\/\/www.oidossucios.com\/site\/wp-json\/wp\/v2\/types\/post"}],"author":[{"embeddable":true,"href":"https:\/\/www.oidossucios.com\/site\/wp-json\/wp\/v2\/users\/4"}],"replies":[{"embeddable":true,"href":"https:\/\/www.oidossucios.com\/site\/wp-json\/wp\/v2\/comments?post=3186"}],"version-history":[{"count":0,"href":"https:\/\/www.oidossucios.com\/site\/wp-json\/wp\/v2\/posts\/3186\/revisions"}],"wp:featuredmedia":[{"embeddable":true,"href":"https:\/\/www.oidossucios.com\/site\/wp-json\/wp\/v2\/media\/100003186"}],"wp:attachment":[{"href":"https:\/\/www.oidossucios.com\/site\/wp-json\/wp\/v2\/media?parent=3186"}],"wp:term":[{"taxonomy":"category","embeddable":true,"href":"https:\/\/www.oidossucios.com\/site\/wp-json\/wp\/v2\/categories?post=3186"},{"taxonomy":"post_tag","embeddable":true,"href":"https:\/\/www.oidossucios.com\/site\/wp-json\/wp\/v2\/tags?post=3186"}],"curies":[{"name":"wp","href":"https:\/\/api.w.org\/{rel}","templated":true}]}}