{"id":3187,"date":"2011-03-17T04:11:00","date_gmt":"2011-03-17T04:11:00","guid":{"rendered":"https:\/\/www.oidossucios.com\/site\/2011\/03\/17\/pearl-jam-planea-un-nuevo-disco\/"},"modified":"2011-03-17T04:11:00","modified_gmt":"2011-03-17T04:11:00","slug":"pearl-jam-planea-un-nuevo-disco","status":"publish","type":"post","link":"https:\/\/www.oidossucios.com\/site\/pearl-jam-planea-un-nuevo-disco\/","title":{"rendered":"Pearl Jam planea un nuevo disco"},"content":{"rendered":"\n<p>Luego de que Eddie Vedder diera a conocer un adelanto de su disco como solista, Pearl Jam anunci\u00f3 que tambi\u00e9n planea un nuevo material. Al parecer la banda entrar\u00e1 al estudio de grabaciones el pr\u00f3ximo mes de abril, seg\u00fan declar\u00f3 Jeff Ament a Billboard.&nbsp;<\/p>\n<p>&#8220;Hicimos un mont\u00f3n de demos y todos tienen un disco de 25 canciones. Abril ser\u00e1 el momento que tendremos juntos y aprenderemos a tocar todos estos demos y averiguaremos cu\u00e1les entre 12 y 15 de ellos logran salir a la superficie,&#8221; dijo Ament. &#8220;Ojal\u00e1 logremos hacer algo este a\u00f1o.&#8221;&nbsp;<\/p>\n<p>Por otro lado, Eddie Vedder se prepara para lanzar el pr\u00f3ximo mes de junio su \u00e1lbum como solista, <a href=\"\/buzznews\/3188\/quot-longing-to-belong-nueva-cancion-de\/\">del que ya se conoce el track&nbsp;&#8220;Longing to Belong&#8221;.<\/a><\/p>\n<p><\/p>\n<p>Fuente: www.rollingstone.com.mx<\/p>\n<p>&nbsp;<\/p>\n","protected":false},"excerpt":{"rendered":"<p>Luego de que Eddie Vedder diera a conocer un adelanto de su disco como solista, Pearl Jam anunci\u00f3 que tambi\u00e9n planea un nuevo material. Al parecer la banda entrar\u00e1 al estudio de grabaciones el pr\u00f3ximo mes de abril, seg\u00fan declar\u00f3 Jeff Ament a Billboard.&nbsp; &#8220;Hicimos un mont\u00f3n de demos y todos tienen un disco de [&hellip;]<\/p>\n","protected":false},"author":4,"featured_media":100003187,"comment_status":"open","ping_status":"open","sticky":false,"template":"","format":"standard","meta":{"_jetpack_memberships_contains_paid_content":false,"footnotes":""},"categories":[142],"tags":[],"class_list":["post-3187","post","type-post","status-publish","format-standard","has-post-thumbnail","hentry","category-buzznews"],"jetpack_featured_media_url":"https:\/\/www.oidossucios.com\/site\/wp-content\/uploads\/2011\/03\/3187.jpg","yoast_head":"<!-- This site is optimized with the Yoast SEO plugin v14.0.4 - https:\/\/yoast.com\/wordpress\/plugins\/seo\/ -->\n<title>Pearl Jam planea un nuevo disco - OidosSucios.Com<\/title>\n<meta name=\"robots\" content=\"index, follow\" \/>\n<meta name=\"googlebot\" content=\"index, follow, max-snippet:-1, max-image-preview:large, max-video-preview:-1\" \/>\n<meta name=\"bingbot\" content=\"index, follow, max-snippet:-1, max-image-preview:large, max-video-preview:-1\" \/>\n<link rel=\"canonical\" href=\"https:\/\/www.oidossucios.com\/site\/pearl-jam-planea-un-nuevo-disco\/\" \/>\n<meta property=\"og:locale\" content=\"es_ES\" \/>\n<meta property=\"og:type\" content=\"article\" \/>\n<meta property=\"og:title\" content=\"Pearl Jam planea un nuevo disco - OidosSucios.Com\" \/>\n<meta property=\"og:description\" content=\"Luego de que Eddie Vedder diera a conocer un adelanto de su disco como solista, Pearl Jam anunci\u00f3 que tambi\u00e9n planea un nuevo material. Al parecer la banda entrar\u00e1 al estudio de grabaciones el pr\u00f3ximo mes de abril, seg\u00fan declar\u00f3 Jeff Ament a Billboard.&nbsp; &#8220;Hicimos un mont\u00f3n de demos y todos tienen un disco de [&hellip;]\" \/>\n<meta property=\"og:url\" content=\"https:\/\/www.oidossucios.com\/site\/pearl-jam-planea-un-nuevo-disco\/\" \/>\n<meta property=\"og:site_name\" content=\"OidosSucios.Com\" \/>\n<meta property=\"article:published_time\" content=\"2011-03-17T04:11:00+00:00\" \/>\n<meta property=\"og:image\" content=\"https:\/\/www.oidossucios.com\/site\/wp-content\/uploads\/2011\/03\/3187.jpg\" \/>\n\t<meta property=\"og:image:width\" content=\"350\" \/>\n\t<meta property=\"og:image:height\" content=\"300\" \/>\n<meta name=\"twitter:card\" content=\"summary_large_image\" \/>\n<meta name=\"twitter:creator\" content=\"@oidossucios\" \/>\n<script type=\"application\/ld+json\" class=\"yoast-schema-graph\">{\"@context\":\"https:\/\/schema.org\",\"@graph\":[{\"@type\":\"WebSite\",\"@id\":\"https:\/\/www.oidossucios.com\/site\/#website\",\"url\":\"https:\/\/www.oidossucios.com\/site\/\",\"name\":\"OidosSucios.Com\",\"description\":\"M\\u00fasica, conciertos, discos\",\"potentialAction\":[{\"@type\":\"SearchAction\",\"target\":\"https:\/\/www.oidossucios.com\/site\/?s={search_term_string}\",\"query-input\":\"required name=search_term_string\"}],\"inLanguage\":\"es\"},{\"@type\":\"ImageObject\",\"@id\":\"https:\/\/www.oidossucios.com\/site\/pearl-jam-planea-un-nuevo-disco\/#primaryimage\",\"inLanguage\":\"es\",\"url\":\"https:\/\/www.oidossucios.com\/site\/wp-content\/uploads\/2011\/03\/3187.jpg\",\"width\":350,\"height\":300},{\"@type\":\"WebPage\",\"@id\":\"https:\/\/www.oidossucios.com\/site\/pearl-jam-planea-un-nuevo-disco\/#webpage\",\"url\":\"https:\/\/www.oidossucios.com\/site\/pearl-jam-planea-un-nuevo-disco\/\",\"name\":\"Pearl Jam planea un nuevo disco - OidosSucios.Com\",\"isPartOf\":{\"@id\":\"https:\/\/www.oidossucios.com\/site\/#website\"},\"primaryImageOfPage\":{\"@id\":\"https:\/\/www.oidossucios.com\/site\/pearl-jam-planea-un-nuevo-disco\/#primaryimage\"},\"datePublished\":\"2011-03-17T04:11:00+00:00\",\"dateModified\":\"2011-03-17T04:11:00+00:00\",\"author\":{\"@id\":\"https:\/\/www.oidossucios.com\/site\/#\/schema\/person\/24559eeb76bf83a63296fb072393a688\"},\"inLanguage\":\"es\",\"potentialAction\":[{\"@type\":\"ReadAction\",\"target\":[\"https:\/\/www.oidossucios.com\/site\/pearl-jam-planea-un-nuevo-disco\/\"]}]},{\"@type\":[\"Person\"],\"@id\":\"https:\/\/www.oidossucios.com\/site\/#\/schema\/person\/24559eeb76bf83a63296fb072393a688\",\"name\":\"Oidossucios\",\"image\":{\"@type\":\"ImageObject\",\"@id\":\"https:\/\/www.oidossucios.com\/site\/#personlogo\",\"inLanguage\":\"es\",\"url\":\"https:\/\/secure.gravatar.com\/avatar\/74fcb480f42f1a33e50a0b6e6369a3f907be2e43dc84fa5f76c66e9c22b4a5ab?s=96&d=mm&r=g\",\"caption\":\"Oidossucios\"},\"sameAs\":[\"https:\/\/twitter.com\/oidossucios\"]}]}<\/script>\n<!-- \/ Yoast SEO plugin. -->","jetpack_sharing_enabled":true,"_links":{"self":[{"href":"https:\/\/www.oidossucios.com\/site\/wp-json\/wp\/v2\/posts\/3187","targetHints":{"allow":["GET"]}}],"collection":[{"href":"https:\/\/www.oidossucios.com\/site\/wp-json\/wp\/v2\/posts"}],"about":[{"href":"https:\/\/www.oidossucios.com\/site\/wp-json\/wp\/v2\/types\/post"}],"author":[{"embeddable":true,"href":"https:\/\/www.oidossucios.com\/site\/wp-json\/wp\/v2\/users\/4"}],"replies":[{"embeddable":true,"href":"https:\/\/www.oidossucios.com\/site\/wp-json\/wp\/v2\/comments?post=3187"}],"version-history":[{"count":0,"href":"https:\/\/www.oidossucios.com\/site\/wp-json\/wp\/v2\/posts\/3187\/revisions"}],"wp:featuredmedia":[{"embeddable":true,"href":"https:\/\/www.oidossucios.com\/site\/wp-json\/wp\/v2\/media\/100003187"}],"wp:attachment":[{"href":"https:\/\/www.oidossucios.com\/site\/wp-json\/wp\/v2\/media?parent=3187"}],"wp:term":[{"taxonomy":"category","embeddable":true,"href":"https:\/\/www.oidossucios.com\/site\/wp-json\/wp\/v2\/categories?post=3187"},{"taxonomy":"post_tag","embeddable":true,"href":"https:\/\/www.oidossucios.com\/site\/wp-json\/wp\/v2\/tags?post=3187"}],"curies":[{"name":"wp","href":"https:\/\/api.w.org\/{rel}","templated":true}]}}