{"id":3232,"date":"2011-03-28T07:50:00","date_gmt":"2011-03-28T07:50:00","guid":{"rendered":"https:\/\/www.oidossucios.com\/site\/2011\/03\/28\/duff-mckagan-justin-bieber-es-un-rockero\/"},"modified":"2011-03-28T07:50:00","modified_gmt":"2011-03-28T07:50:00","slug":"duff-mckagan-justin-bieber-es-un-rockero","status":"publish","type":"post","link":"https:\/\/www.oidossucios.com\/site\/duff-mckagan-justin-bieber-es-un-rockero\/","title":{"rendered":"Duff McKagan: &quot;Justin Bieber es un rockero&quot;"},"content":{"rendered":"<p>Por <\/p>\n<p>El ex bajista de los Guns, Duff McKagan&nbsp;qued\u00f3 impresionado con el cantante de &#8220;Baby&#8221; luego de asistir a uno de sus conciertos.<\/p>\n<p>&nbsp;<\/p>\n<p>Dijo: &#8220;\u00bfSaben qu\u00e9?&nbsp;<strong>Justin<\/strong><b>&nbsp;<\/b>es un rockero. \u00c9l en realidad canta sus canciones en sus conciertos, la banda es una banda de verdad y toca la bater\u00eda. \u00c9l es jodidamente genial. Justin Bieber es un rockero por seguro.&#8221;<\/p>\n<\/p>\n<p>El miembro de Velvet Revolver descubri\u00f3 a Justin a trav\u00e9s de sus dos hijas, Grace de 13 a\u00f1os y Mae Marie de 10.<\/p>\n<\/p>\n<p>McKagan&nbsp;declar\u00f3 a la revista NME: &#8220;Grace tiene 13, siempre encuentra cosas cool y ahora est\u00e1 con lo de Justin Bieber. Yo la llevo a cualquier concierto que quiera ir. El de Justin Bieber fue genial. &nbsp;Tambi\u00e9n Jonas Brothers y Taylor Swift.&#8221;<\/p>\n","protected":false},"excerpt":{"rendered":"<p>El ex bajista de los Guns, Duff McKagan qued\u00f3 impresionado con el cantante de &#8220;Baby&#8221; luego de asistir a uno de sus conciertos.<\/p>\n","protected":false},"author":4,"featured_media":100003232,"comment_status":"open","ping_status":"open","sticky":false,"template":"","format":"standard","meta":{"_jetpack_memberships_contains_paid_content":false,"footnotes":""},"categories":[685],"tags":[],"class_list":["post-3232","post","type-post","status-publish","format-standard","has-post-thumbnail","hentry","category-ultima"],"jetpack_featured_media_url":"https:\/\/www.oidossucios.com\/site\/wp-content\/uploads\/2011\/03\/3232.jpg","yoast_head":"<!-- This site is optimized with the Yoast SEO plugin v14.0.4 - https:\/\/yoast.com\/wordpress\/plugins\/seo\/ -->\n<title>Duff McKagan: &quot;Justin Bieber es un rockero&quot; - OidosSucios.Com<\/title>\n<meta name=\"description\" content=\"El ex bajista de los Guns, Duff McKagan qued\u00f3 impresionado con el cantante de &quot;Baby&quot; luego de asistir a uno de sus conciertos.\" \/>\n<meta name=\"robots\" content=\"index, follow\" \/>\n<meta name=\"googlebot\" content=\"index, follow, max-snippet:-1, max-image-preview:large, max-video-preview:-1\" \/>\n<meta name=\"bingbot\" content=\"index, follow, max-snippet:-1, max-image-preview:large, max-video-preview:-1\" \/>\n<link rel=\"canonical\" href=\"https:\/\/www.oidossucios.com\/site\/duff-mckagan-justin-bieber-es-un-rockero\/\" \/>\n<meta property=\"og:locale\" content=\"es_ES\" \/>\n<meta property=\"og:type\" content=\"article\" \/>\n<meta property=\"og:title\" content=\"Duff McKagan: &quot;Justin Bieber es un rockero&quot; - OidosSucios.Com\" \/>\n<meta property=\"og:description\" content=\"El ex bajista de los Guns, Duff McKagan qued\u00f3 impresionado con el cantante de &quot;Baby&quot; luego de asistir a uno de sus conciertos.\" \/>\n<meta property=\"og:url\" content=\"https:\/\/www.oidossucios.com\/site\/duff-mckagan-justin-bieber-es-un-rockero\/\" \/>\n<meta property=\"og:site_name\" content=\"OidosSucios.Com\" \/>\n<meta property=\"article:published_time\" content=\"2011-03-28T07:50:00+00:00\" \/>\n<meta property=\"og:image\" content=\"https:\/\/www.oidossucios.com\/site\/wp-content\/uploads\/2011\/03\/3232.jpg\" \/>\n\t<meta property=\"og:image:width\" content=\"350\" \/>\n\t<meta property=\"og:image:height\" content=\"300\" \/>\n<meta name=\"twitter:card\" content=\"summary_large_image\" \/>\n<meta name=\"twitter:creator\" content=\"@oidossucios\" \/>\n<script type=\"application\/ld+json\" class=\"yoast-schema-graph\">{\"@context\":\"https:\/\/schema.org\",\"@graph\":[{\"@type\":\"WebSite\",\"@id\":\"https:\/\/www.oidossucios.com\/site\/#website\",\"url\":\"https:\/\/www.oidossucios.com\/site\/\",\"name\":\"OidosSucios.Com\",\"description\":\"M\\u00fasica, conciertos, discos\",\"potentialAction\":[{\"@type\":\"SearchAction\",\"target\":\"https:\/\/www.oidossucios.com\/site\/?s={search_term_string}\",\"query-input\":\"required name=search_term_string\"}],\"inLanguage\":\"es\"},{\"@type\":\"ImageObject\",\"@id\":\"https:\/\/www.oidossucios.com\/site\/duff-mckagan-justin-bieber-es-un-rockero\/#primaryimage\",\"inLanguage\":\"es\",\"url\":\"https:\/\/www.oidossucios.com\/site\/wp-content\/uploads\/2011\/03\/3232.jpg\",\"width\":350,\"height\":300},{\"@type\":\"WebPage\",\"@id\":\"https:\/\/www.oidossucios.com\/site\/duff-mckagan-justin-bieber-es-un-rockero\/#webpage\",\"url\":\"https:\/\/www.oidossucios.com\/site\/duff-mckagan-justin-bieber-es-un-rockero\/\",\"name\":\"Duff McKagan: &quot;Justin Bieber es un rockero&quot; - OidosSucios.Com\",\"isPartOf\":{\"@id\":\"https:\/\/www.oidossucios.com\/site\/#website\"},\"primaryImageOfPage\":{\"@id\":\"https:\/\/www.oidossucios.com\/site\/duff-mckagan-justin-bieber-es-un-rockero\/#primaryimage\"},\"datePublished\":\"2011-03-28T07:50:00+00:00\",\"dateModified\":\"2011-03-28T07:50:00+00:00\",\"author\":{\"@id\":\"https:\/\/www.oidossucios.com\/site\/#\/schema\/person\/24559eeb76bf83a63296fb072393a688\"},\"description\":\"El ex bajista de los Guns, Duff McKagan qued\\u00f3 impresionado con el cantante de \\\"Baby\\\" luego de asistir a uno de sus conciertos.\",\"inLanguage\":\"es\",\"potentialAction\":[{\"@type\":\"ReadAction\",\"target\":[\"https:\/\/www.oidossucios.com\/site\/duff-mckagan-justin-bieber-es-un-rockero\/\"]}]},{\"@type\":[\"Person\"],\"@id\":\"https:\/\/www.oidossucios.com\/site\/#\/schema\/person\/24559eeb76bf83a63296fb072393a688\",\"name\":\"Oidossucios\",\"image\":{\"@type\":\"ImageObject\",\"@id\":\"https:\/\/www.oidossucios.com\/site\/#personlogo\",\"inLanguage\":\"es\",\"url\":\"https:\/\/secure.gravatar.com\/avatar\/74fcb480f42f1a33e50a0b6e6369a3f907be2e43dc84fa5f76c66e9c22b4a5ab?s=96&d=mm&r=g\",\"caption\":\"Oidossucios\"},\"sameAs\":[\"https:\/\/twitter.com\/oidossucios\"]}]}<\/script>\n<!-- \/ Yoast SEO plugin. -->","jetpack_sharing_enabled":true,"_links":{"self":[{"href":"https:\/\/www.oidossucios.com\/site\/wp-json\/wp\/v2\/posts\/3232","targetHints":{"allow":["GET"]}}],"collection":[{"href":"https:\/\/www.oidossucios.com\/site\/wp-json\/wp\/v2\/posts"}],"about":[{"href":"https:\/\/www.oidossucios.com\/site\/wp-json\/wp\/v2\/types\/post"}],"author":[{"embeddable":true,"href":"https:\/\/www.oidossucios.com\/site\/wp-json\/wp\/v2\/users\/4"}],"replies":[{"embeddable":true,"href":"https:\/\/www.oidossucios.com\/site\/wp-json\/wp\/v2\/comments?post=3232"}],"version-history":[{"count":0,"href":"https:\/\/www.oidossucios.com\/site\/wp-json\/wp\/v2\/posts\/3232\/revisions"}],"wp:featuredmedia":[{"embeddable":true,"href":"https:\/\/www.oidossucios.com\/site\/wp-json\/wp\/v2\/media\/100003232"}],"wp:attachment":[{"href":"https:\/\/www.oidossucios.com\/site\/wp-json\/wp\/v2\/media?parent=3232"}],"wp:term":[{"taxonomy":"category","embeddable":true,"href":"https:\/\/www.oidossucios.com\/site\/wp-json\/wp\/v2\/categories?post=3232"},{"taxonomy":"post_tag","embeddable":true,"href":"https:\/\/www.oidossucios.com\/site\/wp-json\/wp\/v2\/tags?post=3232"}],"curies":[{"name":"wp","href":"https:\/\/api.w.org\/{rel}","templated":true}]}}