{"id":3243,"date":"2011-03-30T07:31:00","date_gmt":"2011-03-30T07:31:00","guid":{"rendered":"https:\/\/www.oidossucios.com\/site\/2011\/03\/30\/bruce-springsteen-lanzara-un-documental-del-disco-the-promise\/"},"modified":"2011-03-30T07:31:00","modified_gmt":"2011-03-30T07:31:00","slug":"bruce-springsteen-lanzara-un-documental-del-disco-the-promise","status":"publish","type":"post","link":"https:\/\/www.oidossucios.com\/site\/bruce-springsteen-lanzara-un-documental-del-disco-the-promise\/","title":{"rendered":"Bruce Springsteen lanzar\u00e1 un documental del disco &quot;The Promise&quot;"},"content":{"rendered":"<p>Columbia Records lanzar\u00e1 un nuevo documental acerca de la realizaci\u00f3n del m\u00e1s reciente disco de Bruce Springsteen.&nbsp; <\/p>\n<div> <\/div>\n<div>El documental se titula&nbsp;<em>The Promise: The Making of Darkness On The Edge of Town<\/em>&nbsp;y podr\u00e1 encontrarse en DVD y Blu-ray a partir del 2 de mayo.&nbsp; <\/div>\n<div>\n<p>El filme estar\u00e1 acompa\u00f1ado de la grabaci\u00f3n &#8220;Songs From the Promise&#8221;, concierto grabado en Asbury Park, Nueva Jersey y &#8220;A Conversation With His Fans&#8221;, una \u00edntima sesi\u00f3n de preguntas y respuestas con sus fan\u00e1ticos.&nbsp; <\/p><\/div>\n<div>\n<p><em>The Promise: The Making of Darkness On The Edge of Town<\/em>, fue dirigido por Thom Zimny y contiene im\u00e1genes nunca antes vistas de Springsteen y la E Street Band, grabadas entre 1976 y 1978, ensayos, sesiones de estudio, entrevistas y m\u00e1s. Puede pre-ordenarse a atrav\u00e9s de Amazon y en Brucespringsteen.net&nbsp; <\/div>\n<div> <\/div>\n<div> <\/div>\n<div>Fuente: www.rollingstone.com.mx <\/div>\n","protected":false},"excerpt":{"rendered":"<p>Columbia Records lanzar\u00e1 un nuevo documental acerca de la realizaci\u00f3n del m\u00e1s reciente disco de Bruce Springsteen.&nbsp; El documental se titula&nbsp;The Promise: The Making of Darkness On The Edge of Town&nbsp;y podr\u00e1 encontrarse en DVD y Blu-ray a partir del 2 de mayo.&nbsp; El filme estar\u00e1 acompa\u00f1ado de la grabaci\u00f3n &#8220;Songs From the Promise&#8221;, concierto [&hellip;]<\/p>\n","protected":false},"author":4,"featured_media":100003243,"comment_status":"open","ping_status":"open","sticky":false,"template":"","format":"standard","meta":{"_jetpack_memberships_contains_paid_content":false,"footnotes":""},"categories":[142],"tags":[],"class_list":["post-3243","post","type-post","status-publish","format-standard","has-post-thumbnail","hentry","category-buzznews"],"jetpack_featured_media_url":"https:\/\/www.oidossucios.com\/site\/wp-content\/uploads\/2011\/03\/3243.jpg","yoast_head":"<!-- This site is optimized with the Yoast SEO plugin v14.0.4 - https:\/\/yoast.com\/wordpress\/plugins\/seo\/ -->\n<title>Bruce Springsteen lanzar\u00e1 un documental del disco &quot;The Promise&quot; - OidosSucios.Com<\/title>\n<meta name=\"robots\" content=\"index, follow\" \/>\n<meta name=\"googlebot\" content=\"index, follow, max-snippet:-1, max-image-preview:large, max-video-preview:-1\" \/>\n<meta name=\"bingbot\" content=\"index, follow, max-snippet:-1, max-image-preview:large, max-video-preview:-1\" \/>\n<link rel=\"canonical\" href=\"https:\/\/www.oidossucios.com\/site\/bruce-springsteen-lanzara-un-documental-del-disco-the-promise\/\" \/>\n<meta property=\"og:locale\" content=\"es_ES\" \/>\n<meta property=\"og:type\" content=\"article\" \/>\n<meta property=\"og:title\" content=\"Bruce Springsteen lanzar\u00e1 un documental del disco &quot;The Promise&quot; - OidosSucios.Com\" \/>\n<meta property=\"og:description\" content=\"Columbia Records lanzar\u00e1 un nuevo documental acerca de la realizaci\u00f3n del m\u00e1s reciente disco de Bruce Springsteen.&nbsp; El documental se titula&nbsp;The Promise: The Making of Darkness On The Edge of Town&nbsp;y podr\u00e1 encontrarse en DVD y Blu-ray a partir del 2 de mayo.&nbsp; El filme estar\u00e1 acompa\u00f1ado de la grabaci\u00f3n &#8220;Songs From the Promise&#8221;, concierto [&hellip;]\" \/>\n<meta property=\"og:url\" content=\"https:\/\/www.oidossucios.com\/site\/bruce-springsteen-lanzara-un-documental-del-disco-the-promise\/\" \/>\n<meta property=\"og:site_name\" content=\"OidosSucios.Com\" \/>\n<meta property=\"article:published_time\" content=\"2011-03-30T07:31:00+00:00\" \/>\n<meta property=\"og:image\" content=\"https:\/\/www.oidossucios.com\/site\/wp-content\/uploads\/2011\/03\/3243.jpg\" \/>\n\t<meta property=\"og:image:width\" content=\"350\" \/>\n\t<meta property=\"og:image:height\" content=\"300\" \/>\n<meta name=\"twitter:card\" content=\"summary_large_image\" \/>\n<meta name=\"twitter:creator\" content=\"@oidossucios\" \/>\n<script type=\"application\/ld+json\" class=\"yoast-schema-graph\">{\"@context\":\"https:\/\/schema.org\",\"@graph\":[{\"@type\":\"WebSite\",\"@id\":\"https:\/\/www.oidossucios.com\/site\/#website\",\"url\":\"https:\/\/www.oidossucios.com\/site\/\",\"name\":\"OidosSucios.Com\",\"description\":\"M\\u00fasica, conciertos, discos\",\"potentialAction\":[{\"@type\":\"SearchAction\",\"target\":\"https:\/\/www.oidossucios.com\/site\/?s={search_term_string}\",\"query-input\":\"required name=search_term_string\"}],\"inLanguage\":\"es\"},{\"@type\":\"ImageObject\",\"@id\":\"https:\/\/www.oidossucios.com\/site\/bruce-springsteen-lanzara-un-documental-del-disco-the-promise\/#primaryimage\",\"inLanguage\":\"es\",\"url\":\"https:\/\/www.oidossucios.com\/site\/wp-content\/uploads\/2011\/03\/3243.jpg\",\"width\":350,\"height\":300},{\"@type\":\"WebPage\",\"@id\":\"https:\/\/www.oidossucios.com\/site\/bruce-springsteen-lanzara-un-documental-del-disco-the-promise\/#webpage\",\"url\":\"https:\/\/www.oidossucios.com\/site\/bruce-springsteen-lanzara-un-documental-del-disco-the-promise\/\",\"name\":\"Bruce Springsteen lanzar\\u00e1 un documental del disco &quot;The Promise&quot; - OidosSucios.Com\",\"isPartOf\":{\"@id\":\"https:\/\/www.oidossucios.com\/site\/#website\"},\"primaryImageOfPage\":{\"@id\":\"https:\/\/www.oidossucios.com\/site\/bruce-springsteen-lanzara-un-documental-del-disco-the-promise\/#primaryimage\"},\"datePublished\":\"2011-03-30T07:31:00+00:00\",\"dateModified\":\"2011-03-30T07:31:00+00:00\",\"author\":{\"@id\":\"https:\/\/www.oidossucios.com\/site\/#\/schema\/person\/24559eeb76bf83a63296fb072393a688\"},\"inLanguage\":\"es\",\"potentialAction\":[{\"@type\":\"ReadAction\",\"target\":[\"https:\/\/www.oidossucios.com\/site\/bruce-springsteen-lanzara-un-documental-del-disco-the-promise\/\"]}]},{\"@type\":[\"Person\"],\"@id\":\"https:\/\/www.oidossucios.com\/site\/#\/schema\/person\/24559eeb76bf83a63296fb072393a688\",\"name\":\"Oidossucios\",\"image\":{\"@type\":\"ImageObject\",\"@id\":\"https:\/\/www.oidossucios.com\/site\/#personlogo\",\"inLanguage\":\"es\",\"url\":\"https:\/\/secure.gravatar.com\/avatar\/74fcb480f42f1a33e50a0b6e6369a3f907be2e43dc84fa5f76c66e9c22b4a5ab?s=96&d=mm&r=g\",\"caption\":\"Oidossucios\"},\"sameAs\":[\"https:\/\/twitter.com\/oidossucios\"]}]}<\/script>\n<!-- \/ Yoast SEO plugin. -->","jetpack_sharing_enabled":true,"_links":{"self":[{"href":"https:\/\/www.oidossucios.com\/site\/wp-json\/wp\/v2\/posts\/3243","targetHints":{"allow":["GET"]}}],"collection":[{"href":"https:\/\/www.oidossucios.com\/site\/wp-json\/wp\/v2\/posts"}],"about":[{"href":"https:\/\/www.oidossucios.com\/site\/wp-json\/wp\/v2\/types\/post"}],"author":[{"embeddable":true,"href":"https:\/\/www.oidossucios.com\/site\/wp-json\/wp\/v2\/users\/4"}],"replies":[{"embeddable":true,"href":"https:\/\/www.oidossucios.com\/site\/wp-json\/wp\/v2\/comments?post=3243"}],"version-history":[{"count":0,"href":"https:\/\/www.oidossucios.com\/site\/wp-json\/wp\/v2\/posts\/3243\/revisions"}],"wp:featuredmedia":[{"embeddable":true,"href":"https:\/\/www.oidossucios.com\/site\/wp-json\/wp\/v2\/media\/100003243"}],"wp:attachment":[{"href":"https:\/\/www.oidossucios.com\/site\/wp-json\/wp\/v2\/media?parent=3243"}],"wp:term":[{"taxonomy":"category","embeddable":true,"href":"https:\/\/www.oidossucios.com\/site\/wp-json\/wp\/v2\/categories?post=3243"},{"taxonomy":"post_tag","embeddable":true,"href":"https:\/\/www.oidossucios.com\/site\/wp-json\/wp\/v2\/tags?post=3243"}],"curies":[{"name":"wp","href":"https:\/\/api.w.org\/{rel}","templated":true}]}}