{"id":3279,"date":"2011-04-06T02:20:00","date_gmt":"2011-04-06T02:20:00","guid":{"rendered":"https:\/\/www.oidossucios.com\/site\/2011\/04\/06\/video-justin-bieber-jugando-futbol-en-espana-con-una-camiseta-del-barca\/"},"modified":"2011-04-06T02:20:00","modified_gmt":"2011-04-06T02:20:00","slug":"video-justin-bieber-jugando-futbol-en-espana-con-una-camiseta-del-barca","status":"publish","type":"post","link":"https:\/\/www.oidossucios.com\/site\/video-justin-bieber-jugando-futbol-en-espana-con-una-camiseta-del-barca\/","title":{"rendered":"Video: Justin Bieber jugando f\u00fatbol en Espa\u00f1a con una camiseta del Bar\u00e7a"},"content":{"rendered":"<p>Por <\/p>\n<h3>\n<p><p style=\"margin-top: 0cm; margin-right: 0cm; margin-left: 0cm; margin-bottom: 0.0001pt; vertical-align: baseline; \"><span style=\"font-size: 14pt; font-family: Calibri, sans-serif; color: rgb(47, 46, 41); border-top-style: none; border-right-style: none; border-bottom-style: none; border-left-style: none; border-top-color: windowtext; border-right-color: windowtext; border-bottom-color: windowtext; border-left-color: windowtext; border-top-width: 1pt; border-right-width: 1pt; border-bottom-width: 1pt; border-left-width: 1pt; padding-top: 0cm; padding-right: 0cm; padding-bottom: 0cm; padding-left: 0cm; \">El \u00eddolo pop juvenil del momento estuvo en Espa\u00f1a donde actu\u00f3 en Madrid ayer 5 de abril y hoy har\u00e1 lo mismo en Barcelona. Pero el pasado lunes 4, el joven de 17 a\u00f1os jug\u00f3 un partido de f\u00fatbol sala. Lo hizo vistiendo una camiseta del Barcelona en Alcal\u00e1 de Henares, Madrid<strong><span style=\"font-family: Calibri, sans-serif; \">.<\/span><\/strong><span class=\"apple-converted-space\"><b>&nbsp;<o:p><\/o:p><\/b><\/span><\/span><\/p>\n<p style=\"margin-top: 0cm; margin-right: 0cm; margin-left: 0cm; margin-bottom: 0.0001pt; vertical-align: baseline; \"><span class=\"apple-converted-space\"><b><span style=\"font-size: 14pt; font-family: Calibri, sans-serif; color: rgb(47, 46, 41); border-top-style: none; border-right-style: none; border-bottom-style: none; border-left-style: none; border-top-color: windowtext; border-right-color: windowtext; border-bottom-color: windowtext; border-left-color: windowtext; border-top-width: 1pt; border-right-width: 1pt; border-bottom-width: 1pt; border-left-width: 1pt; padding-top: 0cm; padding-right: 0cm; padding-bottom: 0cm; padding-left: 0cm; \"><o:p>&nbsp;<\/o:p><\/span><\/b><\/span><\/p>\n<p style=\"margin-top: 0cm; margin-right: 0cm; margin-left: 0cm; margin-bottom: 0.0001pt; vertical-align: baseline; \"><span style=\"font-size: 14pt; font-family: Calibri, sans-serif; color: rgb(47, 46, 41); border-top-style: none; border-right-style: none; border-bottom-style: none; border-left-style: none; border-top-color: windowtext; border-right-color: windowtext; border-bottom-color: windowtext; border-left-color: windowtext; border-top-width: 1pt; border-right-width: 1pt; border-bottom-width: 1pt; border-left-width: 1pt; padding-top: 0cm; padding-right: 0cm; padding-bottom: 0cm; padding-left: 0cm; \">El cantante, que aterriz\u00f3 en la capital espa\u00f1ola el domingo, no<span class=\"apple-converted-space\">&nbsp;<\/span><strong><span style=\"font-family: Calibri, sans-serif; \">dud\u00f3 en irse a jugar<\/span><\/strong>, un acto que puso tenso a sus managers y representantes, que tem\u00edan que se lesionase o que se corriese la voz y las fans pudieran tomar la cancha. Sin embargo, todo se desarroll\u00f3 con normalidad. Pero antes, se comi\u00f3 una hamburguesa en un McDonalds e, importante, le pidi\u00f3 permiso a su madre <span>&nbsp;<\/span>para pasar la tarde del lunes jugando<strong><span style=\"font-family: Calibri, sans-serif; \">.<\/span><\/strong><\/span><strong><span style=\"font-family: Calibri, sans-serif; font-weight: normal; \"><o:p><\/o:p><\/span><\/strong><\/p>\n<p style=\"margin-top: 0cm; margin-right: 0cm; margin-left: 0cm; margin-bottom: 0.0001pt; vertical-align: baseline; \"><span style=\"font-size: 14pt; font-family: Calibri, sans-serif; color: rgb(47, 46, 41); \"><o:p>&nbsp;<\/o:p><\/span><\/p>\n<p style=\"margin-top: 0cm; margin-right: 0cm; margin-left: 0cm; margin-bottom: 0.0001pt; vertical-align: baseline; border-style: initial; border-color: initial; outline-width: 0px; outline-style: initial; outline-color: initial; font-weight: inherit; \"><span style=\"border-style: initial; border-color: initial; outline-width: 0px; outline-style: initial; outline-color: initial; font-weight: inherit; \"><span style=\"font-size: 14pt; font-family: Calibri, sans-serif; color: rgb(47, 46, 41); border-top-style: none; border-right-style: none; border-bottom-style: none; border-left-style: none; border-top-color: windowtext; border-right-color: windowtext; border-bottom-color: windowtext; border-left-color: windowtext; border-top-width: 1pt; border-right-width: 1pt; border-bottom-width: 1pt; border-left-width: 1pt; padding-top: 0cm; padding-right: 0cm; padding-bottom: 0cm; padding-left: 0cm; \">Se desplaz\u00f3 con tres amigos y su guardaespaldas hasta el Ciudad Deportiva de El Val de Alcal\u00e1 de Henares, localidad en la que se aloja durante estos d\u00edas. All\u00ed, les pregunt\u00f3 a unos j\u00f3venes madrile\u00f1os si les apetec\u00eda unirse a ellos para jugar: &#8220;Nos dijo que si quer\u00edamos jugar y cuando<span class=\"apple-converted-space\">&nbsp;<\/span><strong><span style=\"font-family: Calibri, sans-serif; \">le pregunt\u00e9 si era Justin Bieber, \u00e9l me dijo que no<\/span><\/strong>,<span class=\"apple-converted-space\">&nbsp;<\/span><strong><span style=\"font-family: Calibri, sans-serif; \">que s\u00f3lo quer\u00eda jugar al f\u00fatbol<\/span><\/strong>&#8220;, explica uno de esos chavales en<span class=\"apple-converted-space\">&nbsp;<\/span><a target=\"_blank\" style=\"border-style: initial; border-color: initial; outline-width: 0px; outline-style: initial; outline-color: initial; font-weight: inherit; \" href=\"http:\/\/www.diariodealcala.es\/articulo\/general\/6960\/locas-por-justin-bieber\" rel=\"noopener noreferrer\"><i><span style=\"color: rgb(219, 5, 5); text-decoration: none; \">El Diario de Alcal\u00e1<\/span><\/i><\/a>. Y reconoce: &#8220;<strong><span style=\"font-family: Calibri, sans-serif; \">No nos hemos atrevido a hacerle muchas faltas<\/span><\/strong><span class=\"apple-converted-space\">&nbsp;<\/span>porque es un chico majo. Se ha hecho fotos con nosotros&#8221;. <o:p><\/o:p><\/span><\/span><\/p>\n<p style=\"margin-top: 0cm; margin-right: 0cm; margin-left: 0cm; margin-bottom: 0.0001pt; vertical-align: baseline; \"><span style=\"font-size: 14pt; font-family: Calibri, sans-serif; color: rgb(47, 46, 41); border-top-style: none; border-right-style: none; border-bottom-style: none; border-left-style: none; border-top-color: windowtext; border-right-color: windowtext; border-bottom-color: windowtext; border-left-color: windowtext; border-top-width: 1pt; border-right-width: 1pt; border-bottom-width: 1pt; border-left-width: 1pt; padding-top: 0cm; padding-right: 0cm; padding-bottom: 0cm; padding-left: 0cm; \"><o:p>&nbsp;<\/o:p><\/span><\/p>\n<p style=\"margin-top: 0cm; margin-right: 0cm; margin-left: 0cm; margin-bottom: 0.0001pt; vertical-align: baseline; \"><span style=\"font-size: 14pt; font-family: Calibri, sans-serif; color: rgb(47, 46, 41); border-top-style: none; border-right-style: none; border-bottom-style: none; border-left-style: none; border-top-color: windowtext; border-right-color: windowtext; border-bottom-color: windowtext; border-left-color: windowtext; border-top-width: 1pt; border-right-width: 1pt; border-bottom-width: 1pt; border-left-width: 1pt; padding-top: 0cm; padding-right: 0cm; padding-bottom: 0cm; padding-left: 0cm; \">&#8220;<strong><span style=\"font-family: Calibri, sans-serif; \">Se ha comido muchos balones<\/span><\/strong>&#8220;, declaran con sorna los j\u00f3venes que jugaron el partido con \u00e9l. Justin incluso consigui\u00f3 meter un gol. Y se quit\u00f3 la camiseta para celebrarlo.<o:p><\/o:p><\/span><\/p>\n<p style=\"margin-top: 0cm; margin-right: 0cm; margin-left: 0cm; margin-bottom: 0.0001pt; vertical-align: baseline; \"><span style=\"font-size: 14pt; font-family: Calibri, sans-serif; color: rgb(47, 46, 41); border-top-style: none; border-right-style: none; border-bottom-style: none; border-left-style: none; border-top-color: windowtext; border-right-color: windowtext; border-bottom-color: windowtext; border-left-color: windowtext; border-top-width: 1pt; border-right-width: 1pt; border-bottom-width: 1pt; border-left-width: 1pt; padding-top: 0cm; padding-right: 0cm; padding-bottom: 0cm; padding-left: 0cm; \"><o:p>&nbsp;<\/o:p><\/span><\/p>\n<p style=\"margin-top: 0cm; margin-right: 0cm; margin-left: 0cm; margin-bottom: 0.0001pt; vertical-align: baseline; \"><span style=\"font-size: 14pt; font-family: Calibri, sans-serif; color: rgb(47, 46, 41); border-top-style: none; border-right-style: none; border-bottom-style: none; border-left-style: none; border-top-color: windowtext; border-right-color: windowtext; border-bottom-c\nolor: windowtext; border-left-color: windowtext; border-top-width: 1pt; border-right-width: 1pt; border-bottom-width: 1pt; border-left-width: 1pt; padding-top: 0cm; padding-right: 0cm; padding-bottom: 0cm; padding-left: 0cm; \">Mientras el cantante jugaba al f\u00fatbol tranquilamente, miles de ni\u00f1as adolescentes le esperaban con pancartas y la cara pintada con sus iniciales en la cola del Palacio de Deportes en Madrid para verlo esa misma noche.<\/span><span style=\"font-size: 14pt; font-family: Calibri, sans-serif; color: rgb(47, 46, 41); \"><o:p><\/o:p><\/span><\/p>\n<p style=\"margin-top: 0cm; margin-right: 0cm; margin-left: 0cm; margin-bottom: 0.0001pt; vertical-align: baseline; border-style: initial; border-color: initial; outline-width: 0px; outline-style: initial; outline-color: initial; font-weight: inherit; \"><span style=\"border-style: initial; border-color: initial; outline-width: 0px; outline-style: initial; outline-color: initial; font-weight: inherit; \"><span style=\"font-size: 14pt; font-family: Calibri, sans-serif; color: rgb(47, 46, 41); border-top-style: none; border-right-style: none; border-bottom-style: none; border-left-style: none; border-top-color: windowtext; border-right-color: windowtext; border-bottom-color: windowtext; border-left-color: windowtext; border-top-width: 1pt; border-right-width: 1pt; border-bottom-width: 1pt; border-left-width: 1pt; padding-top: 0cm; padding-right: 0cm; padding-bottom: 0cm; padding-left: 0cm; \"><o:p>&nbsp;<\/o:p><\/span><\/span><\/p>\n<p style=\"margin-top: 0cm; margin-right: 0cm; margin-left: 0cm; margin-bottom: 0.0001pt; vertical-align: baseline; \"><span style=\"font-size: 14pt; font-family: Calibri, sans-serif; color: rgb(47, 46, 41); border-top-style: none; border-right-style: none; border-bottom-style: none; border-left-style: none; border-top-color: windowtext; border-right-color: windowtext; border-bottom-color: windowtext; border-left-color: windowtext; border-top-width: 1pt; border-right-width: 1pt; border-bottom-width: 1pt; border-left-width: 1pt; padding-top: 0cm; padding-right: 0cm; padding-bottom: 0cm; padding-left: 0cm; \">Dejamos dos videos en los que se ve el estilo de Bieber<\/span><span class=\"apple-converted-space\"><span style=\"border-style: initial; border-color: initial; outline-width: 0px; outline-style: initial; outline-color: initial; font-weight: inherit; \">&nbsp;<\/span>con el bal\u00f3n. En la galer\u00eda las fotos.<\/span><span style=\"font-size: 14pt; font-family: Calibri, sans-serif; color: rgb(47, 46, 41); \"><o:p><\/o:p><\/span><\/p>\n<\/p>\n<p><\/p>\n<\/h3>\n<p><iframe loading=\"lazy\" title=\"YouTube video player\" width=\"480\" height=\"390\" frameborder=\"0\" allowfullscreen=\"\" src=\"http:\/\/www.youtube.com\/embed\/1DX6z0IIv0Y\"><\/iframe><\/p>\n<p>&nbsp;<\/p>\n<p><iframe loading=\"lazy\" title=\"YouTube video player\" width=\"480\" height=\"390\" frameborder=\"0\" allowfullscreen=\"\" src=\"http:\/\/www.youtube.com\/embed\/upC_ylooaxU\"><\/iframe><\/p>\n<p><\/p>\n<p>Fuente: www.rollingstone.es<\/p>\n<p><\/p>\n<p><\/p>\n<p><!--nextpage--><img decoding=\"async\" class=\"aligncenter size-medium wp-image-111113961\" src=\"https:\/\/www.oidossucios.com\/site\/wp-content\/uploads\/2020\/02\/3961.jpg\" alt=\"Video: Justin Bieber jugando f\u00fatbol en Espa\u00f1a con una camiseta del Bar\u00e7a\"  \/><!--nextpage--><img decoding=\"async\" class=\"aligncenter size-medium wp-image-111113962\" src=\"https:\/\/www.oidossucios.com\/site\/wp-content\/uploads\/2020\/02\/3962.jpg\" alt=\"Video: Justin Bieber jugando f\u00fatbol en Espa\u00f1a con una camiseta del Bar\u00e7a\"  \/><!--nextpage--><img decoding=\"async\" class=\"aligncenter size-medium wp-image-111113963\" src=\"https:\/\/www.oidossucios.com\/site\/wp-content\/uploads\/2020\/02\/3963.jpg\" alt=\"Video: Justin Bieber jugando f\u00fatbol en Espa\u00f1a con una camiseta del Bar\u00e7a\"  \/><!--nextpage--><img decoding=\"async\" class=\"aligncenter size-medium wp-image-111113964\" src=\"https:\/\/www.oidossucios.com\/site\/wp-content\/uploads\/2020\/02\/3964.jpg\" alt=\"Video: Justin Bieber jugando f\u00fatbol en Espa\u00f1a con una camiseta del Bar\u00e7a\"  \/><a href='https:\/\/www.oidossucios.com\/site\/video-justin-bieber-jugando-futbol-en-espana-con-una-camiseta-del-barca\/2\/'\n                        onclick='if (tpsInstance) { tpsInstance.setNext(); return false; }'\n                        rel='next'\n                        style=''\n                        class=''>Ver galer\u00eda<\/a>]]><\/p>\n","protected":false},"excerpt":{"rendered":"<p>El cantante se visti\u00f3 de azulgrana y marc\u00f3 un gol. Mientras, decenas de sus fans acampaban en el Palacio de Deportes de Madrid para ver su concierto.<\/p>\n","protected":false},"author":4,"featured_media":100003279,"comment_status":"open","ping_status":"open","sticky":false,"template":"","format":"standard","meta":{"_jetpack_memberships_contains_paid_content":false,"footnotes":""},"categories":[685],"tags":[],"class_list":["post-3279","post","type-post","status-publish","format-standard","has-post-thumbnail","hentry","category-ultima"],"jetpack_featured_media_url":"https:\/\/www.oidossucios.com\/site\/wp-content\/uploads\/2011\/04\/3279.jpg","yoast_head":"<!-- This site is optimized with the Yoast SEO plugin v14.0.4 - https:\/\/yoast.com\/wordpress\/plugins\/seo\/ -->\n<title>Video: Justin Bieber jugando f\u00fatbol en Espa\u00f1a con una camiseta del Bar\u00e7a - OidosSucios.Com<\/title>\n<meta name=\"description\" content=\"El cantante se visti\u00f3 de azulgrana y marc\u00f3 un gol. Mientras, decenas de sus fans acampaban en el Palacio de Deportes de Madrid para ver su concierto.\" \/>\n<meta name=\"robots\" content=\"index, follow\" \/>\n<meta name=\"googlebot\" content=\"index, follow, max-snippet:-1, max-image-preview:large, max-video-preview:-1\" \/>\n<meta name=\"bingbot\" content=\"index, follow, max-snippet:-1, max-image-preview:large, max-video-preview:-1\" \/>\n<link rel=\"canonical\" href=\"https:\/\/www.oidossucios.com\/site\/video-justin-bieber-jugando-futbol-en-espana-con-una-camiseta-del-barca\/\" \/>\n<link rel=\"next\" href=\"https:\/\/www.oidossucios.com\/site\/video-justin-bieber-jugando-futbol-en-espana-con-una-camiseta-del-barca\/2\/\" \/>\n<meta property=\"og:locale\" content=\"es_ES\" \/>\n<meta property=\"og:type\" content=\"article\" \/>\n<meta property=\"og:title\" content=\"Video: Justin Bieber jugando f\u00fatbol en Espa\u00f1a con una camiseta del Bar\u00e7a - OidosSucios.Com\" \/>\n<meta property=\"og:description\" content=\"El cantante se visti\u00f3 de azulgrana y marc\u00f3 un gol. Mientras, decenas de sus fans acampaban en el Palacio de Deportes de Madrid para ver su concierto.\" \/>\n<meta property=\"og:url\" content=\"https:\/\/www.oidossucios.com\/site\/video-justin-bieber-jugando-futbol-en-espana-con-una-camiseta-del-barca\/\" \/>\n<meta property=\"og:site_name\" content=\"OidosSucios.Com\" \/>\n<meta property=\"article:published_time\" content=\"2011-04-06T02:20:00+00:00\" \/>\n<meta property=\"og:image\" content=\"https:\/\/www.oidossucios.com\/site\/wp-content\/uploads\/2011\/04\/3279.jpg\" \/>\n\t<meta property=\"og:image:width\" content=\"350\" \/>\n\t<meta property=\"og:image:height\" content=\"300\" \/>\n<meta name=\"twitter:card\" content=\"summary_large_image\" \/>\n<meta name=\"twitter:creator\" content=\"@oidossucios\" \/>\n<script type=\"application\/ld+json\" class=\"yoast-schema-graph\">{\"@context\":\"https:\/\/schema.org\",\"@graph\":[{\"@type\":\"WebSite\",\"@id\":\"https:\/\/www.oidossucios.com\/site\/#website\",\"url\":\"https:\/\/www.oidossucios.com\/site\/\",\"name\":\"OidosSucios.Com\",\"description\":\"M\\u00fasica, conciertos, discos\",\"potentialAction\":[{\"@type\":\"SearchAction\",\"target\":\"https:\/\/www.oidossucios.com\/site\/?s={search_term_string}\",\"query-input\":\"required name=search_term_string\"}],\"inLanguage\":\"es\"},{\"@type\":\"ImageObject\",\"@id\":\"https:\/\/www.oidossucios.com\/site\/video-justin-bieber-jugando-futbol-en-espana-con-una-camiseta-del-barca\/#primaryimage\",\"inLanguage\":\"es\",\"url\":\"https:\/\/www.oidossucios.com\/site\/wp-content\/uploads\/2011\/04\/3279.jpg\",\"width\":350,\"height\":300},{\"@type\":\"WebPage\",\"@id\":\"https:\/\/www.oidossucios.com\/site\/video-justin-bieber-jugando-futbol-en-espana-con-una-camiseta-del-barca\/#webpage\",\"url\":\"https:\/\/www.oidossucios.com\/site\/video-justin-bieber-jugando-futbol-en-espana-con-una-camiseta-del-barca\/\",\"name\":\"Video: Justin Bieber jugando f\\u00fatbol en Espa\\u00f1a con una camiseta del Bar\\u00e7a - OidosSucios.Com\",\"isPartOf\":{\"@id\":\"https:\/\/www.oidossucios.com\/site\/#website\"},\"primaryImageOfPage\":{\"@id\":\"https:\/\/www.oidossucios.com\/site\/video-justin-bieber-jugando-futbol-en-espana-con-una-camiseta-del-barca\/#primaryimage\"},\"datePublished\":\"2011-04-06T02:20:00+00:00\",\"dateModified\":\"2011-04-06T02:20:00+00:00\",\"author\":{\"@id\":\"https:\/\/www.oidossucios.com\/site\/#\/schema\/person\/24559eeb76bf83a63296fb072393a688\"},\"description\":\"El cantante se visti\\u00f3 de azulgrana y marc\\u00f3 un gol. Mientras, decenas de sus fans acampaban en el Palacio de Deportes de Madrid para ver su concierto.\",\"inLanguage\":\"es\",\"potentialAction\":[{\"@type\":\"ReadAction\",\"target\":[\"https:\/\/www.oidossucios.com\/site\/video-justin-bieber-jugando-futbol-en-espana-con-una-camiseta-del-barca\/\"]}]},{\"@type\":[\"Person\"],\"@id\":\"https:\/\/www.oidossucios.com\/site\/#\/schema\/person\/24559eeb76bf83a63296fb072393a688\",\"name\":\"Oidossucios\",\"image\":{\"@type\":\"ImageObject\",\"@id\":\"https:\/\/www.oidossucios.com\/site\/#personlogo\",\"inLanguage\":\"es\",\"url\":\"https:\/\/secure.gravatar.com\/avatar\/74fcb480f42f1a33e50a0b6e6369a3f907be2e43dc84fa5f76c66e9c22b4a5ab?s=96&d=mm&r=g\",\"caption\":\"Oidossucios\"},\"sameAs\":[\"https:\/\/twitter.com\/oidossucios\"]}]}<\/script>\n<!-- \/ Yoast SEO plugin. -->","jetpack_sharing_enabled":true,"_links":{"self":[{"href":"https:\/\/www.oidossucios.com\/site\/wp-json\/wp\/v2\/posts\/3279","targetHints":{"allow":["GET"]}}],"collection":[{"href":"https:\/\/www.oidossucios.com\/site\/wp-json\/wp\/v2\/posts"}],"about":[{"href":"https:\/\/www.oidossucios.com\/site\/wp-json\/wp\/v2\/types\/post"}],"author":[{"embeddable":true,"href":"https:\/\/www.oidossucios.com\/site\/wp-json\/wp\/v2\/users\/4"}],"replies":[{"embeddable":true,"href":"https:\/\/www.oidossucios.com\/site\/wp-json\/wp\/v2\/comments?post=3279"}],"version-history":[{"count":0,"href":"https:\/\/www.oidossucios.com\/site\/wp-json\/wp\/v2\/posts\/3279\/revisions"}],"wp:featuredmedia":[{"embeddable":true,"href":"https:\/\/www.oidossucios.com\/site\/wp-json\/wp\/v2\/media\/100003279"}],"wp:attachment":[{"href":"https:\/\/www.oidossucios.com\/site\/wp-json\/wp\/v2\/media?parent=3279"}],"wp:term":[{"taxonomy":"category","embeddable":true,"href":"https:\/\/www.oidossucios.com\/site\/wp-json\/wp\/v2\/categories?post=3279"},{"taxonomy":"post_tag","embeddable":true,"href":"https:\/\/www.oidossucios.com\/site\/wp-json\/wp\/v2\/tags?post=3279"}],"curies":[{"name":"wp","href":"https:\/\/api.w.org\/{rel}","templated":true}]}}