{"id":3281,"date":"2011-04-07T06:12:00","date_gmt":"2011-04-07T06:12:00","guid":{"rendered":"https:\/\/www.oidossucios.com\/site\/2011\/04\/07\/desorden-publico-y-los-pericos-celebran-juntos-25-anos-de-carrera\/"},"modified":"2011-04-07T06:12:00","modified_gmt":"2011-04-07T06:12:00","slug":"desorden-publico-y-los-pericos-celebran-juntos-25-anos-de-carrera","status":"publish","type":"post","link":"https:\/\/www.oidossucios.com\/site\/desorden-publico-y-los-pericos-celebran-juntos-25-anos-de-carrera\/","title":{"rendered":"Desorden P\u00fablico y Los Pericos celebran juntos 25 a\u00f1os de carrera"},"content":{"rendered":"\n<p>Desorden P\u00fablico y Los Pericos se unen en un concierto \u00fanico lleno de energ\u00eda para celebrar que ambas agrupaciones cumplen 25 a\u00f1os de vida musical, en el Anfiteatro del Centro Sambil Caracas&nbsp;<b>este pr\u00f3ximo 14 de mayo.<\/b><\/p>\n<p><b><br \/><\/b><br \/>En esta oportunidad, los &#8220;desordenados&#8221;,&nbsp; pioneros del ska local, llegar\u00e1n con todos los \u00e9xitos que han hecho vibrar a tres generaciones y los de su m\u00e1s reciente producci\u00f3n discogr\u00e1fica&nbsp;<i>Los Contrarios<\/i>, que estar\u00e1n estrenando hoy (07 de Abril) en el Centro Comercial San Ignacio con un concierto gratuito a las 6:30pm.<\/p>\n<p>Mientras que los l\u00edderes indiscutibles del reggae en espa\u00f1ol, Los Pericos, integrada por Horacio Avenda\u00f1o (saxo y voz), Juanchi (guitarras y voz), Diego Blanco (teclados y coros), Marcelo Blanco (percusi\u00f3n y voz), Gast\u00f3n Gon\u00e7alves (bajo y coros), Ariel Raiman (bater\u00eda) y Willie Valentinis (guitarra y voz), vienen para festejar con los venezolanos, a trav\u00e9s de temas que ya son cl\u00e1sicos y que marcaron un hito en la historia del movimiento alternativo en Latinoam\u00e9rica, esto dentro de una gira que los ha llevado por distintos pa\u00edses de la regi\u00f3n, tras la edici\u00f3n de su \u00e1lbum&nbsp;<i>Pericos &amp; Friends<\/i>.&nbsp;<\/p>\n<p>Las entradas para disfrutar de este reecuentro est\u00e1n a la venta en las Taquillas de Livetickets Sambil, Lomas de La Lagunita, CCCT y en&nbsp;<a target=\"_blank\" href=\"http:\/\/www.livetickets.com.ve\/\" rel=\"noopener noreferrer\">www.livetickets.com.ve<\/a>.<\/p>\n<p><!--nextpage--><img decoding=\"async\" class=\"aligncenter size-medium wp-image-111113968\" src=\"https:\/\/www.oidossucios.com\/site\/wp-content\/uploads\/2020\/02\/3968.jpg\" alt=\"Desorden P\u00fablico y Los Pericos celebran juntos 25 a\u00f1os de carrera\"  \/><!--nextpage--><img decoding=\"async\" class=\"aligncenter size-medium wp-image-111113969\" src=\"https:\/\/www.oidossucios.com\/site\/wp-content\/uploads\/2020\/02\/3969.jpg\" alt=\"Desorden P\u00fablico y Los Pericos celebran juntos 25 a\u00f1os de carrera\"  \/><a href='https:\/\/www.oidossucios.com\/site\/desorden-publico-y-los-pericos-celebran-juntos-25-anos-de-carrera\/2\/'\n                        onclick='if (tpsInstance) { tpsInstance.setNext(); return false; }'\n                        rel='next'\n                        style=''\n                        class=''>Ver galer\u00eda<\/a>]]><\/p>\n","protected":false},"excerpt":{"rendered":"<p>Las dos m\u00edticas bandas estar\u00e1n present\u00e1ndose juntas en el Anfiteatro del Sambil.<\/p>\n","protected":false},"author":4,"featured_media":100003281,"comment_status":"open","ping_status":"open","sticky":false,"template":"","format":"standard","meta":{"_jetpack_memberships_contains_paid_content":false,"footnotes":""},"categories":[250],"tags":[],"class_list":["post-3281","post","type-post","status-publish","format-standard","has-post-thumbnail","hentry","category-noticias"],"jetpack_featured_media_url":"https:\/\/www.oidossucios.com\/site\/wp-content\/uploads\/2011\/04\/3281.jpg","yoast_head":"<!-- This site is optimized with the Yoast SEO plugin v14.0.4 - https:\/\/yoast.com\/wordpress\/plugins\/seo\/ -->\n<title>Desorden P\u00fablico y Los Pericos celebran juntos 25 a\u00f1os de carrera - OidosSucios.Com<\/title>\n<meta name=\"description\" content=\"Las dos m\u00edticas bandas estar\u00e1n present\u00e1ndose juntas en el Anfiteatro del Sambil.\" \/>\n<meta name=\"robots\" content=\"index, follow\" \/>\n<meta name=\"googlebot\" content=\"index, follow, max-snippet:-1, max-image-preview:large, max-video-preview:-1\" \/>\n<meta name=\"bingbot\" content=\"index, follow, max-snippet:-1, max-image-preview:large, max-video-preview:-1\" \/>\n<link rel=\"canonical\" href=\"https:\/\/www.oidossucios.com\/site\/desorden-publico-y-los-pericos-celebran-juntos-25-anos-de-carrera\/\" \/>\n<link rel=\"next\" href=\"https:\/\/www.oidossucios.com\/site\/desorden-publico-y-los-pericos-celebran-juntos-25-anos-de-carrera\/2\/\" \/>\n<meta property=\"og:locale\" content=\"es_ES\" \/>\n<meta property=\"og:type\" content=\"article\" \/>\n<meta property=\"og:title\" content=\"Desorden P\u00fablico y Los Pericos celebran juntos 25 a\u00f1os de carrera - OidosSucios.Com\" \/>\n<meta property=\"og:description\" content=\"Las dos m\u00edticas bandas estar\u00e1n present\u00e1ndose juntas en el Anfiteatro del Sambil.\" \/>\n<meta property=\"og:url\" content=\"https:\/\/www.oidossucios.com\/site\/desorden-publico-y-los-pericos-celebran-juntos-25-anos-de-carrera\/\" \/>\n<meta property=\"og:site_name\" content=\"OidosSucios.Com\" \/>\n<meta property=\"article:published_time\" content=\"2011-04-07T06:12:00+00:00\" \/>\n<meta property=\"og:image\" content=\"https:\/\/www.oidossucios.com\/site\/wp-content\/uploads\/2011\/04\/3281.jpg\" \/>\n\t<meta property=\"og:image:width\" content=\"350\" \/>\n\t<meta property=\"og:image:height\" content=\"300\" \/>\n<meta name=\"twitter:card\" content=\"summary_large_image\" \/>\n<meta name=\"twitter:creator\" content=\"@oidossucios\" \/>\n<script type=\"application\/ld+json\" class=\"yoast-schema-graph\">{\"@context\":\"https:\/\/schema.org\",\"@graph\":[{\"@type\":\"WebSite\",\"@id\":\"https:\/\/www.oidossucios.com\/site\/#website\",\"url\":\"https:\/\/www.oidossucios.com\/site\/\",\"name\":\"OidosSucios.Com\",\"description\":\"M\\u00fasica, conciertos, discos\",\"potentialAction\":[{\"@type\":\"SearchAction\",\"target\":\"https:\/\/www.oidossucios.com\/site\/?s={search_term_string}\",\"query-input\":\"required name=search_term_string\"}],\"inLanguage\":\"es\"},{\"@type\":\"ImageObject\",\"@id\":\"https:\/\/www.oidossucios.com\/site\/desorden-publico-y-los-pericos-celebran-juntos-25-anos-de-carrera\/#primaryimage\",\"inLanguage\":\"es\",\"url\":\"https:\/\/www.oidossucios.com\/site\/wp-content\/uploads\/2011\/04\/3281.jpg\",\"width\":350,\"height\":300},{\"@type\":\"WebPage\",\"@id\":\"https:\/\/www.oidossucios.com\/site\/desorden-publico-y-los-pericos-celebran-juntos-25-anos-de-carrera\/#webpage\",\"url\":\"https:\/\/www.oidossucios.com\/site\/desorden-publico-y-los-pericos-celebran-juntos-25-anos-de-carrera\/\",\"name\":\"Desorden P\\u00fablico y Los Pericos celebran juntos 25 a\\u00f1os de carrera - OidosSucios.Com\",\"isPartOf\":{\"@id\":\"https:\/\/www.oidossucios.com\/site\/#website\"},\"primaryImageOfPage\":{\"@id\":\"https:\/\/www.oidossucios.com\/site\/desorden-publico-y-los-pericos-celebran-juntos-25-anos-de-carrera\/#primaryimage\"},\"datePublished\":\"2011-04-07T06:12:00+00:00\",\"dateModified\":\"2011-04-07T06:12:00+00:00\",\"author\":{\"@id\":\"https:\/\/www.oidossucios.com\/site\/#\/schema\/person\/24559eeb76bf83a63296fb072393a688\"},\"description\":\"Las dos m\\u00edticas bandas estar\\u00e1n present\\u00e1ndose juntas en el Anfiteatro del Sambil.\",\"inLanguage\":\"es\",\"potentialAction\":[{\"@type\":\"ReadAction\",\"target\":[\"https:\/\/www.oidossucios.com\/site\/desorden-publico-y-los-pericos-celebran-juntos-25-anos-de-carrera\/\"]}]},{\"@type\":[\"Person\"],\"@id\":\"https:\/\/www.oidossucios.com\/site\/#\/schema\/person\/24559eeb76bf83a63296fb072393a688\",\"name\":\"Oidossucios\",\"image\":{\"@type\":\"ImageObject\",\"@id\":\"https:\/\/www.oidossucios.com\/site\/#personlogo\",\"inLanguage\":\"es\",\"url\":\"https:\/\/secure.gravatar.com\/avatar\/74fcb480f42f1a33e50a0b6e6369a3f907be2e43dc84fa5f76c66e9c22b4a5ab?s=96&d=mm&r=g\",\"caption\":\"Oidossucios\"},\"sameAs\":[\"https:\/\/twitter.com\/oidossucios\"]}]}<\/script>\n<!-- \/ Yoast SEO plugin. -->","jetpack_sharing_enabled":true,"_links":{"self":[{"href":"https:\/\/www.oidossucios.com\/site\/wp-json\/wp\/v2\/posts\/3281","targetHints":{"allow":["GET"]}}],"collection":[{"href":"https:\/\/www.oidossucios.com\/site\/wp-json\/wp\/v2\/posts"}],"about":[{"href":"https:\/\/www.oidossucios.com\/site\/wp-json\/wp\/v2\/types\/post"}],"author":[{"embeddable":true,"href":"https:\/\/www.oidossucios.com\/site\/wp-json\/wp\/v2\/users\/4"}],"replies":[{"embeddable":true,"href":"https:\/\/www.oidossucios.com\/site\/wp-json\/wp\/v2\/comments?post=3281"}],"version-history":[{"count":0,"href":"https:\/\/www.oidossucios.com\/site\/wp-json\/wp\/v2\/posts\/3281\/revisions"}],"wp:featuredmedia":[{"embeddable":true,"href":"https:\/\/www.oidossucios.com\/site\/wp-json\/wp\/v2\/media\/100003281"}],"wp:attachment":[{"href":"https:\/\/www.oidossucios.com\/site\/wp-json\/wp\/v2\/media?parent=3281"}],"wp:term":[{"taxonomy":"category","embeddable":true,"href":"https:\/\/www.oidossucios.com\/site\/wp-json\/wp\/v2\/categories?post=3281"},{"taxonomy":"post_tag","embeddable":true,"href":"https:\/\/www.oidossucios.com\/site\/wp-json\/wp\/v2\/tags?post=3281"}],"curies":[{"name":"wp","href":"https:\/\/api.w.org\/{rel}","templated":true}]}}