{"id":3285,"date":"2011-04-07T06:32:00","date_gmt":"2011-04-07T06:32:00","guid":{"rendered":"https:\/\/www.oidossucios.com\/site\/2011\/04\/07\/video-fotografos-espanoles-insultan-a-justin-bieber\/"},"modified":"2011-04-07T06:32:00","modified_gmt":"2011-04-07T06:32:00","slug":"video-fotografos-espanoles-insultan-a-justin-bieber","status":"publish","type":"post","link":"https:\/\/www.oidossucios.com\/site\/video-fotografos-espanoles-insultan-a-justin-bieber\/","title":{"rendered":"Video: fot\u00f3grafos espa\u00f1oles insultan a Justin Bieber"},"content":{"rendered":"<p>Por <\/p>\n<p>El&nbsp;<strong>paso de Justin Bieber por Espa\u00f1a<\/strong><b>&nbsp;<\/b>est\u00e1 dulcificando la vida de unos y amargando la de otros. Antes de&nbsp;su concierto de ayer&nbsp;en el Palacio de los Deportes de Madrid, el joven canadiense jug\u00f3 un&nbsp;<a href=\"\/ultima\/3279\/video-justin-bieber-jugando-futbol-en-espana\/\">partido de f\u00fatbol con la camiseta del Bar\u00e7a&nbsp;<\/a>y ofreci\u00f3 una rueda de prensa en la capital para los periodistas espa\u00f1oles. En este \u00faltimo encuentro, apareci\u00f3&nbsp;<strong>una hora m\u00e1s tarde de lo previsto.<\/strong>&nbsp;La cosa no se qued\u00f3 ah\u00ed. Bieber, adem\u00e1s,&nbsp;<strong>se neg\u00f3 a posar para los fot\u00f3grafos espa\u00f1oles<\/strong>. Desfil\u00f3, frente a sus objetivos, veloz como una bala y vacilando al personal. En ning\u00fan caso se par\u00f3 para que los reporteros gr\u00e1ficos hicieran su trabajo. Tampoco se quit\u00f3 su caracter\u00edstica capucha. Los fot\u00f3grafos, indignados y cansados tras&nbsp;<strong>una hora de infruct\u00edfera espera<\/strong>, no pudieron contener los insultos hacia el cantante.&nbsp;<strong>&#8220;\u00a1Idiota!, \u00a1payaso!&#8221;,<\/strong>&nbsp;le gritaron. Puedes ver el video a continuaci\u00f3n:<\/p>\n<p>&nbsp;<\/p>\n<p><b><object width=\"640\" height=\"390\"><param name=\"movie\" value=\"http:\/\/www.youtube.com\/v\/8eCB56cN1tA&#038;hl=en_US&#038;feature=player_embedded&#038;version=3\"><\/param><param name=\"allowFullScreen\" value=\"true\"><\/param><param name=\"allowScriptAccess\" value=\"always\"><\/param><\/object><\/b><\/p>\n<p><b><span style=\"font-weight: normal; \" class=\"Apple-style-span\"><b><span style=\"font-weight: normal; \" class=\"Apple-style-span\"><b><br \/><\/b><\/span><\/b><\/span><\/b><\/p>\n<p><b><span style=\"font-weight: normal; \" class=\"Apple-style-span\"><b><span style=\"font-weight: normal; \" class=\"Apple-style-span\"><b>Fuente: www.rollingstone.es<\/b><\/span><\/b><\/span><\/b><\/p>\n","protected":false},"excerpt":{"rendered":"<p>La joven estrella no quiso posar ante la prensa espa\u00f1ola. Tampoco se quit\u00f3 la capucha. &quot;\u00a1Payaso!&quot;, le gritaron.<\/p>\n","protected":false},"author":4,"featured_media":100003285,"comment_status":"open","ping_status":"open","sticky":false,"template":"","format":"standard","meta":{"_jetpack_memberships_contains_paid_content":false,"footnotes":""},"categories":[685],"tags":[],"class_list":["post-3285","post","type-post","status-publish","format-standard","has-post-thumbnail","hentry","category-ultima"],"jetpack_featured_media_url":"https:\/\/www.oidossucios.com\/site\/wp-content\/uploads\/2011\/04\/3285.jpg","yoast_head":"<!-- This site is optimized with the Yoast SEO plugin v14.0.4 - https:\/\/yoast.com\/wordpress\/plugins\/seo\/ -->\n<title>Video: fot\u00f3grafos espa\u00f1oles insultan a Justin Bieber - OidosSucios.Com<\/title>\n<meta name=\"description\" content=\"La joven estrella no quiso posar ante la prensa espa\u00f1ola. Tampoco se quit\u00f3 la capucha. &quot;\u00a1Payaso!&quot;, le gritaron.\" \/>\n<meta name=\"robots\" content=\"index, follow\" \/>\n<meta name=\"googlebot\" content=\"index, follow, max-snippet:-1, max-image-preview:large, max-video-preview:-1\" \/>\n<meta name=\"bingbot\" content=\"index, follow, max-snippet:-1, max-image-preview:large, max-video-preview:-1\" \/>\n<link rel=\"canonical\" href=\"https:\/\/www.oidossucios.com\/site\/video-fotografos-espanoles-insultan-a-justin-bieber\/\" \/>\n<meta property=\"og:locale\" content=\"es_ES\" \/>\n<meta property=\"og:type\" content=\"article\" \/>\n<meta property=\"og:title\" content=\"Video: fot\u00f3grafos espa\u00f1oles insultan a Justin Bieber - OidosSucios.Com\" \/>\n<meta property=\"og:description\" content=\"La joven estrella no quiso posar ante la prensa espa\u00f1ola. Tampoco se quit\u00f3 la capucha. &quot;\u00a1Payaso!&quot;, le gritaron.\" \/>\n<meta property=\"og:url\" content=\"https:\/\/www.oidossucios.com\/site\/video-fotografos-espanoles-insultan-a-justin-bieber\/\" \/>\n<meta property=\"og:site_name\" content=\"OidosSucios.Com\" \/>\n<meta property=\"article:published_time\" content=\"2011-04-07T06:32:00+00:00\" \/>\n<meta property=\"og:image\" content=\"https:\/\/www.oidossucios.com\/site\/wp-content\/uploads\/2011\/04\/3285.jpg\" \/>\n\t<meta property=\"og:image:width\" content=\"350\" \/>\n\t<meta property=\"og:image:height\" content=\"300\" \/>\n<meta name=\"twitter:card\" content=\"summary_large_image\" \/>\n<meta name=\"twitter:creator\" content=\"@oidossucios\" \/>\n<script type=\"application\/ld+json\" class=\"yoast-schema-graph\">{\"@context\":\"https:\/\/schema.org\",\"@graph\":[{\"@type\":\"WebSite\",\"@id\":\"https:\/\/www.oidossucios.com\/site\/#website\",\"url\":\"https:\/\/www.oidossucios.com\/site\/\",\"name\":\"OidosSucios.Com\",\"description\":\"M\\u00fasica, conciertos, discos\",\"potentialAction\":[{\"@type\":\"SearchAction\",\"target\":\"https:\/\/www.oidossucios.com\/site\/?s={search_term_string}\",\"query-input\":\"required name=search_term_string\"}],\"inLanguage\":\"es\"},{\"@type\":\"ImageObject\",\"@id\":\"https:\/\/www.oidossucios.com\/site\/video-fotografos-espanoles-insultan-a-justin-bieber\/#primaryimage\",\"inLanguage\":\"es\",\"url\":\"https:\/\/www.oidossucios.com\/site\/wp-content\/uploads\/2011\/04\/3285.jpg\",\"width\":350,\"height\":300},{\"@type\":\"WebPage\",\"@id\":\"https:\/\/www.oidossucios.com\/site\/video-fotografos-espanoles-insultan-a-justin-bieber\/#webpage\",\"url\":\"https:\/\/www.oidossucios.com\/site\/video-fotografos-espanoles-insultan-a-justin-bieber\/\",\"name\":\"Video: fot\\u00f3grafos espa\\u00f1oles insultan a Justin Bieber - OidosSucios.Com\",\"isPartOf\":{\"@id\":\"https:\/\/www.oidossucios.com\/site\/#website\"},\"primaryImageOfPage\":{\"@id\":\"https:\/\/www.oidossucios.com\/site\/video-fotografos-espanoles-insultan-a-justin-bieber\/#primaryimage\"},\"datePublished\":\"2011-04-07T06:32:00+00:00\",\"dateModified\":\"2011-04-07T06:32:00+00:00\",\"author\":{\"@id\":\"https:\/\/www.oidossucios.com\/site\/#\/schema\/person\/24559eeb76bf83a63296fb072393a688\"},\"description\":\"La joven estrella no quiso posar ante la prensa espa\\u00f1ola. Tampoco se quit\\u00f3 la capucha. &quot;\\u00a1Payaso!&quot;, le gritaron.\",\"inLanguage\":\"es\",\"potentialAction\":[{\"@type\":\"ReadAction\",\"target\":[\"https:\/\/www.oidossucios.com\/site\/video-fotografos-espanoles-insultan-a-justin-bieber\/\"]}]},{\"@type\":[\"Person\"],\"@id\":\"https:\/\/www.oidossucios.com\/site\/#\/schema\/person\/24559eeb76bf83a63296fb072393a688\",\"name\":\"Oidossucios\",\"image\":{\"@type\":\"ImageObject\",\"@id\":\"https:\/\/www.oidossucios.com\/site\/#personlogo\",\"inLanguage\":\"es\",\"url\":\"https:\/\/secure.gravatar.com\/avatar\/74fcb480f42f1a33e50a0b6e6369a3f907be2e43dc84fa5f76c66e9c22b4a5ab?s=96&d=mm&r=g\",\"caption\":\"Oidossucios\"},\"sameAs\":[\"https:\/\/twitter.com\/oidossucios\"]}]}<\/script>\n<!-- \/ Yoast SEO plugin. -->","jetpack_sharing_enabled":true,"_links":{"self":[{"href":"https:\/\/www.oidossucios.com\/site\/wp-json\/wp\/v2\/posts\/3285","targetHints":{"allow":["GET"]}}],"collection":[{"href":"https:\/\/www.oidossucios.com\/site\/wp-json\/wp\/v2\/posts"}],"about":[{"href":"https:\/\/www.oidossucios.com\/site\/wp-json\/wp\/v2\/types\/post"}],"author":[{"embeddable":true,"href":"https:\/\/www.oidossucios.com\/site\/wp-json\/wp\/v2\/users\/4"}],"replies":[{"embeddable":true,"href":"https:\/\/www.oidossucios.com\/site\/wp-json\/wp\/v2\/comments?post=3285"}],"version-history":[{"count":0,"href":"https:\/\/www.oidossucios.com\/site\/wp-json\/wp\/v2\/posts\/3285\/revisions"}],"wp:featuredmedia":[{"embeddable":true,"href":"https:\/\/www.oidossucios.com\/site\/wp-json\/wp\/v2\/media\/100003285"}],"wp:attachment":[{"href":"https:\/\/www.oidossucios.com\/site\/wp-json\/wp\/v2\/media?parent=3285"}],"wp:term":[{"taxonomy":"category","embeddable":true,"href":"https:\/\/www.oidossucios.com\/site\/wp-json\/wp\/v2\/categories?post=3285"},{"taxonomy":"post_tag","embeddable":true,"href":"https:\/\/www.oidossucios.com\/site\/wp-json\/wp\/v2\/tags?post=3285"}],"curies":[{"name":"wp","href":"https:\/\/api.w.org\/{rel}","templated":true}]}}