{"id":3305,"date":"2011-04-12T05:29:00","date_gmt":"2011-04-12T05:29:00","guid":{"rendered":"https:\/\/www.oidossucios.com\/site\/2011\/04\/12\/escucha-el-nuevo-sencillo-de-moby-the-day\/"},"modified":"2011-04-12T05:29:00","modified_gmt":"2011-04-12T05:29:00","slug":"escucha-el-nuevo-sencillo-de-moby-the-day","status":"publish","type":"post","link":"https:\/\/www.oidossucios.com\/site\/escucha-el-nuevo-sencillo-de-moby-the-day\/","title":{"rendered":"Escucha el nuevo sencillo de Moby: &quot;The Day&quot;"},"content":{"rendered":"\n<p>El pr\u00f3ximo 17 de mayo Moby lanzar\u00e1 su d\u00e9cimo \u00e1lbum de estudio titulado <i>Destroyed<\/i>&nbsp;y como adelanto estren\u00f3 su primer sencillo &#8220;The Day&#8221;.&nbsp;<\/p>\n<p>El disco es, en palabras del m\u00fasico, &#8220;mel\u00f3dica m\u00fasica electr\u00f3nica para ciudades vac\u00edas a las 2 am&#8221;. Fue producido por Moby y mezclado por Ken Thomas. Con este lanzamiento pretende arrancar una gira por Europa y Norteam\u00e9rica, adem\u00e1s de montar una exposici\u00f3n fotogr\u00e1fica del 12 de mayo al 26 de junio en la ciudad de Nueva York.&nbsp;<\/p>\n<p>&nbsp;<\/p>\n<p><object height=\"81\" width=\"100%\"><param name=\"movie\" value=\"http:\/\/player.soundcloud.com\/player.swf?url=http%3A%2F%2Fapi.soundcloud.com%2Ftracks%2F13046365&#038;\"><\/param><param name=\"allowscriptaccess\" value=\"always\"><\/param><\/object><span><a href=\"http:\/\/soundcloud.com\/thelittleidiot\/the-day\">The Day<\/a> by <a href=\"http:\/\/soundcloud.com\/thelittleidiot\">thelittleidiot<\/a><\/span><\/p>\n<p>&nbsp;<\/p>\n<p>&nbsp;<\/p>\n<p>Fuente: www.rollingstone.com.mx<\/p>\n","protected":false},"excerpt":{"rendered":"<p>El pr\u00f3ximo 17 de mayo Moby lanzar\u00e1 su d\u00e9cimo \u00e1lbum de estudio titulado Destroyed&nbsp;y como adelanto estren\u00f3 su primer sencillo &#8220;The Day&#8221;.&nbsp; El disco es, en palabras del m\u00fasico, &#8220;mel\u00f3dica m\u00fasica electr\u00f3nica para ciudades vac\u00edas a las 2 am&#8221;. Fue producido por Moby y mezclado por Ken Thomas. Con este lanzamiento pretende arrancar una gira [&hellip;]<\/p>\n","protected":false},"author":4,"featured_media":100003305,"comment_status":"open","ping_status":"open","sticky":false,"template":"","format":"standard","meta":{"_jetpack_memberships_contains_paid_content":false,"footnotes":""},"categories":[142],"tags":[],"class_list":["post-3305","post","type-post","status-publish","format-standard","has-post-thumbnail","hentry","category-buzznews"],"jetpack_featured_media_url":"https:\/\/www.oidossucios.com\/site\/wp-content\/uploads\/2011\/04\/3305.jpg","yoast_head":"<!-- This site is optimized with the Yoast SEO plugin v14.0.4 - https:\/\/yoast.com\/wordpress\/plugins\/seo\/ -->\n<title>Escucha el nuevo sencillo de Moby: &quot;The Day&quot; - OidosSucios.Com<\/title>\n<meta name=\"robots\" content=\"index, follow\" \/>\n<meta name=\"googlebot\" content=\"index, follow, max-snippet:-1, max-image-preview:large, max-video-preview:-1\" \/>\n<meta name=\"bingbot\" content=\"index, follow, max-snippet:-1, max-image-preview:large, max-video-preview:-1\" \/>\n<link rel=\"canonical\" href=\"https:\/\/www.oidossucios.com\/site\/escucha-el-nuevo-sencillo-de-moby-the-day\/\" \/>\n<meta property=\"og:locale\" content=\"es_ES\" \/>\n<meta property=\"og:type\" content=\"article\" \/>\n<meta property=\"og:title\" content=\"Escucha el nuevo sencillo de Moby: &quot;The Day&quot; - OidosSucios.Com\" \/>\n<meta property=\"og:description\" content=\"El pr\u00f3ximo 17 de mayo Moby lanzar\u00e1 su d\u00e9cimo \u00e1lbum de estudio titulado Destroyed&nbsp;y como adelanto estren\u00f3 su primer sencillo &#8220;The Day&#8221;.&nbsp; El disco es, en palabras del m\u00fasico, &#8220;mel\u00f3dica m\u00fasica electr\u00f3nica para ciudades vac\u00edas a las 2 am&#8221;. Fue producido por Moby y mezclado por Ken Thomas. Con este lanzamiento pretende arrancar una gira [&hellip;]\" \/>\n<meta property=\"og:url\" content=\"https:\/\/www.oidossucios.com\/site\/escucha-el-nuevo-sencillo-de-moby-the-day\/\" \/>\n<meta property=\"og:site_name\" content=\"OidosSucios.Com\" \/>\n<meta property=\"article:published_time\" content=\"2011-04-12T05:29:00+00:00\" \/>\n<meta property=\"og:image\" content=\"https:\/\/www.oidossucios.com\/site\/wp-content\/uploads\/2011\/04\/3305.jpg\" \/>\n\t<meta property=\"og:image:width\" content=\"350\" \/>\n\t<meta property=\"og:image:height\" content=\"300\" \/>\n<meta name=\"twitter:card\" content=\"summary_large_image\" \/>\n<meta name=\"twitter:creator\" content=\"@oidossucios\" \/>\n<script type=\"application\/ld+json\" class=\"yoast-schema-graph\">{\"@context\":\"https:\/\/schema.org\",\"@graph\":[{\"@type\":\"WebSite\",\"@id\":\"https:\/\/www.oidossucios.com\/site\/#website\",\"url\":\"https:\/\/www.oidossucios.com\/site\/\",\"name\":\"OidosSucios.Com\",\"description\":\"M\\u00fasica, conciertos, discos\",\"potentialAction\":[{\"@type\":\"SearchAction\",\"target\":\"https:\/\/www.oidossucios.com\/site\/?s={search_term_string}\",\"query-input\":\"required name=search_term_string\"}],\"inLanguage\":\"es\"},{\"@type\":\"ImageObject\",\"@id\":\"https:\/\/www.oidossucios.com\/site\/escucha-el-nuevo-sencillo-de-moby-the-day\/#primaryimage\",\"inLanguage\":\"es\",\"url\":\"https:\/\/www.oidossucios.com\/site\/wp-content\/uploads\/2011\/04\/3305.jpg\",\"width\":350,\"height\":300},{\"@type\":\"WebPage\",\"@id\":\"https:\/\/www.oidossucios.com\/site\/escucha-el-nuevo-sencillo-de-moby-the-day\/#webpage\",\"url\":\"https:\/\/www.oidossucios.com\/site\/escucha-el-nuevo-sencillo-de-moby-the-day\/\",\"name\":\"Escucha el nuevo sencillo de Moby: &quot;The Day&quot; - OidosSucios.Com\",\"isPartOf\":{\"@id\":\"https:\/\/www.oidossucios.com\/site\/#website\"},\"primaryImageOfPage\":{\"@id\":\"https:\/\/www.oidossucios.com\/site\/escucha-el-nuevo-sencillo-de-moby-the-day\/#primaryimage\"},\"datePublished\":\"2011-04-12T05:29:00+00:00\",\"dateModified\":\"2011-04-12T05:29:00+00:00\",\"author\":{\"@id\":\"https:\/\/www.oidossucios.com\/site\/#\/schema\/person\/24559eeb76bf83a63296fb072393a688\"},\"inLanguage\":\"es\",\"potentialAction\":[{\"@type\":\"ReadAction\",\"target\":[\"https:\/\/www.oidossucios.com\/site\/escucha-el-nuevo-sencillo-de-moby-the-day\/\"]}]},{\"@type\":[\"Person\"],\"@id\":\"https:\/\/www.oidossucios.com\/site\/#\/schema\/person\/24559eeb76bf83a63296fb072393a688\",\"name\":\"Oidossucios\",\"image\":{\"@type\":\"ImageObject\",\"@id\":\"https:\/\/www.oidossucios.com\/site\/#personlogo\",\"inLanguage\":\"es\",\"url\":\"https:\/\/secure.gravatar.com\/avatar\/74fcb480f42f1a33e50a0b6e6369a3f907be2e43dc84fa5f76c66e9c22b4a5ab?s=96&d=mm&r=g\",\"caption\":\"Oidossucios\"},\"sameAs\":[\"https:\/\/twitter.com\/oidossucios\"]}]}<\/script>\n<!-- \/ Yoast SEO plugin. -->","jetpack_sharing_enabled":true,"_links":{"self":[{"href":"https:\/\/www.oidossucios.com\/site\/wp-json\/wp\/v2\/posts\/3305","targetHints":{"allow":["GET"]}}],"collection":[{"href":"https:\/\/www.oidossucios.com\/site\/wp-json\/wp\/v2\/posts"}],"about":[{"href":"https:\/\/www.oidossucios.com\/site\/wp-json\/wp\/v2\/types\/post"}],"author":[{"embeddable":true,"href":"https:\/\/www.oidossucios.com\/site\/wp-json\/wp\/v2\/users\/4"}],"replies":[{"embeddable":true,"href":"https:\/\/www.oidossucios.com\/site\/wp-json\/wp\/v2\/comments?post=3305"}],"version-history":[{"count":0,"href":"https:\/\/www.oidossucios.com\/site\/wp-json\/wp\/v2\/posts\/3305\/revisions"}],"wp:featuredmedia":[{"embeddable":true,"href":"https:\/\/www.oidossucios.com\/site\/wp-json\/wp\/v2\/media\/100003305"}],"wp:attachment":[{"href":"https:\/\/www.oidossucios.com\/site\/wp-json\/wp\/v2\/media?parent=3305"}],"wp:term":[{"taxonomy":"category","embeddable":true,"href":"https:\/\/www.oidossucios.com\/site\/wp-json\/wp\/v2\/categories?post=3305"},{"taxonomy":"post_tag","embeddable":true,"href":"https:\/\/www.oidossucios.com\/site\/wp-json\/wp\/v2\/tags?post=3305"}],"curies":[{"name":"wp","href":"https:\/\/api.w.org\/{rel}","templated":true}]}}