{"id":3324,"date":"2011-04-15T07:55:00","date_gmt":"2011-04-15T07:55:00","guid":{"rendered":"https:\/\/www.oidossucios.com\/site\/2011\/04\/15\/mojo-pojo-abrira-el-concierto-de-ian-anderson-%c2%96-jethro-tull\/"},"modified":"2011-04-15T07:55:00","modified_gmt":"2011-04-15T07:55:00","slug":"mojo-pojo-abrira-el-concierto-de-ian-anderson-%c2%96-jethro-tull","status":"publish","type":"post","link":"https:\/\/www.oidossucios.com\/site\/mojo-pojo-abrira-el-concierto-de-ian-anderson-%c2%96-jethro-tull\/","title":{"rendered":"Mojo Pojo abrir\u00e1 el concierto de Ian Anderson \u0096 Jethro Tull"},"content":{"rendered":"\n<p><b>Water Brother Producciones<\/b>&nbsp;se complace anunciar que la agrupaci\u00f3n de&nbsp;<i>rock progresivo<\/i>&nbsp;y experimental venezolana&nbsp;<b>Mojo Pojo<\/b>&nbsp; ser\u00e1 la banda encargada de abrir el concierto de&nbsp;<b>Ian Anderson \u0096 Jethro Tull<\/b>&nbsp;en nuestro pa\u00eds el pr\u00f3ximo 21 de Mayo en el Anfiteatro del Sambil, Caracas.<\/p>\n<p>&nbsp;<\/p>\n<p>Conformado por&nbsp;&nbsp;<b>Enrique P\u00e9rez<\/b>&nbsp; (Bajo y Voz),&nbsp;<b>Luis Daniel Gonz\u00e1lez<\/b>&nbsp;(Teclados y Voz),&nbsp;&nbsp;<b>Antonio \u00a8<i>Toall\u00edn<\/i>\u00a8 Narciso&nbsp;<\/b>&nbsp;(Guitarra) y&nbsp;<b>Jorge \u00a8<i>Pepino<\/i>\u00a8Gonz\u00e1lez<\/b>&nbsp; (Bater\u00eda),&nbsp;<b>Mojo Pojo<\/b>&nbsp;nace en el 2005 autodenomin\u00e1ndose como: &#8220;<i>Venezuelan Frit Experimental Prog Rock Avant Garde Kraut Post Punk from Hell<\/i>&#8220;.<\/p>\n<p>&nbsp;<\/p>\n<p>La banda lanz\u00f3 su hom\u00f3nima primera producci\u00f3n discogr\u00e1fica a finales de 2009, \u00e1lbum que fue mezclado y masterizado por&nbsp;<b>Hugh Syme<\/b>&nbsp;(<b>Rush,<\/b>&nbsp;<b>Megadeth<\/b>,&nbsp;<b>Iron Maiden<\/b>), mientras que el arte y concepto gr\u00e1fico estuvo a cargo de&nbsp;<b>James Murphy<\/b>&nbsp;(<b>Testament<\/b>,&nbsp;<b>Death<\/b>,&nbsp;<b>Obituary<\/b>).<\/p>\n<p>&nbsp;<\/p>\n<p>El disco cuenta con la participaci\u00f3n de m\u00fasicos destacados de la escena musical venezolana como&nbsp;<b>Germ\u00e1n Landaeta<\/b>&nbsp;(<b>T\u00e9mpano<\/b>,&nbsp;<b>Mochuelo<\/b>) y&nbsp;<b>Julio Andrade<\/b>&nbsp;(<b>Franco de Vita<\/b>) qui\u00e9n aport\u00f3 un eximio solo de guitarra y saxo.<\/p>\n<p>&nbsp;<\/p>\n<p>Este trabajo debut ofrece m\u00fasica sustanciosa, din\u00e1mica, en constante cambio, donde aparte del rock, fusionan con g\u00e9neros como la m\u00fasica venezolana, el jazz y la m\u00fasica latina. La placa ha obtenido excelentes cr\u00edticas, logrando ventas a nivel mundial en lugares como Jap\u00f3n, Alemania y Estados Unidos.<\/p>\n<p>&nbsp;<\/p>\n<p>Mojo Pojo aprovech\u00f3 la salida de este primer material para ser teloneros de la legendaria banda&nbsp;<b>YES<\/b>, all\u00ed recibieron elogios de la prensa nacional y p\u00fablico asistente&nbsp; por su destacada participaci\u00f3n.<\/p>\n<p>&nbsp;<\/p>\n<p>La banda acaba de finalizar la grabaci\u00f3n de un disco de versiones, donde aparece&nbsp; el tema &#8220;<i>Close to the Edge<\/i>&#8221; que ser\u00e1 usado&nbsp; para un disco tributo a la banda inglesa&nbsp;<b>YES,<\/b>&nbsp;organizado por la disquera italiana<i>Mellow Records<\/i>.<\/p>\n<p>&nbsp;<\/p>\n<p>En unas semanas&nbsp; la banda retomar\u00e1&nbsp; las grabaciones de su segunda producci\u00f3n discogr\u00e1fica que ver\u00e1 la luz durante el \u00faltimo trimestre de 2011.<\/p>\n<p>&nbsp;<\/p>\n<p><b>Water Brother<\/b>&nbsp;trae por segunda vez a Venezuela a la legendaria banda inglesa&nbsp;<b>Jethro Tull<\/b>&nbsp;liderada por&nbsp;<b>Ian Anderson<\/b>&nbsp;para ofrecer un \u00fanico concierto el pr\u00f3ximo 21 de mayo. El grupo brit\u00e1nico de rock progresivo se estar\u00e1 presentando en el Anfiteatro del Sambil.<\/p>\n<p>&nbsp;<\/p>\n<p><b>Jethro Tull<\/b>&nbsp;nace en 1968, trabajando de forma ininterrumpida hasta convertirse, tras los&nbsp;<b>Rolling Stones<\/b>&nbsp;el segundo grupo de rock m\u00e1s antiguo en actividad.<\/p>\n<p>&nbsp;<\/p>\n<p>Las entradas para el concierto de&nbsp;<b>Ian Anderson &#8211; Jethro Tull<\/b>&nbsp;en Caracas est\u00e1n a la venta a trav\u00e9s de&nbsp;<a target=\"_blank\" href=\"http:\/\/www.tuticket.com\/\" rel=\"noopener noreferrer\">www.tuticket.com<\/a>.<\/p>\n<p>&nbsp;<\/p>\n<p>Informaci\u00f3n por el tel\u00e9fono 319.53.53.<\/p>\n","protected":false},"excerpt":{"rendered":"<p>Este 21 de Mayo en el Anfiteatro del Sambil.<\/p>\n","protected":false},"author":4,"featured_media":100003324,"comment_status":"open","ping_status":"open","sticky":false,"template":"","format":"standard","meta":{"_jetpack_memberships_contains_paid_content":false,"footnotes":""},"categories":[250],"tags":[],"class_list":["post-3324","post","type-post","status-publish","format-standard","has-post-thumbnail","hentry","category-noticias"],"jetpack_featured_media_url":"https:\/\/www.oidossucios.com\/site\/wp-content\/uploads\/2011\/04\/3324.jpg","yoast_head":"<!-- This site is optimized with the Yoast SEO plugin v14.0.4 - https:\/\/yoast.com\/wordpress\/plugins\/seo\/ -->\n<title>Mojo Pojo abrir\u00e1 el concierto de Ian Anderson \u0096 Jethro Tull - OidosSucios.Com<\/title>\n<meta name=\"description\" content=\"Este 21 de Mayo en el Anfiteatro del Sambil.\" \/>\n<meta name=\"robots\" content=\"index, follow\" \/>\n<meta name=\"googlebot\" content=\"index, follow, max-snippet:-1, max-image-preview:large, max-video-preview:-1\" \/>\n<meta name=\"bingbot\" content=\"index, follow, max-snippet:-1, max-image-preview:large, max-video-preview:-1\" \/>\n<link rel=\"canonical\" href=\"https:\/\/www.oidossucios.com\/site\/mojo-pojo-abrira-el-concierto-de-ian-anderson-\u0096-jethro-tull\/\" \/>\n<meta property=\"og:locale\" content=\"es_ES\" \/>\n<meta property=\"og:type\" content=\"article\" \/>\n<meta property=\"og:title\" content=\"Mojo Pojo abrir\u00e1 el concierto de Ian Anderson \u0096 Jethro Tull - OidosSucios.Com\" \/>\n<meta property=\"og:description\" content=\"Este 21 de Mayo en el Anfiteatro del Sambil.\" \/>\n<meta property=\"og:url\" content=\"https:\/\/www.oidossucios.com\/site\/mojo-pojo-abrira-el-concierto-de-ian-anderson-\u0096-jethro-tull\/\" \/>\n<meta property=\"og:site_name\" content=\"OidosSucios.Com\" \/>\n<meta property=\"article:published_time\" content=\"2011-04-15T07:55:00+00:00\" \/>\n<meta property=\"og:image\" content=\"https:\/\/www.oidossucios.com\/site\/wp-content\/uploads\/2011\/04\/3324.jpg\" \/>\n\t<meta property=\"og:image:width\" content=\"350\" \/>\n\t<meta property=\"og:image:height\" content=\"300\" \/>\n<meta name=\"twitter:card\" content=\"summary_large_image\" \/>\n<meta name=\"twitter:creator\" content=\"@oidossucios\" \/>\n<script type=\"application\/ld+json\" class=\"yoast-schema-graph\">{\"@context\":\"https:\/\/schema.org\",\"@graph\":[{\"@type\":\"WebSite\",\"@id\":\"https:\/\/www.oidossucios.com\/site\/#website\",\"url\":\"https:\/\/www.oidossucios.com\/site\/\",\"name\":\"OidosSucios.Com\",\"description\":\"M\\u00fasica, conciertos, discos\",\"potentialAction\":[{\"@type\":\"SearchAction\",\"target\":\"https:\/\/www.oidossucios.com\/site\/?s={search_term_string}\",\"query-input\":\"required name=search_term_string\"}],\"inLanguage\":\"es\"},{\"@type\":\"ImageObject\",\"@id\":\"https:\/\/www.oidossucios.com\/site\/mojo-pojo-abrira-el-concierto-de-ian-anderson-%c2%96-jethro-tull\/#primaryimage\",\"inLanguage\":\"es\",\"url\":\"https:\/\/www.oidossucios.com\/site\/wp-content\/uploads\/2011\/04\/3324.jpg\",\"width\":350,\"height\":300},{\"@type\":\"WebPage\",\"@id\":\"https:\/\/www.oidossucios.com\/site\/mojo-pojo-abrira-el-concierto-de-ian-anderson-%c2%96-jethro-tull\/#webpage\",\"url\":\"https:\/\/www.oidossucios.com\/site\/mojo-pojo-abrira-el-concierto-de-ian-anderson-%c2%96-jethro-tull\/\",\"name\":\"Mojo Pojo abrir\\u00e1 el concierto de Ian Anderson \\u0096 Jethro Tull - OidosSucios.Com\",\"isPartOf\":{\"@id\":\"https:\/\/www.oidossucios.com\/site\/#website\"},\"primaryImageOfPage\":{\"@id\":\"https:\/\/www.oidossucios.com\/site\/mojo-pojo-abrira-el-concierto-de-ian-anderson-%c2%96-jethro-tull\/#primaryimage\"},\"datePublished\":\"2011-04-15T07:55:00+00:00\",\"dateModified\":\"2011-04-15T07:55:00+00:00\",\"author\":{\"@id\":\"https:\/\/www.oidossucios.com\/site\/#\/schema\/person\/24559eeb76bf83a63296fb072393a688\"},\"description\":\"Este 21 de Mayo en el Anfiteatro del Sambil.\",\"inLanguage\":\"es\",\"potentialAction\":[{\"@type\":\"ReadAction\",\"target\":[\"https:\/\/www.oidossucios.com\/site\/mojo-pojo-abrira-el-concierto-de-ian-anderson-%c2%96-jethro-tull\/\"]}]},{\"@type\":[\"Person\"],\"@id\":\"https:\/\/www.oidossucios.com\/site\/#\/schema\/person\/24559eeb76bf83a63296fb072393a688\",\"name\":\"Oidossucios\",\"image\":{\"@type\":\"ImageObject\",\"@id\":\"https:\/\/www.oidossucios.com\/site\/#personlogo\",\"inLanguage\":\"es\",\"url\":\"https:\/\/secure.gravatar.com\/avatar\/74fcb480f42f1a33e50a0b6e6369a3f907be2e43dc84fa5f76c66e9c22b4a5ab?s=96&d=mm&r=g\",\"caption\":\"Oidossucios\"},\"sameAs\":[\"https:\/\/twitter.com\/oidossucios\"]}]}<\/script>\n<!-- \/ Yoast SEO plugin. -->","jetpack_sharing_enabled":true,"_links":{"self":[{"href":"https:\/\/www.oidossucios.com\/site\/wp-json\/wp\/v2\/posts\/3324","targetHints":{"allow":["GET"]}}],"collection":[{"href":"https:\/\/www.oidossucios.com\/site\/wp-json\/wp\/v2\/posts"}],"about":[{"href":"https:\/\/www.oidossucios.com\/site\/wp-json\/wp\/v2\/types\/post"}],"author":[{"embeddable":true,"href":"https:\/\/www.oidossucios.com\/site\/wp-json\/wp\/v2\/users\/4"}],"replies":[{"embeddable":true,"href":"https:\/\/www.oidossucios.com\/site\/wp-json\/wp\/v2\/comments?post=3324"}],"version-history":[{"count":0,"href":"https:\/\/www.oidossucios.com\/site\/wp-json\/wp\/v2\/posts\/3324\/revisions"}],"wp:featuredmedia":[{"embeddable":true,"href":"https:\/\/www.oidossucios.com\/site\/wp-json\/wp\/v2\/media\/100003324"}],"wp:attachment":[{"href":"https:\/\/www.oidossucios.com\/site\/wp-json\/wp\/v2\/media?parent=3324"}],"wp:term":[{"taxonomy":"category","embeddable":true,"href":"https:\/\/www.oidossucios.com\/site\/wp-json\/wp\/v2\/categories?post=3324"},{"taxonomy":"post_tag","embeddable":true,"href":"https:\/\/www.oidossucios.com\/site\/wp-json\/wp\/v2\/tags?post=3324"}],"curies":[{"name":"wp","href":"https:\/\/api.w.org\/{rel}","templated":true}]}}