{"id":3325,"date":"2011-04-15T07:59:00","date_gmt":"2011-04-15T07:59:00","guid":{"rendered":"https:\/\/www.oidossucios.com\/site\/2011\/04\/15\/radiohead-niega-segunda-parte-de-the-king-of-limbs\/"},"modified":"2011-04-15T07:59:00","modified_gmt":"2011-04-15T07:59:00","slug":"radiohead-niega-segunda-parte-de-the-king-of-limbs","status":"publish","type":"post","link":"https:\/\/www.oidossucios.com\/site\/radiohead-niega-segunda-parte-de-the-king-of-limbs\/","title":{"rendered":"Radiohead niega segunda parte de The King Of Limbs"},"content":{"rendered":"\n<p>Luego del lanzamiento de<a href=\"http:\/\/www.rollingstone.com.mx\/noticias\/radiohead-lanza-%E2%80%98the-king-of-limbs%E2%80%99-un-dia-antes\/\">&nbsp;<\/a><i>The King Of Limbs<\/i><i>,<\/i>&nbsp;de Radiohead, comenzaron a circular en diversos sitios de Internet algunos rumores en torno a que pronto ser\u00eda editada una segunda parte del disco.&nbsp;<\/p>\n<p>Ed O\u00b4Brien coment\u00f3 a la BBC6 que &#8220;The Butcher&#8221; es de las sesiones de&nbsp;<i>The King Of Limbs,<\/i>&nbsp;mientras que &#8220;Supercollider&#8221; fue grabada durante ese periodo y terminada despu\u00e9s de que el disco fuera editado. &#8220;Hay otras canciones que hemos empezado pero que nunca terminamos, pero no hay siete u ocho terminadas esperando para ser puestas en libertad por ahora, o en oto\u00f1o, o algo as\u00ed,&#8221; explic\u00f3 el guitarrista. &#8220;Cuando empezamos un nuevo disco tendemos a empezar de nuevo. Es como una cosa de evoluci\u00f3n, s\u00f3lo las m\u00e1s aptas sobreviven&#8221;.&nbsp;<\/p>\n<p>Por otro lado, a unos d\u00edas de que se lleve a cabo el Record Store Day, fecha en que varias bandas lanzar\u00e1n materiales en viniles de edici\u00f3n especial, se han filtrado a la red los tracks que conformar\u00e1n al de Radiohead.&nbsp;<\/p>\n<p><\/p>\n<p>Thom Yorke y compa\u00f1\u00eda lanzar\u00e1n este 16 de abril un vinil de 7&#8243; que incluir\u00e1 los tracks &#8220;Supercollider&#8221; y &#8220;The Butcher&#8221;, del cual tan s\u00f3lo se editar\u00e1n 2 mil copias.&nbsp;<\/p>\n<p><\/p>\n<p>Fuente: www.rollingstone.com.mx<\/p>\n","protected":false},"excerpt":{"rendered":"<p>Luego del lanzamiento de&nbsp;The King Of Limbs,&nbsp;de Radiohead, comenzaron a circular en diversos sitios de Internet algunos rumores en torno a que pronto ser\u00eda editada una segunda parte del disco.&nbsp; Ed O\u00b4Brien coment\u00f3 a la BBC6 que &#8220;The Butcher&#8221; es de las sesiones de&nbsp;The King Of Limbs,&nbsp;mientras que &#8220;Supercollider&#8221; fue grabada durante ese periodo y [&hellip;]<\/p>\n","protected":false},"author":4,"featured_media":100003325,"comment_status":"open","ping_status":"open","sticky":false,"template":"","format":"standard","meta":{"_jetpack_memberships_contains_paid_content":false,"footnotes":""},"categories":[142],"tags":[],"class_list":["post-3325","post","type-post","status-publish","format-standard","has-post-thumbnail","hentry","category-buzznews"],"jetpack_featured_media_url":"https:\/\/www.oidossucios.com\/site\/wp-content\/uploads\/2011\/04\/3325.jpg","yoast_head":"<!-- This site is optimized with the Yoast SEO plugin v14.0.4 - https:\/\/yoast.com\/wordpress\/plugins\/seo\/ -->\n<title>Radiohead niega segunda parte de The King Of Limbs - OidosSucios.Com<\/title>\n<meta name=\"robots\" content=\"index, follow\" \/>\n<meta name=\"googlebot\" content=\"index, follow, max-snippet:-1, max-image-preview:large, max-video-preview:-1\" \/>\n<meta name=\"bingbot\" content=\"index, follow, max-snippet:-1, max-image-preview:large, max-video-preview:-1\" \/>\n<link rel=\"canonical\" href=\"https:\/\/www.oidossucios.com\/site\/radiohead-niega-segunda-parte-de-the-king-of-limbs\/\" \/>\n<meta property=\"og:locale\" content=\"es_ES\" \/>\n<meta property=\"og:type\" content=\"article\" \/>\n<meta property=\"og:title\" content=\"Radiohead niega segunda parte de The King Of Limbs - OidosSucios.Com\" \/>\n<meta property=\"og:description\" content=\"Luego del lanzamiento de&nbsp;The King Of Limbs,&nbsp;de Radiohead, comenzaron a circular en diversos sitios de Internet algunos rumores en torno a que pronto ser\u00eda editada una segunda parte del disco.&nbsp; Ed O\u00b4Brien coment\u00f3 a la BBC6 que &#8220;The Butcher&#8221; es de las sesiones de&nbsp;The King Of Limbs,&nbsp;mientras que &#8220;Supercollider&#8221; fue grabada durante ese periodo y [&hellip;]\" \/>\n<meta property=\"og:url\" content=\"https:\/\/www.oidossucios.com\/site\/radiohead-niega-segunda-parte-de-the-king-of-limbs\/\" \/>\n<meta property=\"og:site_name\" content=\"OidosSucios.Com\" \/>\n<meta property=\"article:published_time\" content=\"2011-04-15T07:59:00+00:00\" \/>\n<meta property=\"og:image\" content=\"https:\/\/www.oidossucios.com\/site\/wp-content\/uploads\/2011\/04\/3325.jpg\" \/>\n\t<meta property=\"og:image:width\" content=\"350\" \/>\n\t<meta property=\"og:image:height\" content=\"300\" \/>\n<meta name=\"twitter:card\" content=\"summary_large_image\" \/>\n<meta name=\"twitter:creator\" content=\"@oidossucios\" \/>\n<script type=\"application\/ld+json\" class=\"yoast-schema-graph\">{\"@context\":\"https:\/\/schema.org\",\"@graph\":[{\"@type\":\"WebSite\",\"@id\":\"https:\/\/www.oidossucios.com\/site\/#website\",\"url\":\"https:\/\/www.oidossucios.com\/site\/\",\"name\":\"OidosSucios.Com\",\"description\":\"M\\u00fasica, conciertos, discos\",\"potentialAction\":[{\"@type\":\"SearchAction\",\"target\":\"https:\/\/www.oidossucios.com\/site\/?s={search_term_string}\",\"query-input\":\"required name=search_term_string\"}],\"inLanguage\":\"es\"},{\"@type\":\"ImageObject\",\"@id\":\"https:\/\/www.oidossucios.com\/site\/radiohead-niega-segunda-parte-de-the-king-of-limbs\/#primaryimage\",\"inLanguage\":\"es\",\"url\":\"https:\/\/www.oidossucios.com\/site\/wp-content\/uploads\/2011\/04\/3325.jpg\",\"width\":350,\"height\":300},{\"@type\":\"WebPage\",\"@id\":\"https:\/\/www.oidossucios.com\/site\/radiohead-niega-segunda-parte-de-the-king-of-limbs\/#webpage\",\"url\":\"https:\/\/www.oidossucios.com\/site\/radiohead-niega-segunda-parte-de-the-king-of-limbs\/\",\"name\":\"Radiohead niega segunda parte de The King Of Limbs - OidosSucios.Com\",\"isPartOf\":{\"@id\":\"https:\/\/www.oidossucios.com\/site\/#website\"},\"primaryImageOfPage\":{\"@id\":\"https:\/\/www.oidossucios.com\/site\/radiohead-niega-segunda-parte-de-the-king-of-limbs\/#primaryimage\"},\"datePublished\":\"2011-04-15T07:59:00+00:00\",\"dateModified\":\"2011-04-15T07:59:00+00:00\",\"author\":{\"@id\":\"https:\/\/www.oidossucios.com\/site\/#\/schema\/person\/24559eeb76bf83a63296fb072393a688\"},\"inLanguage\":\"es\",\"potentialAction\":[{\"@type\":\"ReadAction\",\"target\":[\"https:\/\/www.oidossucios.com\/site\/radiohead-niega-segunda-parte-de-the-king-of-limbs\/\"]}]},{\"@type\":[\"Person\"],\"@id\":\"https:\/\/www.oidossucios.com\/site\/#\/schema\/person\/24559eeb76bf83a63296fb072393a688\",\"name\":\"Oidossucios\",\"image\":{\"@type\":\"ImageObject\",\"@id\":\"https:\/\/www.oidossucios.com\/site\/#personlogo\",\"inLanguage\":\"es\",\"url\":\"https:\/\/secure.gravatar.com\/avatar\/74fcb480f42f1a33e50a0b6e6369a3f907be2e43dc84fa5f76c66e9c22b4a5ab?s=96&d=mm&r=g\",\"caption\":\"Oidossucios\"},\"sameAs\":[\"https:\/\/twitter.com\/oidossucios\"]}]}<\/script>\n<!-- \/ Yoast SEO plugin. -->","jetpack_sharing_enabled":true,"_links":{"self":[{"href":"https:\/\/www.oidossucios.com\/site\/wp-json\/wp\/v2\/posts\/3325","targetHints":{"allow":["GET"]}}],"collection":[{"href":"https:\/\/www.oidossucios.com\/site\/wp-json\/wp\/v2\/posts"}],"about":[{"href":"https:\/\/www.oidossucios.com\/site\/wp-json\/wp\/v2\/types\/post"}],"author":[{"embeddable":true,"href":"https:\/\/www.oidossucios.com\/site\/wp-json\/wp\/v2\/users\/4"}],"replies":[{"embeddable":true,"href":"https:\/\/www.oidossucios.com\/site\/wp-json\/wp\/v2\/comments?post=3325"}],"version-history":[{"count":0,"href":"https:\/\/www.oidossucios.com\/site\/wp-json\/wp\/v2\/posts\/3325\/revisions"}],"wp:featuredmedia":[{"embeddable":true,"href":"https:\/\/www.oidossucios.com\/site\/wp-json\/wp\/v2\/media\/100003325"}],"wp:attachment":[{"href":"https:\/\/www.oidossucios.com\/site\/wp-json\/wp\/v2\/media?parent=3325"}],"wp:term":[{"taxonomy":"category","embeddable":true,"href":"https:\/\/www.oidossucios.com\/site\/wp-json\/wp\/v2\/categories?post=3325"},{"taxonomy":"post_tag","embeddable":true,"href":"https:\/\/www.oidossucios.com\/site\/wp-json\/wp\/v2\/tags?post=3325"}],"curies":[{"name":"wp","href":"https:\/\/api.w.org\/{rel}","templated":true}]}}