{"id":3338,"date":"2011-04-20T07:15:00","date_gmt":"2011-04-20T07:15:00","guid":{"rendered":"https:\/\/www.oidossucios.com\/site\/2011\/04\/20\/andreazulado-ofrecera-show-onplugged-en-cherrys-diner\/"},"modified":"2011-04-20T07:15:00","modified_gmt":"2011-04-20T07:15:00","slug":"andreazulado-ofrecera-show-onplugged-en-cherrys-diner","status":"publish","type":"post","link":"https:\/\/www.oidossucios.com\/site\/andreazulado-ofrecera-show-onplugged-en-cherrys-diner\/","title":{"rendered":"Andreazulado ofrecer\u00e1 show &#8220;ONplugged&#8221; en Cherry\u00b4s Diner"},"content":{"rendered":"\n<p align=\"CENTER\" style=\"text-align: left; \">Un show \u00edntimo&nbsp;y distinto&nbsp;ofrecer\u00e1 Andreazulado este s\u00e1bado 23 de abril en Cherry\u00b4s Diner, en el marco de los &#8220;S\u00e1bados de Alfombra&#8221;, formato de conciertos que promueve el local ubicado en el C.C Sednaya, en la Avenida Principal de Lecher\u00eda, en Anzo\u00e1tegui.<\/p>\n<p align=\"JUSTIFY\"><\/p>\n<p align=\"JUSTIFY\">La banda anzoatiguense, una de las mejores posicionadas en la escena independiente venezolana, regresa a casa para ofrecer un show &#8220;<b>ON<\/b>plugged&#8221; (semi-ac\u00fastico) en el que se pasear\u00e1 por el repertorio de sus tres discos, especialmente por las obras de su \u00f3pera prima &#8220;Andreazulado&#8221;, que en julio arribar\u00e1 a 10 a\u00f1os de su gestaci\u00f3n.<\/p>\n<p align=\"JUSTIFY\"><\/p>\n<p align=\"JUSTIFY\">Para la ocasi\u00f3n se rifar\u00e1 un&nbsp;<b>KIT AZULADO<\/b>&nbsp;(CD Cr\u00f3nicas del Sub + CD Despegue Eterno + DVD en HD con los clips Subdesarrollo, Ma\u00f1ana ser\u00e1 igual y Comunicaci\u00f3n + 2 posters + 1 sticker). En busca de mantener un contacto m\u00e1s directo con sus seguidores, Andreazulado hace una trivia mensual -para todo el pa\u00eds- a trav\u00e9s de sus cuentas de twitter y facebook, en la que el ganador sale premiado con el mencionado kit.<\/p>\n<p align=\"JUSTIFY\"><\/p>\n<p align=\"JUSTIFY\">Los azulados promocionan actualmente el sencillo &#8220;Comunicaci\u00f3n&#8221;, cuyo videoclip ha arrojado respetables cr\u00edticas debido a la calidad de fotograf\u00eda y por el mensaje reflexivo que transmite.<\/p>\n<p align=\"JUSTIFY\"><\/p>\n<p align=\"JUSTIFY\"><iframe loading=\"lazy\" title=\"YouTube video player\" width=\"480\" height=\"390\" frameborder=\"0\" allowfullscreen=\"\" src=\"http:\/\/www.youtube.com\/embed\/piQLCgFrpek\"><\/iframe><\/p>\n<p align=\"JUSTIFY\"><b><br \/><\/b><\/p>\n<p align=\"JUSTIFY\"><b>Andreazulado en&nbsp;ONplugged<\/b><\/p>\n<p align=\"JUSTIFY\">S\u00e1bado 23 de abril, 8:00 p.m.<\/p>\n<p align=\"JUSTIFY\">Cherry\u00b4s Diner<\/p>\n<p align=\"JUSTIFY\">C.C. Sednaya, Av. Ppal. Lecher\u00eda, ANZ.<\/p>\n<p align=\"JUSTIFY\">Cover: 40 BsF<\/p>\n<p align=\"JUSTIFY\"><b>Las primeras personas en llegar se llevan un (1) single de &#8220;comunicaci\u00f3n&#8221; + un (1) poster.<\/b><\/p>\n<p align=\"JUSTIFY\"><b>Discos a la venta el d\u00eda del show<\/b><\/p>\n<p align=\"JUSTIFY\">(Solo para 60 personas)<\/p>\n<p align=\"JUSTIFY\"><\/p>\n<p align=\"JUSTIFY\"><b>Pr\u00f3ximos shows:<\/b><\/p>\n<ul>\n<li>\n<p align=\"JUSTIFY\"><b>S\u00e1b 14 mayo<\/b>, Moulin Rouge, CCS, Miranda.<\/p>\n<\/li>\n<\/ul>\n<ul>\n<li>\n<p align=\"JUSTIFY\"><b>S\u00e1b 28 mayo<\/b>, El Teatro Bar, CCS, Miranda.<\/p>\n<p align=\"JUSTIFY\">&nbsp;<\/p>\n<\/li>\n<\/ul>\n<p align=\"JUSTIFY\"><b>ANDREAZULADO es<\/b>:<\/p>\n<p align=\"JUSTIFY\">Pepo Lamberti (Bajo\/Voz)<\/p>\n<p align=\"JUSTIFY\">Edgar Lamberti (Guitarra\/Coros)<\/p>\n<p align=\"JUSTIFY\">Puly Lamberti (Bater\u00eda\/Coros)<\/p>\n<p align=\"JUSTIFY\"><\/p>\n<p>&nbsp;<\/p>\n<p><a target=\"_blank\" href=\"http:\/\/www.andreazulado.com\/\" rel=\"noopener noreferrer\">www.andreazulado.com<\/a>&nbsp;<\/p>\n<p>Twitter:&nbsp;<a target=\"_blank\" href=\"http:\/\/twitter.com\/andreazulado\" rel=\"noopener noreferrer\">http:\/\/twitter.com\/<wbr \/>andreazulado<\/a>&nbsp;<br \/>Reverbnation:&nbsp;<a target=\"_blank\" href=\"http:\/\/www.facebook.com\/group.php?gid=46935440615\" rel=\"noopener noreferrer\">http:\/\/www.reverbnation.com\/<wbr \/>andreazulado<\/a>&nbsp;<br \/>Facebook:&nbsp;<a target=\"_blank\" href=\"http:\/\/www.facebook.com\/pages\/Andreazulado\/10307152939\" rel=\"noopener noreferrer\">http:\/\/www.facebook.com\/pages\/<wbr \/>Andreazulado\/10307152939<\/a>&nbsp;<br \/>Myspace:&nbsp;<a target=\"_blank\" href=\"http:\/\/www.myspace.com\/andreazulado\" rel=\"noopener noreferrer\">http:\/\/www.myspace.com\/<wbr \/>andreazulado<\/a><br \/><!--nextpage--><img decoding=\"async\" class=\"aligncenter size-medium wp-image-111113984\" src=\"https:\/\/www.oidossucios.com\/site\/wp-content\/uploads\/2020\/02\/3984.jpg\" alt=\"Andreazulado ofrecer\u00e1 show \"ONplugged\" en Cherry\u00b4s Diner\"  \/><a href='https:\/\/www.oidossucios.com\/site\/andreazulado-ofrecera-show-onplugged-en-cherrys-diner\/2\/'\n                        onclick='if (tpsInstance) { tpsInstance.setNext(); return false; }'\n                        rel='next'\n                        style=''\n                        class=''>Ver galer\u00eda<\/a>]]><\/p>\n","protected":false},"excerpt":{"rendered":"<p>Este s\u00e1bado 23 de abril los azulados dar\u00e1n un concierto especial a sus seguidores portocruzanos.<\/p>\n","protected":false},"author":4,"featured_media":100003338,"comment_status":"open","ping_status":"open","sticky":false,"template":"","format":"standard","meta":{"_jetpack_memberships_contains_paid_content":false,"footnotes":""},"categories":[250],"tags":[],"class_list":["post-3338","post","type-post","status-publish","format-standard","has-post-thumbnail","hentry","category-noticias"],"jetpack_featured_media_url":"https:\/\/www.oidossucios.com\/site\/wp-content\/uploads\/2011\/04\/3338.jpg","yoast_head":"<!-- This site is optimized with the Yoast SEO plugin v14.0.4 - https:\/\/yoast.com\/wordpress\/plugins\/seo\/ -->\n<title>Andreazulado ofrecer\u00e1 show &quot;ONplugged&quot; en Cherry\u00b4s Diner - OidosSucios.Com<\/title>\n<meta name=\"description\" content=\"Este s\u00e1bado 23 de abril los azulados dar\u00e1n un concierto especial a sus seguidores portocruzanos.\" \/>\n<meta name=\"robots\" content=\"index, follow\" \/>\n<meta name=\"googlebot\" content=\"index, follow, max-snippet:-1, max-image-preview:large, max-video-preview:-1\" \/>\n<meta name=\"bingbot\" content=\"index, follow, max-snippet:-1, max-image-preview:large, max-video-preview:-1\" \/>\n<link rel=\"canonical\" href=\"https:\/\/www.oidossucios.com\/site\/andreazulado-ofrecera-show-onplugged-en-cherrys-diner\/\" \/>\n<link rel=\"next\" href=\"https:\/\/www.oidossucios.com\/site\/andreazulado-ofrecera-show-onplugged-en-cherrys-diner\/2\/\" \/>\n<meta property=\"og:locale\" content=\"es_ES\" \/>\n<meta property=\"og:type\" content=\"article\" \/>\n<meta property=\"og:title\" content=\"Andreazulado ofrecer\u00e1 show &quot;ONplugged&quot; en Cherry\u00b4s Diner - OidosSucios.Com\" \/>\n<meta property=\"og:description\" content=\"Este s\u00e1bado 23 de abril los azulados dar\u00e1n un concierto especial a sus seguidores portocruzanos.\" \/>\n<meta property=\"og:url\" content=\"https:\/\/www.oidossucios.com\/site\/andreazulado-ofrecera-show-onplugged-en-cherrys-diner\/\" \/>\n<meta property=\"og:site_name\" content=\"OidosSucios.Com\" \/>\n<meta property=\"article:published_time\" content=\"2011-04-20T07:15:00+00:00\" \/>\n<meta property=\"og:image\" content=\"https:\/\/www.oidossucios.com\/site\/wp-content\/uploads\/2011\/04\/3338.jpg\" \/>\n\t<meta property=\"og:image:width\" content=\"350\" \/>\n\t<meta property=\"og:image:height\" content=\"300\" \/>\n<meta name=\"twitter:card\" content=\"summary_large_image\" \/>\n<meta name=\"twitter:creator\" content=\"@oidossucios\" \/>\n<script type=\"application\/ld+json\" class=\"yoast-schema-graph\">{\"@context\":\"https:\/\/schema.org\",\"@graph\":[{\"@type\":\"WebSite\",\"@id\":\"https:\/\/www.oidossucios.com\/site\/#website\",\"url\":\"https:\/\/www.oidossucios.com\/site\/\",\"name\":\"OidosSucios.Com\",\"description\":\"M\\u00fasica, conciertos, discos\",\"potentialAction\":[{\"@type\":\"SearchAction\",\"target\":\"https:\/\/www.oidossucios.com\/site\/?s={search_term_string}\",\"query-input\":\"required name=search_term_string\"}],\"inLanguage\":\"es\"},{\"@type\":\"ImageObject\",\"@id\":\"https:\/\/www.oidossucios.com\/site\/andreazulado-ofrecera-show-onplugged-en-cherrys-diner\/#primaryimage\",\"inLanguage\":\"es\",\"url\":\"https:\/\/www.oidossucios.com\/site\/wp-content\/uploads\/2011\/04\/3338.jpg\",\"width\":350,\"height\":300},{\"@type\":\"WebPage\",\"@id\":\"https:\/\/www.oidossucios.com\/site\/andreazulado-ofrecera-show-onplugged-en-cherrys-diner\/#webpage\",\"url\":\"https:\/\/www.oidossucios.com\/site\/andreazulado-ofrecera-show-onplugged-en-cherrys-diner\/\",\"name\":\"Andreazulado ofrecer\\u00e1 show \\\"ONplugged\\\" en Cherry\\u00b4s Diner - OidosSucios.Com\",\"isPartOf\":{\"@id\":\"https:\/\/www.oidossucios.com\/site\/#website\"},\"primaryImageOfPage\":{\"@id\":\"https:\/\/www.oidossucios.com\/site\/andreazulado-ofrecera-show-onplugged-en-cherrys-diner\/#primaryimage\"},\"datePublished\":\"2011-04-20T07:15:00+00:00\",\"dateModified\":\"2011-04-20T07:15:00+00:00\",\"author\":{\"@id\":\"https:\/\/www.oidossucios.com\/site\/#\/schema\/person\/24559eeb76bf83a63296fb072393a688\"},\"description\":\"Este s\\u00e1bado 23 de abril los azulados dar\\u00e1n un concierto especial a sus seguidores portocruzanos.\",\"inLanguage\":\"es\",\"potentialAction\":[{\"@type\":\"ReadAction\",\"target\":[\"https:\/\/www.oidossucios.com\/site\/andreazulado-ofrecera-show-onplugged-en-cherrys-diner\/\"]}]},{\"@type\":[\"Person\"],\"@id\":\"https:\/\/www.oidossucios.com\/site\/#\/schema\/person\/24559eeb76bf83a63296fb072393a688\",\"name\":\"Oidossucios\",\"image\":{\"@type\":\"ImageObject\",\"@id\":\"https:\/\/www.oidossucios.com\/site\/#personlogo\",\"inLanguage\":\"es\",\"url\":\"https:\/\/secure.gravatar.com\/avatar\/74fcb480f42f1a33e50a0b6e6369a3f907be2e43dc84fa5f76c66e9c22b4a5ab?s=96&d=mm&r=g\",\"caption\":\"Oidossucios\"},\"sameAs\":[\"https:\/\/twitter.com\/oidossucios\"]}]}<\/script>\n<!-- \/ Yoast SEO plugin. -->","jetpack_sharing_enabled":true,"_links":{"self":[{"href":"https:\/\/www.oidossucios.com\/site\/wp-json\/wp\/v2\/posts\/3338","targetHints":{"allow":["GET"]}}],"collection":[{"href":"https:\/\/www.oidossucios.com\/site\/wp-json\/wp\/v2\/posts"}],"about":[{"href":"https:\/\/www.oidossucios.com\/site\/wp-json\/wp\/v2\/types\/post"}],"author":[{"embeddable":true,"href":"https:\/\/www.oidossucios.com\/site\/wp-json\/wp\/v2\/users\/4"}],"replies":[{"embeddable":true,"href":"https:\/\/www.oidossucios.com\/site\/wp-json\/wp\/v2\/comments?post=3338"}],"version-history":[{"count":0,"href":"https:\/\/www.oidossucios.com\/site\/wp-json\/wp\/v2\/posts\/3338\/revisions"}],"wp:featuredmedia":[{"embeddable":true,"href":"https:\/\/www.oidossucios.com\/site\/wp-json\/wp\/v2\/media\/100003338"}],"wp:attachment":[{"href":"https:\/\/www.oidossucios.com\/site\/wp-json\/wp\/v2\/media?parent=3338"}],"wp:term":[{"taxonomy":"category","embeddable":true,"href":"https:\/\/www.oidossucios.com\/site\/wp-json\/wp\/v2\/categories?post=3338"},{"taxonomy":"post_tag","embeddable":true,"href":"https:\/\/www.oidossucios.com\/site\/wp-json\/wp\/v2\/tags?post=3338"}],"curies":[{"name":"wp","href":"https:\/\/api.w.org\/{rel}","templated":true}]}}