{"id":3369,"date":"2011-04-27T05:51:00","date_gmt":"2011-04-27T05:51:00","guid":{"rendered":"https:\/\/www.oidossucios.com\/site\/2011\/04\/27\/jack-osbourne-hara-una-pelicula-de-terror-titulada-black-sabbath\/"},"modified":"2011-04-27T05:51:00","modified_gmt":"2011-04-27T05:51:00","slug":"jack-osbourne-hara-una-pelicula-de-terror-titulada-black-sabbath","status":"publish","type":"post","link":"https:\/\/www.oidossucios.com\/site\/jack-osbourne-hara-una-pelicula-de-terror-titulada-black-sabbath\/","title":{"rendered":"Jack Osbourne har\u00e1 una pel\u00edcula de terror titulada &#8220;Black Sabbath&#8221;"},"content":{"rendered":"\n<p>Jack Osbourne, el hijo del llamado &#8220;Pr\u00edncipe de las Tinieblas&#8221;, se encuentra trabajando al lado de Marc Weingarten en un nuevo proyecto. Luego del estreno del concierto <a href=\"\/noticias\/3080\/preparan-documental-sobre-la-vida-de-ozzy\/\">documental,&nbsp;<i>God Bless Ozzy Osbourne<\/i><\/a>, Jack prepara su siguiente movimiento, el cual al parecer ser\u00e1 una cinta de terror que llevar\u00e1 por nombre Black Sabbath.&nbsp;<\/p>\n<p>Tras el estreno del documental, Weingarten dijo: &#8220;Jack y yo estamos haciendo una pel\u00edcula de terror llamada Black Sabbath, as\u00ed que tenemos algo de trabajo ah\u00ed.&#8221; El coproductor explic\u00f3 que la cinta s\u00f3lo contendr\u00e1 el nombre y m\u00fasica de la legendaria banda, por lo que no se trata de un documental.&nbsp;<\/p>\n<p> <\/p>\n<p>Hasta el momento no tienen fecha tentativa de lanzamiento, ya que Weingarten asegur\u00f3 que empezar\u00e1n a grabar hasta finales de a\u00f1o.&nbsp;<\/p>\n<p>&nbsp;<\/p>\n<p>Fuente: www.rollingstone.com.mx<\/p>\n","protected":false},"excerpt":{"rendered":"<p>Jack Osbourne, el hijo del llamado &#8220;Pr\u00edncipe de las Tinieblas&#8221;, se encuentra trabajando al lado de Marc Weingarten en un nuevo proyecto. Luego del estreno del concierto documental,&nbsp;God Bless Ozzy Osbourne, Jack prepara su siguiente movimiento, el cual al parecer ser\u00e1 una cinta de terror que llevar\u00e1 por nombre Black Sabbath.&nbsp; Tras el estreno del [&hellip;]<\/p>\n","protected":false},"author":4,"featured_media":100003369,"comment_status":"open","ping_status":"open","sticky":false,"template":"","format":"standard","meta":{"_jetpack_memberships_contains_paid_content":false,"footnotes":""},"categories":[142],"tags":[],"class_list":["post-3369","post","type-post","status-publish","format-standard","has-post-thumbnail","hentry","category-buzznews"],"jetpack_featured_media_url":"https:\/\/www.oidossucios.com\/site\/wp-content\/uploads\/2011\/04\/3369.jpg","yoast_head":"<!-- This site is optimized with the Yoast SEO plugin v14.0.4 - https:\/\/yoast.com\/wordpress\/plugins\/seo\/ -->\n<title>Jack Osbourne har\u00e1 una pel\u00edcula de terror titulada &quot;Black Sabbath&quot; - OidosSucios.Com<\/title>\n<meta name=\"robots\" content=\"index, follow\" \/>\n<meta name=\"googlebot\" content=\"index, follow, max-snippet:-1, max-image-preview:large, max-video-preview:-1\" \/>\n<meta name=\"bingbot\" content=\"index, follow, max-snippet:-1, max-image-preview:large, max-video-preview:-1\" \/>\n<link rel=\"canonical\" href=\"https:\/\/www.oidossucios.com\/site\/jack-osbourne-hara-una-pelicula-de-terror-titulada-black-sabbath\/\" \/>\n<meta property=\"og:locale\" content=\"es_ES\" \/>\n<meta property=\"og:type\" content=\"article\" \/>\n<meta property=\"og:title\" content=\"Jack Osbourne har\u00e1 una pel\u00edcula de terror titulada &quot;Black Sabbath&quot; - OidosSucios.Com\" \/>\n<meta property=\"og:description\" content=\"Jack Osbourne, el hijo del llamado &#8220;Pr\u00edncipe de las Tinieblas&#8221;, se encuentra trabajando al lado de Marc Weingarten en un nuevo proyecto. Luego del estreno del concierto documental,&nbsp;God Bless Ozzy Osbourne, Jack prepara su siguiente movimiento, el cual al parecer ser\u00e1 una cinta de terror que llevar\u00e1 por nombre Black Sabbath.&nbsp; Tras el estreno del [&hellip;]\" \/>\n<meta property=\"og:url\" content=\"https:\/\/www.oidossucios.com\/site\/jack-osbourne-hara-una-pelicula-de-terror-titulada-black-sabbath\/\" \/>\n<meta property=\"og:site_name\" content=\"OidosSucios.Com\" \/>\n<meta property=\"article:published_time\" content=\"2011-04-27T05:51:00+00:00\" \/>\n<meta property=\"og:image\" content=\"https:\/\/www.oidossucios.com\/site\/wp-content\/uploads\/2011\/04\/3369.jpg\" \/>\n\t<meta property=\"og:image:width\" content=\"350\" \/>\n\t<meta property=\"og:image:height\" content=\"300\" \/>\n<meta name=\"twitter:card\" content=\"summary_large_image\" \/>\n<meta name=\"twitter:creator\" content=\"@oidossucios\" \/>\n<script type=\"application\/ld+json\" class=\"yoast-schema-graph\">{\"@context\":\"https:\/\/schema.org\",\"@graph\":[{\"@type\":\"WebSite\",\"@id\":\"https:\/\/www.oidossucios.com\/site\/#website\",\"url\":\"https:\/\/www.oidossucios.com\/site\/\",\"name\":\"OidosSucios.Com\",\"description\":\"M\\u00fasica, conciertos, discos\",\"potentialAction\":[{\"@type\":\"SearchAction\",\"target\":\"https:\/\/www.oidossucios.com\/site\/?s={search_term_string}\",\"query-input\":\"required name=search_term_string\"}],\"inLanguage\":\"es\"},{\"@type\":\"ImageObject\",\"@id\":\"https:\/\/www.oidossucios.com\/site\/jack-osbourne-hara-una-pelicula-de-terror-titulada-black-sabbath\/#primaryimage\",\"inLanguage\":\"es\",\"url\":\"https:\/\/www.oidossucios.com\/site\/wp-content\/uploads\/2011\/04\/3369.jpg\",\"width\":350,\"height\":300},{\"@type\":\"WebPage\",\"@id\":\"https:\/\/www.oidossucios.com\/site\/jack-osbourne-hara-una-pelicula-de-terror-titulada-black-sabbath\/#webpage\",\"url\":\"https:\/\/www.oidossucios.com\/site\/jack-osbourne-hara-una-pelicula-de-terror-titulada-black-sabbath\/\",\"name\":\"Jack Osbourne har\\u00e1 una pel\\u00edcula de terror titulada \\\"Black Sabbath\\\" - OidosSucios.Com\",\"isPartOf\":{\"@id\":\"https:\/\/www.oidossucios.com\/site\/#website\"},\"primaryImageOfPage\":{\"@id\":\"https:\/\/www.oidossucios.com\/site\/jack-osbourne-hara-una-pelicula-de-terror-titulada-black-sabbath\/#primaryimage\"},\"datePublished\":\"2011-04-27T05:51:00+00:00\",\"dateModified\":\"2011-04-27T05:51:00+00:00\",\"author\":{\"@id\":\"https:\/\/www.oidossucios.com\/site\/#\/schema\/person\/24559eeb76bf83a63296fb072393a688\"},\"inLanguage\":\"es\",\"potentialAction\":[{\"@type\":\"ReadAction\",\"target\":[\"https:\/\/www.oidossucios.com\/site\/jack-osbourne-hara-una-pelicula-de-terror-titulada-black-sabbath\/\"]}]},{\"@type\":[\"Person\"],\"@id\":\"https:\/\/www.oidossucios.com\/site\/#\/schema\/person\/24559eeb76bf83a63296fb072393a688\",\"name\":\"Oidossucios\",\"image\":{\"@type\":\"ImageObject\",\"@id\":\"https:\/\/www.oidossucios.com\/site\/#personlogo\",\"inLanguage\":\"es\",\"url\":\"https:\/\/secure.gravatar.com\/avatar\/74fcb480f42f1a33e50a0b6e6369a3f907be2e43dc84fa5f76c66e9c22b4a5ab?s=96&d=mm&r=g\",\"caption\":\"Oidossucios\"},\"sameAs\":[\"https:\/\/twitter.com\/oidossucios\"]}]}<\/script>\n<!-- \/ Yoast SEO plugin. -->","jetpack_sharing_enabled":true,"_links":{"self":[{"href":"https:\/\/www.oidossucios.com\/site\/wp-json\/wp\/v2\/posts\/3369","targetHints":{"allow":["GET"]}}],"collection":[{"href":"https:\/\/www.oidossucios.com\/site\/wp-json\/wp\/v2\/posts"}],"about":[{"href":"https:\/\/www.oidossucios.com\/site\/wp-json\/wp\/v2\/types\/post"}],"author":[{"embeddable":true,"href":"https:\/\/www.oidossucios.com\/site\/wp-json\/wp\/v2\/users\/4"}],"replies":[{"embeddable":true,"href":"https:\/\/www.oidossucios.com\/site\/wp-json\/wp\/v2\/comments?post=3369"}],"version-history":[{"count":0,"href":"https:\/\/www.oidossucios.com\/site\/wp-json\/wp\/v2\/posts\/3369\/revisions"}],"wp:featuredmedia":[{"embeddable":true,"href":"https:\/\/www.oidossucios.com\/site\/wp-json\/wp\/v2\/media\/100003369"}],"wp:attachment":[{"href":"https:\/\/www.oidossucios.com\/site\/wp-json\/wp\/v2\/media?parent=3369"}],"wp:term":[{"taxonomy":"category","embeddable":true,"href":"https:\/\/www.oidossucios.com\/site\/wp-json\/wp\/v2\/categories?post=3369"},{"taxonomy":"post_tag","embeddable":true,"href":"https:\/\/www.oidossucios.com\/site\/wp-json\/wp\/v2\/tags?post=3369"}],"curies":[{"name":"wp","href":"https:\/\/api.w.org\/{rel}","templated":true}]}}