{"id":3375,"date":"2011-04-28T06:17:00","date_gmt":"2011-04-28T06:17:00","guid":{"rendered":"https:\/\/www.oidossucios.com\/site\/2011\/04\/28\/steven-tyler-lanzara-un-sencillo-como-solista\/"},"modified":"2011-04-28T06:17:00","modified_gmt":"2011-04-28T06:17:00","slug":"steven-tyler-lanzara-un-sencillo-como-solista","status":"publish","type":"post","link":"https:\/\/www.oidossucios.com\/site\/steven-tyler-lanzara-un-sencillo-como-solista\/","title":{"rendered":"Steven Tyler lanzar\u00e1 un sencillo como solista"},"content":{"rendered":"\n<p>El l\u00edder de Aerosmith y ahora juez de &#8220;American Idol&#8221;, Steven Tyler lanzar\u00e1 un sencillo solista el 9 de mayo que tendr\u00e1 por nombre &#8220;(It) Feels So Good&#8221;.<\/p>\n<p>El estreno de la canci\u00f3n escrita por Tyler y su colaborador frecuente Marti Frederiksen, ser\u00e1 en el programa de radio de Ryan Seacrest por la estaci\u00f3n KIIS-FM de Los \u00c1ngeles, CA.<\/p>\n<p>Steven Tyler aclara que es \u00fanicamente un sencillo y que no ser\u00e1 parte de un \u00e1lbum solista. De hecho Aerosmith podr\u00eda estar cerca de grabar nuevo material, ya que la banda, menos el guitarrista Joe Perry han estado preparando nuevas canciones, que podr\u00edan grabar este verano.<\/p>\n<p>El sencillo estar\u00e1 disponible en formato f\u00edsico y digital el d\u00eda despu\u00e9s del estreno (10 de mayo) y el video podr\u00eda debutar en un episodio de &#8220;American Idol&#8221;.<\/p>\n<p>&nbsp;<\/p>\n<p>Fuente: www.warp.com.mx<\/p>\n","protected":false},"excerpt":{"rendered":"<p>El l\u00edder de Aerosmith y ahora juez de &#8220;American Idol&#8221;, Steven Tyler lanzar\u00e1 un sencillo solista el 9 de mayo que tendr\u00e1 por nombre &#8220;(It) Feels So Good&#8221;. El estreno de la canci\u00f3n escrita por Tyler y su colaborador frecuente Marti Frederiksen, ser\u00e1 en el programa de radio de Ryan Seacrest por la estaci\u00f3n KIIS-FM [&hellip;]<\/p>\n","protected":false},"author":4,"featured_media":100003375,"comment_status":"open","ping_status":"open","sticky":false,"template":"","format":"standard","meta":{"_jetpack_memberships_contains_paid_content":false,"footnotes":""},"categories":[142],"tags":[],"class_list":["post-3375","post","type-post","status-publish","format-standard","has-post-thumbnail","hentry","category-buzznews"],"jetpack_featured_media_url":"https:\/\/www.oidossucios.com\/site\/wp-content\/uploads\/2011\/04\/3375.jpg","yoast_head":"<!-- This site is optimized with the Yoast SEO plugin v14.0.4 - https:\/\/yoast.com\/wordpress\/plugins\/seo\/ -->\n<title>Steven Tyler lanzar\u00e1 un sencillo como solista - OidosSucios.Com<\/title>\n<meta name=\"robots\" content=\"index, follow\" \/>\n<meta name=\"googlebot\" content=\"index, follow, max-snippet:-1, max-image-preview:large, max-video-preview:-1\" \/>\n<meta name=\"bingbot\" content=\"index, follow, max-snippet:-1, max-image-preview:large, max-video-preview:-1\" \/>\n<link rel=\"canonical\" href=\"https:\/\/www.oidossucios.com\/site\/steven-tyler-lanzara-un-sencillo-como-solista\/\" \/>\n<meta property=\"og:locale\" content=\"es_ES\" \/>\n<meta property=\"og:type\" content=\"article\" \/>\n<meta property=\"og:title\" content=\"Steven Tyler lanzar\u00e1 un sencillo como solista - OidosSucios.Com\" \/>\n<meta property=\"og:description\" content=\"El l\u00edder de Aerosmith y ahora juez de &#8220;American Idol&#8221;, Steven Tyler lanzar\u00e1 un sencillo solista el 9 de mayo que tendr\u00e1 por nombre &#8220;(It) Feels So Good&#8221;. El estreno de la canci\u00f3n escrita por Tyler y su colaborador frecuente Marti Frederiksen, ser\u00e1 en el programa de radio de Ryan Seacrest por la estaci\u00f3n KIIS-FM [&hellip;]\" \/>\n<meta property=\"og:url\" content=\"https:\/\/www.oidossucios.com\/site\/steven-tyler-lanzara-un-sencillo-como-solista\/\" \/>\n<meta property=\"og:site_name\" content=\"OidosSucios.Com\" \/>\n<meta property=\"article:published_time\" content=\"2011-04-28T06:17:00+00:00\" \/>\n<meta property=\"og:image\" content=\"https:\/\/www.oidossucios.com\/site\/wp-content\/uploads\/2011\/04\/3375.jpg\" \/>\n\t<meta property=\"og:image:width\" content=\"350\" \/>\n\t<meta property=\"og:image:height\" content=\"300\" \/>\n<meta name=\"twitter:card\" content=\"summary_large_image\" \/>\n<meta name=\"twitter:creator\" content=\"@oidossucios\" \/>\n<script type=\"application\/ld+json\" class=\"yoast-schema-graph\">{\"@context\":\"https:\/\/schema.org\",\"@graph\":[{\"@type\":\"WebSite\",\"@id\":\"https:\/\/www.oidossucios.com\/site\/#website\",\"url\":\"https:\/\/www.oidossucios.com\/site\/\",\"name\":\"OidosSucios.Com\",\"description\":\"M\\u00fasica, conciertos, discos\",\"potentialAction\":[{\"@type\":\"SearchAction\",\"target\":\"https:\/\/www.oidossucios.com\/site\/?s={search_term_string}\",\"query-input\":\"required name=search_term_string\"}],\"inLanguage\":\"es\"},{\"@type\":\"ImageObject\",\"@id\":\"https:\/\/www.oidossucios.com\/site\/steven-tyler-lanzara-un-sencillo-como-solista\/#primaryimage\",\"inLanguage\":\"es\",\"url\":\"https:\/\/www.oidossucios.com\/site\/wp-content\/uploads\/2011\/04\/3375.jpg\",\"width\":350,\"height\":300},{\"@type\":\"WebPage\",\"@id\":\"https:\/\/www.oidossucios.com\/site\/steven-tyler-lanzara-un-sencillo-como-solista\/#webpage\",\"url\":\"https:\/\/www.oidossucios.com\/site\/steven-tyler-lanzara-un-sencillo-como-solista\/\",\"name\":\"Steven Tyler lanzar\\u00e1 un sencillo como solista - OidosSucios.Com\",\"isPartOf\":{\"@id\":\"https:\/\/www.oidossucios.com\/site\/#website\"},\"primaryImageOfPage\":{\"@id\":\"https:\/\/www.oidossucios.com\/site\/steven-tyler-lanzara-un-sencillo-como-solista\/#primaryimage\"},\"datePublished\":\"2011-04-28T06:17:00+00:00\",\"dateModified\":\"2011-04-28T06:17:00+00:00\",\"author\":{\"@id\":\"https:\/\/www.oidossucios.com\/site\/#\/schema\/person\/24559eeb76bf83a63296fb072393a688\"},\"inLanguage\":\"es\",\"potentialAction\":[{\"@type\":\"ReadAction\",\"target\":[\"https:\/\/www.oidossucios.com\/site\/steven-tyler-lanzara-un-sencillo-como-solista\/\"]}]},{\"@type\":[\"Person\"],\"@id\":\"https:\/\/www.oidossucios.com\/site\/#\/schema\/person\/24559eeb76bf83a63296fb072393a688\",\"name\":\"Oidossucios\",\"image\":{\"@type\":\"ImageObject\",\"@id\":\"https:\/\/www.oidossucios.com\/site\/#personlogo\",\"inLanguage\":\"es\",\"url\":\"https:\/\/secure.gravatar.com\/avatar\/74fcb480f42f1a33e50a0b6e6369a3f907be2e43dc84fa5f76c66e9c22b4a5ab?s=96&d=mm&r=g\",\"caption\":\"Oidossucios\"},\"sameAs\":[\"https:\/\/twitter.com\/oidossucios\"]}]}<\/script>\n<!-- \/ Yoast SEO plugin. -->","jetpack_sharing_enabled":true,"_links":{"self":[{"href":"https:\/\/www.oidossucios.com\/site\/wp-json\/wp\/v2\/posts\/3375","targetHints":{"allow":["GET"]}}],"collection":[{"href":"https:\/\/www.oidossucios.com\/site\/wp-json\/wp\/v2\/posts"}],"about":[{"href":"https:\/\/www.oidossucios.com\/site\/wp-json\/wp\/v2\/types\/post"}],"author":[{"embeddable":true,"href":"https:\/\/www.oidossucios.com\/site\/wp-json\/wp\/v2\/users\/4"}],"replies":[{"embeddable":true,"href":"https:\/\/www.oidossucios.com\/site\/wp-json\/wp\/v2\/comments?post=3375"}],"version-history":[{"count":0,"href":"https:\/\/www.oidossucios.com\/site\/wp-json\/wp\/v2\/posts\/3375\/revisions"}],"wp:featuredmedia":[{"embeddable":true,"href":"https:\/\/www.oidossucios.com\/site\/wp-json\/wp\/v2\/media\/100003375"}],"wp:attachment":[{"href":"https:\/\/www.oidossucios.com\/site\/wp-json\/wp\/v2\/media?parent=3375"}],"wp:term":[{"taxonomy":"category","embeddable":true,"href":"https:\/\/www.oidossucios.com\/site\/wp-json\/wp\/v2\/categories?post=3375"},{"taxonomy":"post_tag","embeddable":true,"href":"https:\/\/www.oidossucios.com\/site\/wp-json\/wp\/v2\/tags?post=3375"}],"curies":[{"name":"wp","href":"https:\/\/api.w.org\/{rel}","templated":true}]}}