{"id":3381,"date":"2011-04-29T08:42:00","date_gmt":"2011-04-29T08:42:00","guid":{"rendered":"https:\/\/www.oidossucios.com\/site\/2011\/04\/29\/roger-daltrey-planea-gira-de-la-opera-rock-tommy-de-the-who\/"},"modified":"2011-04-29T08:42:00","modified_gmt":"2011-04-29T08:42:00","slug":"roger-daltrey-planea-gira-de-la-opera-rock-tommy-de-the-who","status":"publish","type":"post","link":"https:\/\/www.oidossucios.com\/site\/roger-daltrey-planea-gira-de-la-opera-rock-tommy-de-the-who\/","title":{"rendered":"Roger Daltrey planea gira de la \u00f3pera rock &#8220;Tommy&#8221; de The Who"},"content":{"rendered":"\n<p>El vocalista de la legendaria banda The Who, Roger Daltrey, planea hacer una gira como solista presentando la \u00f3pera rock &#8220;Tommy&#8221; que viera la luz en 1969.<\/p>\n<p>Para este proyecto, Daltrey le ha pedido al hermano del guitarrista de The Who, Pete Townshend, Simon que lo acompa\u00f1e en la gira.<\/p>\n<p>De acuerdo a declaraciones publicadas por el peri\u00f3dico ingl\u00e9s The Guardian, Pete no tiene problema alguno, &#8220;Muy bueno ver que Roger presentar\u00e1 Tommy con su banda en 2011. Es grandioso escuchar la forma en que Roger y su nueva banda han reinterpretado las viejas canciones de The Who. Yo estar\u00e9 en esp\u00edritu y Roger tiene mi completo y m\u00e1s cari\u00f1oso apoyo&#8221; dijo Pete.<\/p>\n<p>La gira para presentar &#8220;Tommy&#8221; inicia el 3 de julio en el Ragley Hall de Alcester, Inglaterra.<\/p>\n<p>&nbsp;<\/p>\n<p>Fuente: www.warp.com.la<\/p>\n","protected":false},"excerpt":{"rendered":"<p>El vocalista de la legendaria banda The Who, Roger Daltrey, planea hacer una gira como solista presentando la \u00f3pera rock &#8220;Tommy&#8221; que viera la luz en 1969. Para este proyecto, Daltrey le ha pedido al hermano del guitarrista de The Who, Pete Townshend, Simon que lo acompa\u00f1e en la gira. De acuerdo a declaraciones publicadas [&hellip;]<\/p>\n","protected":false},"author":4,"featured_media":100003381,"comment_status":"open","ping_status":"open","sticky":false,"template":"","format":"standard","meta":{"_jetpack_memberships_contains_paid_content":false,"footnotes":""},"categories":[142],"tags":[],"class_list":["post-3381","post","type-post","status-publish","format-standard","has-post-thumbnail","hentry","category-buzznews"],"jetpack_featured_media_url":"https:\/\/www.oidossucios.com\/site\/wp-content\/uploads\/2011\/04\/3381.jpg","yoast_head":"<!-- This site is optimized with the Yoast SEO plugin v14.0.4 - https:\/\/yoast.com\/wordpress\/plugins\/seo\/ -->\n<title>Roger Daltrey planea gira de la \u00f3pera rock &quot;Tommy&quot; de The Who - OidosSucios.Com<\/title>\n<meta name=\"robots\" content=\"index, follow\" \/>\n<meta name=\"googlebot\" content=\"index, follow, max-snippet:-1, max-image-preview:large, max-video-preview:-1\" \/>\n<meta name=\"bingbot\" content=\"index, follow, max-snippet:-1, max-image-preview:large, max-video-preview:-1\" \/>\n<link rel=\"canonical\" href=\"https:\/\/www.oidossucios.com\/site\/roger-daltrey-planea-gira-de-la-opera-rock-tommy-de-the-who\/\" \/>\n<meta property=\"og:locale\" content=\"es_ES\" \/>\n<meta property=\"og:type\" content=\"article\" \/>\n<meta property=\"og:title\" content=\"Roger Daltrey planea gira de la \u00f3pera rock &quot;Tommy&quot; de The Who - OidosSucios.Com\" \/>\n<meta property=\"og:description\" content=\"El vocalista de la legendaria banda The Who, Roger Daltrey, planea hacer una gira como solista presentando la \u00f3pera rock &#8220;Tommy&#8221; que viera la luz en 1969. Para este proyecto, Daltrey le ha pedido al hermano del guitarrista de The Who, Pete Townshend, Simon que lo acompa\u00f1e en la gira. De acuerdo a declaraciones publicadas [&hellip;]\" \/>\n<meta property=\"og:url\" content=\"https:\/\/www.oidossucios.com\/site\/roger-daltrey-planea-gira-de-la-opera-rock-tommy-de-the-who\/\" \/>\n<meta property=\"og:site_name\" content=\"OidosSucios.Com\" \/>\n<meta property=\"article:published_time\" content=\"2011-04-29T08:42:00+00:00\" \/>\n<meta property=\"og:image\" content=\"https:\/\/www.oidossucios.com\/site\/wp-content\/uploads\/2011\/04\/3381.jpg\" \/>\n\t<meta property=\"og:image:width\" content=\"350\" \/>\n\t<meta property=\"og:image:height\" content=\"300\" \/>\n<meta name=\"twitter:card\" content=\"summary_large_image\" \/>\n<meta name=\"twitter:creator\" content=\"@oidossucios\" \/>\n<script type=\"application\/ld+json\" class=\"yoast-schema-graph\">{\"@context\":\"https:\/\/schema.org\",\"@graph\":[{\"@type\":\"WebSite\",\"@id\":\"https:\/\/www.oidossucios.com\/site\/#website\",\"url\":\"https:\/\/www.oidossucios.com\/site\/\",\"name\":\"OidosSucios.Com\",\"description\":\"M\\u00fasica, conciertos, discos\",\"potentialAction\":[{\"@type\":\"SearchAction\",\"target\":\"https:\/\/www.oidossucios.com\/site\/?s={search_term_string}\",\"query-input\":\"required name=search_term_string\"}],\"inLanguage\":\"es\"},{\"@type\":\"ImageObject\",\"@id\":\"https:\/\/www.oidossucios.com\/site\/roger-daltrey-planea-gira-de-la-opera-rock-tommy-de-the-who\/#primaryimage\",\"inLanguage\":\"es\",\"url\":\"https:\/\/www.oidossucios.com\/site\/wp-content\/uploads\/2011\/04\/3381.jpg\",\"width\":350,\"height\":300},{\"@type\":\"WebPage\",\"@id\":\"https:\/\/www.oidossucios.com\/site\/roger-daltrey-planea-gira-de-la-opera-rock-tommy-de-the-who\/#webpage\",\"url\":\"https:\/\/www.oidossucios.com\/site\/roger-daltrey-planea-gira-de-la-opera-rock-tommy-de-the-who\/\",\"name\":\"Roger Daltrey planea gira de la \\u00f3pera rock \\\"Tommy\\\" de The Who - OidosSucios.Com\",\"isPartOf\":{\"@id\":\"https:\/\/www.oidossucios.com\/site\/#website\"},\"primaryImageOfPage\":{\"@id\":\"https:\/\/www.oidossucios.com\/site\/roger-daltrey-planea-gira-de-la-opera-rock-tommy-de-the-who\/#primaryimage\"},\"datePublished\":\"2011-04-29T08:42:00+00:00\",\"dateModified\":\"2011-04-29T08:42:00+00:00\",\"author\":{\"@id\":\"https:\/\/www.oidossucios.com\/site\/#\/schema\/person\/24559eeb76bf83a63296fb072393a688\"},\"inLanguage\":\"es\",\"potentialAction\":[{\"@type\":\"ReadAction\",\"target\":[\"https:\/\/www.oidossucios.com\/site\/roger-daltrey-planea-gira-de-la-opera-rock-tommy-de-the-who\/\"]}]},{\"@type\":[\"Person\"],\"@id\":\"https:\/\/www.oidossucios.com\/site\/#\/schema\/person\/24559eeb76bf83a63296fb072393a688\",\"name\":\"Oidossucios\",\"image\":{\"@type\":\"ImageObject\",\"@id\":\"https:\/\/www.oidossucios.com\/site\/#personlogo\",\"inLanguage\":\"es\",\"url\":\"https:\/\/secure.gravatar.com\/avatar\/74fcb480f42f1a33e50a0b6e6369a3f907be2e43dc84fa5f76c66e9c22b4a5ab?s=96&d=mm&r=g\",\"caption\":\"Oidossucios\"},\"sameAs\":[\"https:\/\/twitter.com\/oidossucios\"]}]}<\/script>\n<!-- \/ Yoast SEO plugin. -->","jetpack_sharing_enabled":true,"_links":{"self":[{"href":"https:\/\/www.oidossucios.com\/site\/wp-json\/wp\/v2\/posts\/3381","targetHints":{"allow":["GET"]}}],"collection":[{"href":"https:\/\/www.oidossucios.com\/site\/wp-json\/wp\/v2\/posts"}],"about":[{"href":"https:\/\/www.oidossucios.com\/site\/wp-json\/wp\/v2\/types\/post"}],"author":[{"embeddable":true,"href":"https:\/\/www.oidossucios.com\/site\/wp-json\/wp\/v2\/users\/4"}],"replies":[{"embeddable":true,"href":"https:\/\/www.oidossucios.com\/site\/wp-json\/wp\/v2\/comments?post=3381"}],"version-history":[{"count":0,"href":"https:\/\/www.oidossucios.com\/site\/wp-json\/wp\/v2\/posts\/3381\/revisions"}],"wp:featuredmedia":[{"embeddable":true,"href":"https:\/\/www.oidossucios.com\/site\/wp-json\/wp\/v2\/media\/100003381"}],"wp:attachment":[{"href":"https:\/\/www.oidossucios.com\/site\/wp-json\/wp\/v2\/media?parent=3381"}],"wp:term":[{"taxonomy":"category","embeddable":true,"href":"https:\/\/www.oidossucios.com\/site\/wp-json\/wp\/v2\/categories?post=3381"},{"taxonomy":"post_tag","embeddable":true,"href":"https:\/\/www.oidossucios.com\/site\/wp-json\/wp\/v2\/tags?post=3381"}],"curies":[{"name":"wp","href":"https:\/\/api.w.org\/{rel}","templated":true}]}}