{"id":3387,"date":"2011-04-29T09:23:00","date_gmt":"2011-04-29T09:23:00","guid":{"rendered":"https:\/\/www.oidossucios.com\/site\/2011\/04\/29\/eminem-lanzara-un-ep-con-royce-da-59-escucha-el-primer-tema\/"},"modified":"2011-04-29T09:23:00","modified_gmt":"2011-04-29T09:23:00","slug":"eminem-lanzara-un-ep-con-royce-da-59-escucha-el-primer-tema","status":"publish","type":"post","link":"https:\/\/www.oidossucios.com\/site\/eminem-lanzara-un-ep-con-royce-da-59-escucha-el-primer-tema\/","title":{"rendered":"Eminem lanzar\u00e1 un EP con Royce Da 5\u00b49&#8243;, escucha el primer tema"},"content":{"rendered":"\n<p>Luego de haberse presentado juntos bajo el nombre de Bad Meets Evil, Eminem y el rapero de Detroid, Royce Da 5\u00b49&#8243;, lanzar\u00e1n un EP en conjunto llamado &#8220;Bad Meets Evil&#8221;.<\/p>\n<\/p>\n<p>Este material, a\u00fan sin nombre, saldr\u00e1 a la venta el pr\u00f3ximo 14 de junio bajo el sello de Eminem, Shady Records.&nbsp;<\/p>\n<p><\/p>\n<p>Ya se revel\u00f3 un tema desprendido de esta producci\u00f3n llamado &#8220;Fast Lane&#8221;.<\/p>\n<p><object height=\"81\" width=\"100%\"><param name=\"movie\" value=\"http:\/\/player.soundcloud.com\/player.swf?url=http%3A%2F%2Fapi.soundcloud.com%2Ftracks%2F14357391&#038;\"><\/param><param name=\"allowscriptaccess\" value=\"always\"><\/param><\/object><span><a href=\"http:\/\/soundcloud.com\/hypetrak\/eminem-royce-da-59-fast-lane\">Eminem &amp; Royce Da 5\u00b49 &#8211; Fast Lane<\/a> by <a href=\"http:\/\/soundcloud.com\/hypetrak\">Hypetrak<\/a><\/span><\/p>\n","protected":false},"excerpt":{"rendered":"<p>Luego de haberse presentado juntos bajo el nombre de Bad Meets Evil, Eminem y el rapero de Detroid, Royce Da 5\u00b49&#8243;, lanzar\u00e1n un EP en conjunto llamado &#8220;Bad Meets Evil&#8221;. Este material, a\u00fan sin nombre, saldr\u00e1 a la venta el pr\u00f3ximo 14 de junio bajo el sello de Eminem, Shady Records.&nbsp; Ya se revel\u00f3 un [&hellip;]<\/p>\n","protected":false},"author":4,"featured_media":100003387,"comment_status":"open","ping_status":"open","sticky":false,"template":"","format":"standard","meta":{"_jetpack_memberships_contains_paid_content":false,"footnotes":""},"categories":[142],"tags":[],"class_list":["post-3387","post","type-post","status-publish","format-standard","has-post-thumbnail","hentry","category-buzznews"],"jetpack_featured_media_url":"https:\/\/www.oidossucios.com\/site\/wp-content\/uploads\/2011\/04\/3387.jpg","yoast_head":"<!-- This site is optimized with the Yoast SEO plugin v14.0.4 - https:\/\/yoast.com\/wordpress\/plugins\/seo\/ -->\n<title>Eminem lanzar\u00e1 un EP con Royce Da 5\u00b49&quot;, escucha el primer tema - OidosSucios.Com<\/title>\n<meta name=\"robots\" content=\"index, follow\" \/>\n<meta name=\"googlebot\" content=\"index, follow, max-snippet:-1, max-image-preview:large, max-video-preview:-1\" \/>\n<meta name=\"bingbot\" content=\"index, follow, max-snippet:-1, max-image-preview:large, max-video-preview:-1\" \/>\n<link rel=\"canonical\" href=\"https:\/\/www.oidossucios.com\/site\/eminem-lanzara-un-ep-con-royce-da-59-escucha-el-primer-tema\/\" \/>\n<meta property=\"og:locale\" content=\"es_ES\" \/>\n<meta property=\"og:type\" content=\"article\" \/>\n<meta property=\"og:title\" content=\"Eminem lanzar\u00e1 un EP con Royce Da 5\u00b49&quot;, escucha el primer tema - OidosSucios.Com\" \/>\n<meta property=\"og:description\" content=\"Luego de haberse presentado juntos bajo el nombre de Bad Meets Evil, Eminem y el rapero de Detroid, Royce Da 5\u00b49&#8243;, lanzar\u00e1n un EP en conjunto llamado &#8220;Bad Meets Evil&#8221;. Este material, a\u00fan sin nombre, saldr\u00e1 a la venta el pr\u00f3ximo 14 de junio bajo el sello de Eminem, Shady Records.&nbsp; Ya se revel\u00f3 un [&hellip;]\" \/>\n<meta property=\"og:url\" content=\"https:\/\/www.oidossucios.com\/site\/eminem-lanzara-un-ep-con-royce-da-59-escucha-el-primer-tema\/\" \/>\n<meta property=\"og:site_name\" content=\"OidosSucios.Com\" \/>\n<meta property=\"article:published_time\" content=\"2011-04-29T09:23:00+00:00\" \/>\n<meta property=\"og:image\" content=\"https:\/\/www.oidossucios.com\/site\/wp-content\/uploads\/2011\/04\/3387.jpg\" \/>\n\t<meta property=\"og:image:width\" content=\"350\" \/>\n\t<meta property=\"og:image:height\" content=\"300\" \/>\n<meta name=\"twitter:card\" content=\"summary_large_image\" \/>\n<meta name=\"twitter:creator\" content=\"@oidossucios\" \/>\n<script type=\"application\/ld+json\" class=\"yoast-schema-graph\">{\"@context\":\"https:\/\/schema.org\",\"@graph\":[{\"@type\":\"WebSite\",\"@id\":\"https:\/\/www.oidossucios.com\/site\/#website\",\"url\":\"https:\/\/www.oidossucios.com\/site\/\",\"name\":\"OidosSucios.Com\",\"description\":\"M\\u00fasica, conciertos, discos\",\"potentialAction\":[{\"@type\":\"SearchAction\",\"target\":\"https:\/\/www.oidossucios.com\/site\/?s={search_term_string}\",\"query-input\":\"required name=search_term_string\"}],\"inLanguage\":\"es\"},{\"@type\":\"ImageObject\",\"@id\":\"https:\/\/www.oidossucios.com\/site\/eminem-lanzara-un-ep-con-royce-da-59-escucha-el-primer-tema\/#primaryimage\",\"inLanguage\":\"es\",\"url\":\"https:\/\/www.oidossucios.com\/site\/wp-content\/uploads\/2011\/04\/3387.jpg\",\"width\":350,\"height\":300},{\"@type\":\"WebPage\",\"@id\":\"https:\/\/www.oidossucios.com\/site\/eminem-lanzara-un-ep-con-royce-da-59-escucha-el-primer-tema\/#webpage\",\"url\":\"https:\/\/www.oidossucios.com\/site\/eminem-lanzara-un-ep-con-royce-da-59-escucha-el-primer-tema\/\",\"name\":\"Eminem lanzar\\u00e1 un EP con Royce Da 5\\u00b49\\\", escucha el primer tema - OidosSucios.Com\",\"isPartOf\":{\"@id\":\"https:\/\/www.oidossucios.com\/site\/#website\"},\"primaryImageOfPage\":{\"@id\":\"https:\/\/www.oidossucios.com\/site\/eminem-lanzara-un-ep-con-royce-da-59-escucha-el-primer-tema\/#primaryimage\"},\"datePublished\":\"2011-04-29T09:23:00+00:00\",\"dateModified\":\"2011-04-29T09:23:00+00:00\",\"author\":{\"@id\":\"https:\/\/www.oidossucios.com\/site\/#\/schema\/person\/24559eeb76bf83a63296fb072393a688\"},\"inLanguage\":\"es\",\"potentialAction\":[{\"@type\":\"ReadAction\",\"target\":[\"https:\/\/www.oidossucios.com\/site\/eminem-lanzara-un-ep-con-royce-da-59-escucha-el-primer-tema\/\"]}]},{\"@type\":[\"Person\"],\"@id\":\"https:\/\/www.oidossucios.com\/site\/#\/schema\/person\/24559eeb76bf83a63296fb072393a688\",\"name\":\"Oidossucios\",\"image\":{\"@type\":\"ImageObject\",\"@id\":\"https:\/\/www.oidossucios.com\/site\/#personlogo\",\"inLanguage\":\"es\",\"url\":\"https:\/\/secure.gravatar.com\/avatar\/74fcb480f42f1a33e50a0b6e6369a3f907be2e43dc84fa5f76c66e9c22b4a5ab?s=96&d=mm&r=g\",\"caption\":\"Oidossucios\"},\"sameAs\":[\"https:\/\/twitter.com\/oidossucios\"]}]}<\/script>\n<!-- \/ Yoast SEO plugin. -->","jetpack_sharing_enabled":true,"_links":{"self":[{"href":"https:\/\/www.oidossucios.com\/site\/wp-json\/wp\/v2\/posts\/3387","targetHints":{"allow":["GET"]}}],"collection":[{"href":"https:\/\/www.oidossucios.com\/site\/wp-json\/wp\/v2\/posts"}],"about":[{"href":"https:\/\/www.oidossucios.com\/site\/wp-json\/wp\/v2\/types\/post"}],"author":[{"embeddable":true,"href":"https:\/\/www.oidossucios.com\/site\/wp-json\/wp\/v2\/users\/4"}],"replies":[{"embeddable":true,"href":"https:\/\/www.oidossucios.com\/site\/wp-json\/wp\/v2\/comments?post=3387"}],"version-history":[{"count":0,"href":"https:\/\/www.oidossucios.com\/site\/wp-json\/wp\/v2\/posts\/3387\/revisions"}],"wp:featuredmedia":[{"embeddable":true,"href":"https:\/\/www.oidossucios.com\/site\/wp-json\/wp\/v2\/media\/100003387"}],"wp:attachment":[{"href":"https:\/\/www.oidossucios.com\/site\/wp-json\/wp\/v2\/media?parent=3387"}],"wp:term":[{"taxonomy":"category","embeddable":true,"href":"https:\/\/www.oidossucios.com\/site\/wp-json\/wp\/v2\/categories?post=3387"},{"taxonomy":"post_tag","embeddable":true,"href":"https:\/\/www.oidossucios.com\/site\/wp-json\/wp\/v2\/tags?post=3387"}],"curies":[{"name":"wp","href":"https:\/\/api.w.org\/{rel}","templated":true}]}}