{"id":3401,"date":"2011-05-03T09:22:00","date_gmt":"2011-05-03T09:22:00","guid":{"rendered":"https:\/\/www.oidossucios.com\/site\/2011\/05\/03\/nuevo-sencillo-de-dr-dre-y-eminem-se-estrenara-en-programa-de-box\/"},"modified":"2011-05-03T09:22:00","modified_gmt":"2011-05-03T09:22:00","slug":"nuevo-sencillo-de-dr-dre-y-eminem-se-estrenara-en-programa-de-box","status":"publish","type":"post","link":"https:\/\/www.oidossucios.com\/site\/nuevo-sencillo-de-dr-dre-y-eminem-se-estrenara-en-programa-de-box\/","title":{"rendered":"Nuevo sencillo de Dr. Dre y Eminem se estrenar\u00e1 en programa de Box"},"content":{"rendered":"\n<p>&#8220;Die Hard&#8221; ser\u00e1 el nuevo sencillo del esperado \u00e1lbum, &#8220;Detox&#8221; de Dr. Dre. Cuenta con la colaboraci\u00f3n de Eminem y se estrenar\u00e1 en un programa de televisi\u00f3n de box, el episodio ser\u00e1; &#8220;Fight Camp 360\u00b0: Pacquiao vs. Moseley&#8221; y saldr\u00e1 al aire el viernes 6 de mayo en Estados Unidos.<\/p>\n<p>&#8220;Die Hard&#8221; es el tercer sencillo de &#8220;Detox&#8221;, los primeros fueron &#8220;Kush&#8221; y &#8220;I Need a Doctor&#8221; tambi\u00e9n con la colaboraci\u00f3n de Eminem, a\u00fan no hay fecha de lanzamiento para el \u00e1lbum anunciado desde hace diez a\u00f1os.<\/p>\n<p><\/p>\n<p>Eminem por su parte ser\u00e1 headliner de los festivales Bonnaroo y Lollapalooza este verano y tambi\u00e9n lanzar\u00e1 un EP junto a Royce da 5\u00b49&#8243; el 14 de junio.<\/p>\n<p><\/p>\n<p>A continuaci\u00f3n el trailer del episodio:<\/p>\n<p>&nbsp;<\/p>\n<p><iframe loading=\"lazy\" width=\"640\" height=\"390\" frameborder=\"0\" allowfullscreen=\"\" src=\"http:\/\/www.youtube.com\/embed\/eVWkWAWQhSo\"><\/iframe><\/p>\n<p><\/p>\n<p>Fuente: www.warp.la<\/p>\n","protected":false},"excerpt":{"rendered":"<p>&#8220;Die Hard&#8221; ser\u00e1 el nuevo sencillo del esperado \u00e1lbum, &#8220;Detox&#8221; de Dr. Dre. Cuenta con la colaboraci\u00f3n de Eminem y se estrenar\u00e1 en un programa de televisi\u00f3n de box, el episodio ser\u00e1; &#8220;Fight Camp 360\u00b0: Pacquiao vs. Moseley&#8221; y saldr\u00e1 al aire el viernes 6 de mayo en Estados Unidos. &#8220;Die Hard&#8221; es el tercer [&hellip;]<\/p>\n","protected":false},"author":4,"featured_media":100003401,"comment_status":"open","ping_status":"open","sticky":false,"template":"","format":"standard","meta":{"_jetpack_memberships_contains_paid_content":false,"footnotes":""},"categories":[142],"tags":[],"class_list":["post-3401","post","type-post","status-publish","format-standard","has-post-thumbnail","hentry","category-buzznews"],"jetpack_featured_media_url":"https:\/\/www.oidossucios.com\/site\/wp-content\/uploads\/2011\/05\/3401.jpg","yoast_head":"<!-- This site is optimized with the Yoast SEO plugin v14.0.4 - https:\/\/yoast.com\/wordpress\/plugins\/seo\/ -->\n<title>Nuevo sencillo de Dr. Dre y Eminem se estrenar\u00e1 en programa de Box - OidosSucios.Com<\/title>\n<meta name=\"robots\" content=\"index, follow\" \/>\n<meta name=\"googlebot\" content=\"index, follow, max-snippet:-1, max-image-preview:large, max-video-preview:-1\" \/>\n<meta name=\"bingbot\" content=\"index, follow, max-snippet:-1, max-image-preview:large, max-video-preview:-1\" \/>\n<link rel=\"canonical\" href=\"https:\/\/www.oidossucios.com\/site\/nuevo-sencillo-de-dr-dre-y-eminem-se-estrenara-en-programa-de-box\/\" \/>\n<meta property=\"og:locale\" content=\"es_ES\" \/>\n<meta property=\"og:type\" content=\"article\" \/>\n<meta property=\"og:title\" content=\"Nuevo sencillo de Dr. Dre y Eminem se estrenar\u00e1 en programa de Box - OidosSucios.Com\" \/>\n<meta property=\"og:description\" content=\"&#8220;Die Hard&#8221; ser\u00e1 el nuevo sencillo del esperado \u00e1lbum, &#8220;Detox&#8221; de Dr. Dre. Cuenta con la colaboraci\u00f3n de Eminem y se estrenar\u00e1 en un programa de televisi\u00f3n de box, el episodio ser\u00e1; &#8220;Fight Camp 360\u00b0: Pacquiao vs. Moseley&#8221; y saldr\u00e1 al aire el viernes 6 de mayo en Estados Unidos. &#8220;Die Hard&#8221; es el tercer [&hellip;]\" \/>\n<meta property=\"og:url\" content=\"https:\/\/www.oidossucios.com\/site\/nuevo-sencillo-de-dr-dre-y-eminem-se-estrenara-en-programa-de-box\/\" \/>\n<meta property=\"og:site_name\" content=\"OidosSucios.Com\" \/>\n<meta property=\"article:published_time\" content=\"2011-05-03T09:22:00+00:00\" \/>\n<meta property=\"og:image\" content=\"https:\/\/www.oidossucios.com\/site\/wp-content\/uploads\/2011\/05\/3401.jpg\" \/>\n\t<meta property=\"og:image:width\" content=\"350\" \/>\n\t<meta property=\"og:image:height\" content=\"300\" \/>\n<meta name=\"twitter:card\" content=\"summary_large_image\" \/>\n<meta name=\"twitter:creator\" content=\"@oidossucios\" \/>\n<script type=\"application\/ld+json\" class=\"yoast-schema-graph\">{\"@context\":\"https:\/\/schema.org\",\"@graph\":[{\"@type\":\"WebSite\",\"@id\":\"https:\/\/www.oidossucios.com\/site\/#website\",\"url\":\"https:\/\/www.oidossucios.com\/site\/\",\"name\":\"OidosSucios.Com\",\"description\":\"M\\u00fasica, conciertos, discos\",\"potentialAction\":[{\"@type\":\"SearchAction\",\"target\":\"https:\/\/www.oidossucios.com\/site\/?s={search_term_string}\",\"query-input\":\"required name=search_term_string\"}],\"inLanguage\":\"es\"},{\"@type\":\"ImageObject\",\"@id\":\"https:\/\/www.oidossucios.com\/site\/nuevo-sencillo-de-dr-dre-y-eminem-se-estrenara-en-programa-de-box\/#primaryimage\",\"inLanguage\":\"es\",\"url\":\"https:\/\/www.oidossucios.com\/site\/wp-content\/uploads\/2011\/05\/3401.jpg\",\"width\":350,\"height\":300},{\"@type\":\"WebPage\",\"@id\":\"https:\/\/www.oidossucios.com\/site\/nuevo-sencillo-de-dr-dre-y-eminem-se-estrenara-en-programa-de-box\/#webpage\",\"url\":\"https:\/\/www.oidossucios.com\/site\/nuevo-sencillo-de-dr-dre-y-eminem-se-estrenara-en-programa-de-box\/\",\"name\":\"Nuevo sencillo de Dr. Dre y Eminem se estrenar\\u00e1 en programa de Box - OidosSucios.Com\",\"isPartOf\":{\"@id\":\"https:\/\/www.oidossucios.com\/site\/#website\"},\"primaryImageOfPage\":{\"@id\":\"https:\/\/www.oidossucios.com\/site\/nuevo-sencillo-de-dr-dre-y-eminem-se-estrenara-en-programa-de-box\/#primaryimage\"},\"datePublished\":\"2011-05-03T09:22:00+00:00\",\"dateModified\":\"2011-05-03T09:22:00+00:00\",\"author\":{\"@id\":\"https:\/\/www.oidossucios.com\/site\/#\/schema\/person\/24559eeb76bf83a63296fb072393a688\"},\"inLanguage\":\"es\",\"potentialAction\":[{\"@type\":\"ReadAction\",\"target\":[\"https:\/\/www.oidossucios.com\/site\/nuevo-sencillo-de-dr-dre-y-eminem-se-estrenara-en-programa-de-box\/\"]}]},{\"@type\":[\"Person\"],\"@id\":\"https:\/\/www.oidossucios.com\/site\/#\/schema\/person\/24559eeb76bf83a63296fb072393a688\",\"name\":\"Oidossucios\",\"image\":{\"@type\":\"ImageObject\",\"@id\":\"https:\/\/www.oidossucios.com\/site\/#personlogo\",\"inLanguage\":\"es\",\"url\":\"https:\/\/secure.gravatar.com\/avatar\/74fcb480f42f1a33e50a0b6e6369a3f907be2e43dc84fa5f76c66e9c22b4a5ab?s=96&d=mm&r=g\",\"caption\":\"Oidossucios\"},\"sameAs\":[\"https:\/\/twitter.com\/oidossucios\"]}]}<\/script>\n<!-- \/ Yoast SEO plugin. -->","jetpack_sharing_enabled":true,"_links":{"self":[{"href":"https:\/\/www.oidossucios.com\/site\/wp-json\/wp\/v2\/posts\/3401","targetHints":{"allow":["GET"]}}],"collection":[{"href":"https:\/\/www.oidossucios.com\/site\/wp-json\/wp\/v2\/posts"}],"about":[{"href":"https:\/\/www.oidossucios.com\/site\/wp-json\/wp\/v2\/types\/post"}],"author":[{"embeddable":true,"href":"https:\/\/www.oidossucios.com\/site\/wp-json\/wp\/v2\/users\/4"}],"replies":[{"embeddable":true,"href":"https:\/\/www.oidossucios.com\/site\/wp-json\/wp\/v2\/comments?post=3401"}],"version-history":[{"count":0,"href":"https:\/\/www.oidossucios.com\/site\/wp-json\/wp\/v2\/posts\/3401\/revisions"}],"wp:featuredmedia":[{"embeddable":true,"href":"https:\/\/www.oidossucios.com\/site\/wp-json\/wp\/v2\/media\/100003401"}],"wp:attachment":[{"href":"https:\/\/www.oidossucios.com\/site\/wp-json\/wp\/v2\/media?parent=3401"}],"wp:term":[{"taxonomy":"category","embeddable":true,"href":"https:\/\/www.oidossucios.com\/site\/wp-json\/wp\/v2\/categories?post=3401"},{"taxonomy":"post_tag","embeddable":true,"href":"https:\/\/www.oidossucios.com\/site\/wp-json\/wp\/v2\/tags?post=3401"}],"curies":[{"name":"wp","href":"https:\/\/api.w.org\/{rel}","templated":true}]}}