{"id":3418,"date":"2011-05-05T10:05:00","date_gmt":"2011-05-05T10:05:00","guid":{"rendered":"https:\/\/www.oidossucios.com\/site\/2011\/05\/05\/atkinson-la-banda-estrena-mota-foca\/"},"modified":"2011-05-05T10:05:00","modified_gmt":"2011-05-05T10:05:00","slug":"atkinson-la-banda-estrena-mota-foca","status":"publish","type":"post","link":"https:\/\/www.oidossucios.com\/site\/atkinson-la-banda-estrena-mota-foca\/","title":{"rendered":"Atkinson La Banda estrena Mota Foca"},"content":{"rendered":"\n<p align=\"center\" style=\"text-align: left; \">Luego de varios meses dedicados a grabar, el segundo disco de Atkinson &#8220;Mota Foca&#8221; ser\u00e1 presentado este 12 de mayo en un show en Discovery Bar, Caracas, para luego visitar las ciudades m\u00e1s importantes del pa\u00eds.<\/p>\n<p>&nbsp;<\/p>\n<p>En su segunda producci\u00f3n discogr\u00e1fica, Atkinson nos trae un sonido contundente y una banda m\u00e1s compenetrada. La agrupaci\u00f3n, conformada por el bajista y vocalista Wincho Schafer (Sentimiento Muerto), el baterista Rafael Cadavieco (Zapato 3) y el guitarrista Erik Aldrey productor musical y fundador de Le Pic\u00f3, comenta:&nbsp;&nbsp;&#8220;En Mota Foca vemos a un Wincho que canta m\u00e1s y grita menos en los temas. Las letras siguen siendo muy frontales y poseen una conexi\u00f3n dram\u00e1tica con la realidad pol\u00edtica y social de la Venezuela de hoy, que se evidencia en temas como \u0091El Rey de la Gasolina\u0092 y \u0091M\u00e1s All\u00e1\u0092, que actualmente suenan en la radio&#8221;.<\/p>\n<p>&nbsp;<\/p>\n<p>Los Atkinson se atreven y logran en este disco, un sonido aplastante en canciones como &#8220;Perfecto&#8221;, &#8220;Mil Veces&#8221; y &#8220;Cada d\u00eda mejor&#8221;. Luego de la presentaci\u00f3n en Discovery Bar, el tr\u00edo saldr\u00e1 de gira a M\u00e9rida, Acarigua, Barquisimeto y otras ciudades, con presentaciones del sonido con fragancia a rock al que nos tienen acostumbrados.<\/p>\n<p>&nbsp;<\/p>\n<p>Atkinson -La Banda- se ha presentado junto al grupo irland\u00e9s The Cranberries&nbsp;&nbsp;y el a\u00f1o pasado abri\u00f3 el concierto en nuestro pa\u00eds de Aerosmith en el Poliedro de Caracas, frente a m\u00e1s de 25mil personas. Su primer disco &#8220;Colonia para el Alma&#8221; se ubic\u00f3 en los mejores lugares de en las radios nacionales, y el video &#8220;As\u00ed es Como te Amo&#8221; dirigido por el venezolano Peter Ponk, sobrepas\u00f3 las&nbsp;&nbsp;doce mil visitas en solo&nbsp;&nbsp;una semana en la p\u00e1gina de inicio de MySpace, rompiendo el record para un artista de Latinoam\u00e9rica en su primera semana de exhibici\u00f3n; y tuvo alta rotaci\u00f3n en los canales, E! Entertaiment, HBO, AXN y Animax.<\/p>\n<p>&nbsp;<\/p>\n<p>Para m\u00e1s informaci\u00f3n de la gira nacional y discos:&nbsp;<a target=\"_blank\" href=\"http:\/\/twitter.com\/atkinsonlabanda\" rel=\"noopener noreferrer\">twitter.com\/atkinsonlabanda<\/a>&nbsp;y MySpace.com\/LaBandaAtkinson correo:&nbsp;<a target=\"_blank\" href=\"mailto:labandaatkinson@gmail.com\" rel=\"noopener noreferrer\">labandaatkinson@gmail.com<\/a><\/p>\n<p>&nbsp;<\/p>\n","protected":false},"excerpt":{"rendered":"<p>Los Atkinson estrenan su segundo disco y comienzan su gira nacional comienza este 12 de mayo.<\/p>\n","protected":false},"author":4,"featured_media":100003418,"comment_status":"open","ping_status":"open","sticky":false,"template":"","format":"standard","meta":{"_jetpack_memberships_contains_paid_content":false,"footnotes":""},"categories":[250],"tags":[],"class_list":["post-3418","post","type-post","status-publish","format-standard","has-post-thumbnail","hentry","category-noticias"],"jetpack_featured_media_url":"https:\/\/www.oidossucios.com\/site\/wp-content\/uploads\/2011\/05\/3418.jpg","yoast_head":"<!-- This site is optimized with the Yoast SEO plugin v14.0.4 - https:\/\/yoast.com\/wordpress\/plugins\/seo\/ -->\n<title>Atkinson La Banda estrena Mota Foca - OidosSucios.Com<\/title>\n<meta name=\"description\" content=\"Los Atkinson estrenan su segundo disco y comienzan su gira nacional comienza este 12 de mayo.\" \/>\n<meta name=\"robots\" content=\"index, follow\" \/>\n<meta name=\"googlebot\" content=\"index, follow, max-snippet:-1, max-image-preview:large, max-video-preview:-1\" \/>\n<meta name=\"bingbot\" content=\"index, follow, max-snippet:-1, max-image-preview:large, max-video-preview:-1\" \/>\n<link rel=\"canonical\" href=\"https:\/\/www.oidossucios.com\/site\/atkinson-la-banda-estrena-mota-foca\/\" \/>\n<meta property=\"og:locale\" content=\"es_ES\" \/>\n<meta property=\"og:type\" content=\"article\" \/>\n<meta property=\"og:title\" content=\"Atkinson La Banda estrena Mota Foca - OidosSucios.Com\" \/>\n<meta property=\"og:description\" content=\"Los Atkinson estrenan su segundo disco y comienzan su gira nacional comienza este 12 de mayo.\" \/>\n<meta property=\"og:url\" content=\"https:\/\/www.oidossucios.com\/site\/atkinson-la-banda-estrena-mota-foca\/\" \/>\n<meta property=\"og:site_name\" content=\"OidosSucios.Com\" \/>\n<meta property=\"article:published_time\" content=\"2011-05-05T10:05:00+00:00\" \/>\n<meta property=\"og:image\" content=\"https:\/\/www.oidossucios.com\/site\/wp-content\/uploads\/2011\/05\/3418.jpg\" \/>\n\t<meta property=\"og:image:width\" content=\"350\" \/>\n\t<meta property=\"og:image:height\" content=\"300\" \/>\n<meta name=\"twitter:card\" content=\"summary_large_image\" \/>\n<meta name=\"twitter:creator\" content=\"@oidossucios\" \/>\n<script type=\"application\/ld+json\" class=\"yoast-schema-graph\">{\"@context\":\"https:\/\/schema.org\",\"@graph\":[{\"@type\":\"WebSite\",\"@id\":\"https:\/\/www.oidossucios.com\/site\/#website\",\"url\":\"https:\/\/www.oidossucios.com\/site\/\",\"name\":\"OidosSucios.Com\",\"description\":\"M\\u00fasica, conciertos, discos\",\"potentialAction\":[{\"@type\":\"SearchAction\",\"target\":\"https:\/\/www.oidossucios.com\/site\/?s={search_term_string}\",\"query-input\":\"required name=search_term_string\"}],\"inLanguage\":\"es\"},{\"@type\":\"ImageObject\",\"@id\":\"https:\/\/www.oidossucios.com\/site\/atkinson-la-banda-estrena-mota-foca\/#primaryimage\",\"inLanguage\":\"es\",\"url\":\"https:\/\/www.oidossucios.com\/site\/wp-content\/uploads\/2011\/05\/3418.jpg\",\"width\":350,\"height\":300},{\"@type\":\"WebPage\",\"@id\":\"https:\/\/www.oidossucios.com\/site\/atkinson-la-banda-estrena-mota-foca\/#webpage\",\"url\":\"https:\/\/www.oidossucios.com\/site\/atkinson-la-banda-estrena-mota-foca\/\",\"name\":\"Atkinson La Banda estrena Mota Foca - OidosSucios.Com\",\"isPartOf\":{\"@id\":\"https:\/\/www.oidossucios.com\/site\/#website\"},\"primaryImageOfPage\":{\"@id\":\"https:\/\/www.oidossucios.com\/site\/atkinson-la-banda-estrena-mota-foca\/#primaryimage\"},\"datePublished\":\"2011-05-05T10:05:00+00:00\",\"dateModified\":\"2011-05-05T10:05:00+00:00\",\"author\":{\"@id\":\"https:\/\/www.oidossucios.com\/site\/#\/schema\/person\/24559eeb76bf83a63296fb072393a688\"},\"description\":\"Los Atkinson estrenan su segundo disco y comienzan su gira nacional comienza este 12 de mayo.\",\"inLanguage\":\"es\",\"potentialAction\":[{\"@type\":\"ReadAction\",\"target\":[\"https:\/\/www.oidossucios.com\/site\/atkinson-la-banda-estrena-mota-foca\/\"]}]},{\"@type\":[\"Person\"],\"@id\":\"https:\/\/www.oidossucios.com\/site\/#\/schema\/person\/24559eeb76bf83a63296fb072393a688\",\"name\":\"Oidossucios\",\"image\":{\"@type\":\"ImageObject\",\"@id\":\"https:\/\/www.oidossucios.com\/site\/#personlogo\",\"inLanguage\":\"es\",\"url\":\"https:\/\/secure.gravatar.com\/avatar\/74fcb480f42f1a33e50a0b6e6369a3f907be2e43dc84fa5f76c66e9c22b4a5ab?s=96&d=mm&r=g\",\"caption\":\"Oidossucios\"},\"sameAs\":[\"https:\/\/twitter.com\/oidossucios\"]}]}<\/script>\n<!-- \/ Yoast SEO plugin. -->","jetpack_sharing_enabled":true,"_links":{"self":[{"href":"https:\/\/www.oidossucios.com\/site\/wp-json\/wp\/v2\/posts\/3418","targetHints":{"allow":["GET"]}}],"collection":[{"href":"https:\/\/www.oidossucios.com\/site\/wp-json\/wp\/v2\/posts"}],"about":[{"href":"https:\/\/www.oidossucios.com\/site\/wp-json\/wp\/v2\/types\/post"}],"author":[{"embeddable":true,"href":"https:\/\/www.oidossucios.com\/site\/wp-json\/wp\/v2\/users\/4"}],"replies":[{"embeddable":true,"href":"https:\/\/www.oidossucios.com\/site\/wp-json\/wp\/v2\/comments?post=3418"}],"version-history":[{"count":0,"href":"https:\/\/www.oidossucios.com\/site\/wp-json\/wp\/v2\/posts\/3418\/revisions"}],"wp:featuredmedia":[{"embeddable":true,"href":"https:\/\/www.oidossucios.com\/site\/wp-json\/wp\/v2\/media\/100003418"}],"wp:attachment":[{"href":"https:\/\/www.oidossucios.com\/site\/wp-json\/wp\/v2\/media?parent=3418"}],"wp:term":[{"taxonomy":"category","embeddable":true,"href":"https:\/\/www.oidossucios.com\/site\/wp-json\/wp\/v2\/categories?post=3418"},{"taxonomy":"post_tag","embeddable":true,"href":"https:\/\/www.oidossucios.com\/site\/wp-json\/wp\/v2\/tags?post=3418"}],"curies":[{"name":"wp","href":"https:\/\/api.w.org\/{rel}","templated":true}]}}