{"id":3419,"date":"2011-05-05T10:10:00","date_gmt":"2011-05-05T10:10:00","guid":{"rendered":"https:\/\/www.oidossucios.com\/site\/2011\/05\/05\/calle-13-en-caracas-ritmo-urbano-y-liricas-sociales\/"},"modified":"2011-05-05T10:10:00","modified_gmt":"2011-05-05T10:10:00","slug":"calle-13-en-caracas-ritmo-urbano-y-liricas-sociales","status":"publish","type":"post","link":"https:\/\/www.oidossucios.com\/site\/calle-13-en-caracas-ritmo-urbano-y-liricas-sociales\/","title":{"rendered":"Calle 13 en Caracas: Ritmo urbano y l\u00edricas sociales"},"content":{"rendered":"<p>Por <\/p>\n<p><b>Rese\u00f1a y fotos: <\/b>Mariah Corina Redondo &#8211; <a href=\"http:\/\/twitter.com\/#!\/macoredondo\">@macoredondo<\/a><\/p>\n<p><\/p>\n<p>Pasadas las 7:30 de la noche del 1 de mayo, el Anfiteatro del Sambil estaba repleto de energ\u00eda por ver a estos puertorrique\u00f1os que han fusionado el ritmo urbano con buena m\u00fasica latina.<\/p>\n<p><\/p>\n<p>Segundos antes del inicio del concierto, en una gran pantalla se mostraba la cuenta regresiva para que los exponentes m\u00e1s populares de la m\u00fasica urbana empezaran a cantar sus l\u00edricas que tanta controversia y aceptaci\u00f3n&nbsp; han tenido a nivel mundial.<\/p>\n<p><\/p>\n<p>Abriendo el show con su m\u00e1s reciente \u00e9xito &#8220;El baile de los pobres&#8221; Ren\u00e9 Perez (Residente) junto con su hermanastro Eduardo Jos\u00e9 Cabra ( Visitante ) y su hermana Ileana Cabra (PG 13) hicieron que la euforia invadiera cada parte del anfiteatro repitiendo sus letras.<\/p>\n<p>&nbsp;<\/p>\n<p>Con un repertorio desde su \u00e1lbum debut, Calle 13 se pase\u00f3 desde sus primeros \u00e9xitos hasta los m\u00e1s recientes, empezando con &#8220;Nadie como t\u00fa&#8221;, &#8220;Vamo\u00b4 a Portarnos mal&#8221; en el que los brincos se adue\u00f1aron de la arena, y el momento m\u00e1s esperado por todas las mujeres que gritaban desde la baranda lleg\u00f3 &nbsp;en &#8220;Se vale to&#8221;, fue aqu\u00ed cuando Residente subi\u00f3 a una curvil\u00ednea &nbsp;chica a la tarima, la hizo bailar y disfrutar al ritmo de su m\u00fasica.<\/p>\n<p>&nbsp;<\/p>\n<p>Posteriormente lleg\u00f3 su pol\u00e9mica canci\u00f3n &#8220;La Bala&#8221; en la que el intro fueron palabras que hicieron erizar al p\u00fablico presente: <i>&#8220;La revoluci\u00f3n no est\u00e1 en las balas o en las armas, est\u00e1 en la conciencia, hay que estar bien educado, en mi pa\u00eds hay mucha violencia y all\u00ed no est\u00e1 la verdadera educaci\u00f3n , eso no es revoluci\u00f3n&#8221;.<\/i><\/p>\n<p>&nbsp;<\/p>\n<p>&#8220;La Perla&#8221;, &#8220;Atr\u00e9vete&#8221;, &#8220;Calma Pueblo&#8221; y &#8220;Latinoam\u00e9rica&#8221; fueron el cl\u00edmax del show, en donde Ileana se luci\u00f3 notablemente con su voz. Fueron cerrando el espect\u00e1culo hasta que con una explosi\u00f3n de papelillos la &#8220;Fiesta de locos&#8221; despidi\u00f3 a todos los asistentes, con un excelente juego de luces y grandes m\u00fasicos, los ni\u00f1os y adultos fan\u00e1ticos del ritmo urbano salieron notablemente euf\u00f3ricos y satisfechos con el show de los puertorrique\u00f1os.&nbsp;&nbsp;&nbsp;&nbsp;&nbsp;&nbsp;&nbsp;&nbsp;&nbsp;&nbsp;&nbsp;&nbsp;&nbsp;&nbsp;&nbsp;&nbsp;&nbsp;&nbsp;&nbsp; <\/p>\n<p>&nbsp;<\/p>\n<p><b>Setlist:<\/b><\/p>\n<p>El Baile de los pobres<\/p>\n<p>Nadie como t\u00fa<\/p>\n<p>Vamos a portarnos mal<\/p>\n<p>Ven y crit\u00edcame<\/p>\n<p>Beso de desayuno<\/p>\n<p>Se vale to<\/p>\n<p>Hormiga brava<\/p>\n<p>La Bala<\/p>\n<p>Pal\u00b4norte<\/p>\n<p>Suave<\/p>\n<p>Chulin Culin Chunfly<\/p>\n<p>La cumbia de los aburridos<\/p>\n<p>La Perla<\/p>\n<p>Todo se mueve<\/p>\n<p>Tango del Pecado<\/p>\n<p>Atr\u00e9vete te te<\/p>\n<p>Calma Pueblo<\/p>\n<p>Latinoam\u00e9rica<\/p>\n<p>Fiesta de Locos<\/p>\n<p><!--nextpage--><img decoding=\"async\" class=\"aligncenter size-medium wp-image-111114001\" src=\"https:\/\/www.oidossucios.com\/site\/wp-content\/uploads\/2020\/02\/4001.jpg\" alt=\"Calle 13 en Caracas: Ritmo urbano y l\u00edricas sociales\"  \/><!--nextpage--><img decoding=\"async\" class=\"aligncenter size-medium wp-image-111114002\" src=\"https:\/\/www.oidossucios.com\/site\/wp-content\/uploads\/2020\/02\/4002.jpg\" alt=\"Calle 13 en Caracas: Ritmo urbano y l\u00edricas sociales\"  \/><!--nextpage--><img decoding=\"async\" class=\"aligncenter size-medium wp-image-111114003\" src=\"https:\/\/www.oidossucios.com\/site\/wp-content\/uploads\/2020\/02\/4003.jpg\" alt=\"Calle 13 en Caracas: Ritmo urbano y l\u00edricas sociales\"  \/><!--nextpage--><img decoding=\"async\" class=\"aligncenter size-medium wp-image-111114004\" src=\"https:\/\/www.oidossucios.com\/site\/wp-content\/uploads\/2020\/02\/4004.jpg\" alt=\"Calle 13 en Caracas: Ritmo urbano y l\u00edricas sociales\"  \/><!--nextpage--><img decoding=\"async\" class=\"aligncenter size-medium wp-image-111114005\" src=\"https:\/\/www.oidossucios.com\/site\/wp-content\/uploads\/2020\/02\/4005.jpg\" alt=\"Calle 13 en Caracas: Ritmo urbano y l\u00edricas sociales\"  \/><!--nextpage--><img decoding=\"async\" class=\"aligncenter size-medium wp-image-111114006\" src=\"https:\/\/www.oidossucios.com\/site\/wp-content\/uploads\/2020\/02\/4006.jpg\" alt=\"Calle 13 en Caracas: Ritmo urbano y l\u00edricas sociales\"  \/><!--nextpage--><img decoding=\"async\" class=\"aligncenter size-medium wp-image-111114007\" src=\"https:\/\/www.oidossucios.com\/site\/wp-content\/uploads\/2020\/02\/4007.jpg\" alt=\"Calle 13 en Caracas: Ritmo urbano y l\u00edricas sociales\"  \/><!--nextpage--><img decoding=\"async\" class=\"aligncenter size-medium wp-image-111114008\" src=\"https:\/\/www.oidossucios.com\/site\/wp-content\/uploads\/2020\/02\/4008.jpg\" alt=\"Calle 13 en Caracas: Ritmo urbano y l\u00edricas sociales\"  \/><!--nextpage--><img decoding=\"async\" class=\"aligncenter size-medium wp-image-111114009\" src=\"https:\/\/www.oidossucios.com\/site\/wp-content\/uploads\/2020\/02\/4009.jpg\" alt=\"Calle 13 en Caracas: Ritmo urbano y l\u00edricas sociales\"  \/><!--nextpage--><img decoding=\"async\" class=\"aligncenter size-medium wp-image-111114010\" src=\"https:\/\/www.oidossucios.com\/site\/wp-content\/uploads\/2020\/02\/4010.jpg\" alt=\"Calle 13 en Caracas: Ritmo urbano y l\u00edricas sociales\"  \/><!--nextpage--><img decoding=\"async\" class=\"aligncenter size-medium wp-image-111114011\" src=\"https:\/\/www.oidossucios.com\/site\/wp-content\/uploads\/2020\/02\/4011.jpg\" alt=\"Calle 13 en Caracas: Ritmo urbano y l\u00edricas sociales\"  \/><!--nextpage--><img decoding=\"async\" class=\"aligncenter size-medium wp-image-111114012\" src=\"https:\/\/www.oidossucios.com\/site\/wp-content\/uploads\/2020\/02\/4012.jpg\" alt=\"Calle 13 en Caracas: Ritmo urbano y l\u00edricas sociales\"  \/><!--nextpage--><img decoding=\"async\" class=\"aligncenter size-medium wp-image-111114013\" src=\"https:\/\/www.oidossucios.com\/site\/wp-content\/uploads\/2020\/02\/4013.jpg\" alt=\"Calle 13 en Caracas: Ritmo urbano y l\u00edricas sociales\"  \/><!--nextpage--><img decoding=\"async\" class=\"aligncenter size-medium wp-image-111114014\" src=\"https:\/\/www.oidossucios.com\/site\/wp-content\/uploads\/2020\/02\/4014.jpg\" alt=\"Calle 13 en Caracas: Ritmo urbano y l\u00edricas sociales\"  \/><!--nextpage--><img decoding=\"async\" class=\"aligncenter size-medium wp-image-111114015\" src=\"https:\/\/www.oidossucios.com\/site\/wp-content\/uploads\/2020\/02\/4015.jpg\" alt=\"Calle 13 en Caracas: Ritmo urbano y l\u00edricas sociales\"  \/><!--nextpage--><img decoding=\"async\" class=\"aligncenter size-medium wp-image-111114016\" src=\"https:\/\/www.oidossucios.com\/site\/wp-content\/uploads\/2020\/02\/4016.jpg\" alt=\"Calle 13 en Caracas: Ritmo urbano y l\u00edricas sociales\"  \/><!--nextpage--><img decoding=\"async\" class=\"aligncenter size-medium wp-image-111114017\" src=\"https:\/\/www.oidossucios.com\/site\/wp-content\/uploads\/2020\/02\/4017.jpg\" alt=\"Calle 13 en Caracas: Ritmo urbano y l\u00edricas sociales\"  \/><!--nextpage--><img decoding=\"async\" class=\"aligncenter size-medium wp-image-111114018\" src=\"https:\/\/www.oidossucios.com\/site\/wp-content\/uploads\/2020\/02\/4018.jpg\" alt=\"Calle 13 en Caracas: Ritmo urbano y l\u00edricas sociales\"  \/><!--nextpage--><img decoding=\"async\" class=\"aligncenter size-medium wp-image-111114019\" src=\"https:\/\/www.oidossucios.com\/site\/wp-content\/uploads\/2020\/02\/4019.jpg\" alt=\"Calle 13 en Caracas: Ritmo urbano y l\u00edricas sociales\"  \/><!--nextpage--><img decoding=\"async\" class=\"aligncenter size-medium wp-image-111114020\" src=\"https:\/\/www.oidossucios.com\/site\/wp-content\/uploads\/2020\/02\/4020.jpg\" alt=\"Calle 13 en Caracas: Ritmo urbano y l\u00edricas sociales\"  \/><!--nextpage--><img decoding=\"async\" class=\"aligncenter size-medium wp-image-111114021\" src=\"https:\/\/www.oidossucios.com\/site\/wp-content\/uploads\/2020\/02\/4021.jpg\" alt=\"Calle 13 en Caracas: Ritmo urbano y l\u00edricas sociales\"  \/><!--nextpage--><img decoding=\"async\" class=\"aligncenter size-medium wp-image-111114022\" src=\"https:\/\/www.oidossucios.com\/site\/wp-content\/uploads\/2020\/02\/4022.jpg\" alt=\"Calle 13 en Caracas: Ritmo urbano y l\u00edricas sociales\"  \/><!--nextpage--><img decoding=\"async\" class=\"aligncenter size-medium wp-image-111114023\" src=\"https:\/\/www.oidossucios.com\/site\/wp-content\/uploads\/2020\/02\/4023.jpg\" alt=\"Calle 13 en Caracas: Ritmo urbano y l\u00edricas sociales\"  \/><!--nextpage--><img decoding=\"async\" class=\"aligncenter size-medium wp-image-111114024\" src=\"https:\/\/www.oidossucios.com\/site\/wp-content\/uploads\/2020\/02\/4024.jpg\" alt=\"Calle 13 en Caracas: Ritmo urbano y l\u00edricas sociales\"  \/><!--nextpage--><img decoding=\"async\" class=\"aligncenter size-medium wp-image-111114025\" src=\"https:\/\/www.oidossucios.com\/site\/wp-content\/uploads\/2020\/02\/4025.jpg\" alt=\"Calle 13 en Caracas: Ritmo urbano y l\u00edricas sociales\"  \/><!--nextpage--><img decoding=\"async\" class=\"aligncenter size-medium wp-image-111114026\" src=\"https:\/\/www.oidossucios.com\/site\/wp-content\/uploads\/2020\/02\/4026.j\npg\" alt=\"Calle 13 en Caracas: Ritmo urbano y l\u00edricas sociales\"  \/><!--nextpage--><img decoding=\"async\" class=\"aligncenter size-medium wp-image-111114027\" src=\"https:\/\/www.oidossucios.com\/site\/wp-content\/uploads\/2020\/02\/4027.jpg\" alt=\"Calle 13 en Caracas: Ritmo urbano y l\u00edricas sociales\"  \/><!--nextpage--><img decoding=\"async\" class=\"aligncenter size-medium wp-image-111114028\" src=\"https:\/\/www.oidossucios.com\/site\/wp-content\/uploads\/2020\/02\/4028.jpg\" alt=\"Calle 13 en Caracas: Ritmo urbano y l\u00edricas sociales\"  \/><!--nextpage--><img decoding=\"async\" class=\"aligncenter size-medium wp-image-111114029\" src=\"https:\/\/www.oidossucios.com\/site\/wp-content\/uploads\/2020\/02\/4029.jpg\" alt=\"Calle 13 en Caracas: Ritmo urbano y l\u00edricas sociales\"  \/><!--nextpage--><img decoding=\"async\" class=\"aligncenter size-medium wp-image-111114030\" src=\"https:\/\/www.oidossucios.com\/site\/wp-content\/uploads\/2020\/02\/4030.jpg\" alt=\"Calle 13 en Caracas: Ritmo urbano y l\u00edricas sociales\"  \/><!--nextpage--><img decoding=\"async\" class=\"aligncenter size-medium wp-image-111114031\" src=\"https:\/\/www.oidossucios.com\/site\/wp-content\/uploads\/2020\/02\/4031.jpg\" alt=\"Calle 13 en Caracas: Ritmo urbano y l\u00edricas sociales\"  \/><!--nextpage--><img decoding=\"async\" class=\"aligncenter size-medium wp-image-111114032\" src=\"https:\/\/www.oidossucios.com\/site\/wp-content\/uploads\/2020\/02\/4032.jpg\" alt=\"Calle 13 en Caracas: Ritmo urbano y l\u00edricas sociales\"  \/><!--nextpage--><img decoding=\"async\" class=\"aligncenter size-medium wp-image-111114033\" src=\"https:\/\/www.oidossucios.com\/site\/wp-content\/uploads\/2020\/02\/4033.jpg\" alt=\"Calle 13 en Caracas: Ritmo urbano y l\u00edricas sociales\"  \/><!--nextpage--><img decoding=\"async\" class=\"aligncenter size-medium wp-image-111114034\" src=\"https:\/\/www.oidossucios.com\/site\/wp-content\/uploads\/2020\/02\/4034.jpg\" alt=\"Calle 13 en Caracas: Ritmo urbano y l\u00edricas sociales\"  \/><!--nextpage--><img decoding=\"async\" class=\"aligncenter size-medium wp-image-111114035\" src=\"https:\/\/www.oidossucios.com\/site\/wp-content\/uploads\/2020\/02\/4035.jpg\" alt=\"Calle 13 en Caracas: Ritmo urbano y l\u00edricas sociales\"  \/><!--nextpage--><img decoding=\"async\" class=\"aligncenter size-medium wp-image-111114036\" src=\"https:\/\/www.oidossucios.com\/site\/wp-content\/uploads\/2020\/02\/4036.jpg\" alt=\"Calle 13 en Caracas: Ritmo urbano y l\u00edricas sociales\"  \/><!--nextpage--><img decoding=\"async\" class=\"aligncenter size-medium wp-image-111114037\" src=\"https:\/\/www.oidossucios.com\/site\/wp-content\/uploads\/2020\/02\/4037.jpg\" alt=\"Calle 13 en Caracas: Ritmo urbano y l\u00edricas sociales\"  \/><!--nextpage--><img decoding=\"async\" class=\"aligncenter size-medium wp-image-111114038\" src=\"https:\/\/www.oidossucios.com\/site\/wp-content\/uploads\/2020\/02\/4038.jpg\" alt=\"Calle 13 en Caracas: Ritmo urbano y l\u00edricas sociales\"  \/><!--nextpage--><img decoding=\"async\" class=\"aligncenter size-medium wp-image-111114039\" src=\"https:\/\/www.oidossucios.com\/site\/wp-content\/uploads\/2020\/02\/4039.jpg\" alt=\"Calle 13 en Caracas: Ritmo urbano y l\u00edricas sociales\"  \/><a href='https:\/\/www.oidossucios.com\/site\/calle-13-en-caracas-ritmo-urbano-y-liricas-sociales\/2\/'\n                        onclick='if (tpsInstance) { tpsInstance.setNext(); return false; }'\n                        rel='next'\n                        style=''\n                        class=''>Ver galer\u00eda<\/a>]]><\/p>\n","protected":false},"excerpt":{"rendered":"<p>El pasado domingo 1 de Mayo, Calle 13 se present\u00f3 en el Anfiteatro del Sambil. Aqu\u00ed la rese\u00f1a y fotos del evento.<\/p>\n","protected":false},"author":4,"featured_media":100003419,"comment_status":"open","ping_status":"open","sticky":false,"template":"","format":"standard","meta":{"_jetpack_memberships_contains_paid_content":false,"footnotes":""},"categories":[203],"tags":[],"class_list":["post-3419","post","type-post","status-publish","format-standard","has-post-thumbnail","hentry","category-eventos"],"jetpack_featured_media_url":"https:\/\/www.oidossucios.com\/site\/wp-content\/uploads\/2011\/05\/3419.jpg","yoast_head":"<!-- This site is optimized with the Yoast SEO plugin v14.0.4 - https:\/\/yoast.com\/wordpress\/plugins\/seo\/ -->\n<title>Calle 13 en Caracas: Ritmo urbano y l\u00edricas sociales - OidosSucios.Com<\/title>\n<meta name=\"description\" content=\"El pasado domingo 1 de Mayo, Calle 13 se present\u00f3 en el Anfiteatro del Sambil. Aqu\u00ed la rese\u00f1a y fotos del evento.\" \/>\n<meta name=\"robots\" content=\"index, follow\" \/>\n<meta name=\"googlebot\" content=\"index, follow, max-snippet:-1, max-image-preview:large, max-video-preview:-1\" \/>\n<meta name=\"bingbot\" content=\"index, follow, max-snippet:-1, max-image-preview:large, max-video-preview:-1\" \/>\n<link rel=\"canonical\" href=\"https:\/\/www.oidossucios.com\/site\/calle-13-en-caracas-ritmo-urbano-y-liricas-sociales\/\" \/>\n<link rel=\"next\" href=\"https:\/\/www.oidossucios.com\/site\/calle-13-en-caracas-ritmo-urbano-y-liricas-sociales\/2\/\" \/>\n<meta property=\"og:locale\" content=\"es_ES\" \/>\n<meta property=\"og:type\" content=\"article\" \/>\n<meta property=\"og:title\" content=\"Calle 13 en Caracas: Ritmo urbano y l\u00edricas sociales - OidosSucios.Com\" \/>\n<meta property=\"og:description\" content=\"El pasado domingo 1 de Mayo, Calle 13 se present\u00f3 en el Anfiteatro del Sambil. Aqu\u00ed la rese\u00f1a y fotos del evento.\" \/>\n<meta property=\"og:url\" content=\"https:\/\/www.oidossucios.com\/site\/calle-13-en-caracas-ritmo-urbano-y-liricas-sociales\/\" \/>\n<meta property=\"og:site_name\" content=\"OidosSucios.Com\" \/>\n<meta property=\"article:published_time\" content=\"2011-05-05T10:10:00+00:00\" \/>\n<meta property=\"og:image\" content=\"https:\/\/www.oidossucios.com\/site\/wp-content\/uploads\/2011\/05\/3419.jpg\" \/>\n\t<meta property=\"og:image:width\" content=\"350\" \/>\n\t<meta property=\"og:image:height\" content=\"300\" \/>\n<meta name=\"twitter:card\" content=\"summary_large_image\" \/>\n<meta name=\"twitter:creator\" content=\"@oidossucios\" \/>\n<script type=\"application\/ld+json\" class=\"yoast-schema-graph\">{\"@context\":\"https:\/\/schema.org\",\"@graph\":[{\"@type\":\"WebSite\",\"@id\":\"https:\/\/www.oidossucios.com\/site\/#website\",\"url\":\"https:\/\/www.oidossucios.com\/site\/\",\"name\":\"OidosSucios.Com\",\"description\":\"M\\u00fasica, conciertos, discos\",\"potentialAction\":[{\"@type\":\"SearchAction\",\"target\":\"https:\/\/www.oidossucios.com\/site\/?s={search_term_string}\",\"query-input\":\"required name=search_term_string\"}],\"inLanguage\":\"es\"},{\"@type\":\"ImageObject\",\"@id\":\"https:\/\/www.oidossucios.com\/site\/calle-13-en-caracas-ritmo-urbano-y-liricas-sociales\/#primaryimage\",\"inLanguage\":\"es\",\"url\":\"https:\/\/www.oidossucios.com\/site\/wp-content\/uploads\/2011\/05\/3419.jpg\",\"width\":350,\"height\":300},{\"@type\":\"WebPage\",\"@id\":\"https:\/\/www.oidossucios.com\/site\/calle-13-en-caracas-ritmo-urbano-y-liricas-sociales\/#webpage\",\"url\":\"https:\/\/www.oidossucios.com\/site\/calle-13-en-caracas-ritmo-urbano-y-liricas-sociales\/\",\"name\":\"Calle 13 en Caracas: Ritmo urbano y l\\u00edricas sociales - OidosSucios.Com\",\"isPartOf\":{\"@id\":\"https:\/\/www.oidossucios.com\/site\/#website\"},\"primaryImageOfPage\":{\"@id\":\"https:\/\/www.oidossucios.com\/site\/calle-13-en-caracas-ritmo-urbano-y-liricas-sociales\/#primaryimage\"},\"datePublished\":\"2011-05-05T10:10:00+00:00\",\"dateModified\":\"2011-05-05T10:10:00+00:00\",\"author\":{\"@id\":\"https:\/\/www.oidossucios.com\/site\/#\/schema\/person\/24559eeb76bf83a63296fb072393a688\"},\"description\":\"El pasado domingo 1 de Mayo, Calle 13 se present\\u00f3 en el Anfiteatro del Sambil. Aqu\\u00ed la rese\\u00f1a y fotos del evento.\",\"inLanguage\":\"es\",\"potentialAction\":[{\"@type\":\"ReadAction\",\"target\":[\"https:\/\/www.oidossucios.com\/site\/calle-13-en-caracas-ritmo-urbano-y-liricas-sociales\/\"]}]},{\"@type\":[\"Person\"],\"@id\":\"https:\/\/www.oidossucios.com\/site\/#\/schema\/person\/24559eeb76bf83a63296fb072393a688\",\"name\":\"Oidossucios\",\"image\":{\"@type\":\"ImageObject\",\"@id\":\"https:\/\/www.oidossucios.com\/site\/#personlogo\",\"inLanguage\":\"es\",\"url\":\"https:\/\/secure.gravatar.com\/avatar\/74fcb480f42f1a33e50a0b6e6369a3f907be2e43dc84fa5f76c66e9c22b4a5ab?s=96&d=mm&r=g\",\"caption\":\"Oidossucios\"},\"sameAs\":[\"https:\/\/twitter.com\/oidossucios\"]}]}<\/script>\n<!-- \/ Yoast SEO plugin. -->","jetpack_sharing_enabled":true,"_links":{"self":[{"href":"https:\/\/www.oidossucios.com\/site\/wp-json\/wp\/v2\/posts\/3419","targetHints":{"allow":["GET"]}}],"collection":[{"href":"https:\/\/www.oidossucios.com\/site\/wp-json\/wp\/v2\/posts"}],"about":[{"href":"https:\/\/www.oidossucios.com\/site\/wp-json\/wp\/v2\/types\/post"}],"author":[{"embeddable":true,"href":"https:\/\/www.oidossucios.com\/site\/wp-json\/wp\/v2\/users\/4"}],"replies":[{"embeddable":true,"href":"https:\/\/www.oidossucios.com\/site\/wp-json\/wp\/v2\/comments?post=3419"}],"version-history":[{"count":0,"href":"https:\/\/www.oidossucios.com\/site\/wp-json\/wp\/v2\/posts\/3419\/revisions"}],"wp:featuredmedia":[{"embeddable":true,"href":"https:\/\/www.oidossucios.com\/site\/wp-json\/wp\/v2\/media\/100003419"}],"wp:attachment":[{"href":"https:\/\/www.oidossucios.com\/site\/wp-json\/wp\/v2\/media?parent=3419"}],"wp:term":[{"taxonomy":"category","embeddable":true,"href":"https:\/\/www.oidossucios.com\/site\/wp-json\/wp\/v2\/categories?post=3419"},{"taxonomy":"post_tag","embeddable":true,"href":"https:\/\/www.oidossucios.com\/site\/wp-json\/wp\/v2\/tags?post=3419"}],"curies":[{"name":"wp","href":"https:\/\/api.w.org\/{rel}","templated":true}]}}