{"id":3428,"date":"2011-05-06T09:17:00","date_gmt":"2011-05-06T09:17:00","guid":{"rendered":"https:\/\/www.oidossucios.com\/site\/2011\/05\/06\/fordelucs-lanzara-su-segundo-material-discografico-fotograma\/"},"modified":"2011-05-06T09:17:00","modified_gmt":"2011-05-06T09:17:00","slug":"fordelucs-lanzara-su-segundo-material-discografico-fotograma","status":"publish","type":"post","link":"https:\/\/www.oidossucios.com\/site\/fordelucs-lanzara-su-segundo-material-discografico-fotograma\/","title":{"rendered":"Fordelucs lanzar\u00e1 su segundo material discogr\u00e1fico &#8220;Fotograma&#8221;"},"content":{"rendered":"\n<p align=\"center\" style=\"text-align: left; \">La banda venezolana de rock <b><i>Fordelucs<\/i><\/b>, conformada por Jorge Romero (bajo\/voz), Giovanni Gulli (guitarra), Dami\u00e1n Santilli (bater\u00eda) y Jos\u00e9 Luis Castillo (guitarra\/voz), lanzar\u00e1 su segundo LP titulado &#8220;Fotograma&#8221; a trav\u00e9s de su p\u00e1gina web: <a href=\"http:\/\/www.fordelucs.com\/\"><b>www.fordelucs.com<\/b><\/a><b>\/ <\/b>Su primer sencillo promocional <b>&#8220;Mil gracias&#8221;<\/b> ya se encuentra publicado en las redes sociales de la banda.<\/p>\n<p align=\"center\" style=\"text-align: left; \"><\/p>\n<p><b>&#8220;Fotograma&#8221;<\/b>, en un compilado de 11 temas de autor\u00eda propia que se pasea por &nbsp;diversos estilos como el <i>Indie y el Hard Rock<\/i>. Grabado, mezclado y producido por uno de sus integrantes (Jos\u00e9 Luis Castillo) en Lecher\u00eda, Venezuela y masterizado en Caracas por Carlos Donoso.<\/p>\n<p><\/p>\n<p>El lanzamiento oficial ser\u00e1 el 16 de mayo de 2011 en su portal web <b><i>-totalmente gratuito-<\/i><\/b>(para que todos puedan desc\u00e1rgalo y conocerlo). La versi\u00f3n f\u00edsica se podr\u00e1 adquirir a mediados de Julio a trav\u00e9s de discotiendas y los shows de la banda.<\/p>\n<p><\/p>\n<p>A partir del 19 de Mayo, <b>Fordelucs <\/b>comenzar\u00e1 su gira musical donde estar\u00e1n promocionando su m\u00e1s reciente trabajo. Las localidades y fechas confirmadas son:<\/p>\n<ul type=\"disc\">\n<li>Jueves 19 de Mayo \u0096      Caracas, Teatro Bar<\/li>\n<li>Viernes 20 de Mayo \u0096      Margarita, Buldogg Bar<\/li>\n<li>S\u00e1bado 21 de Mayo \u0096      Cuman\u00e1, Radical Club<\/li>\n<li>Viernes 27 de Mayo \u0096      Matur\u00edn, Iguanas Caf\u00e9<\/li>\n<li>S\u00e1bado 28 de Mayo \u0096      Puerto la Cruz, Tibur\u00f3n Club<\/li>\n<li>Domingo 29 de Mayo \u0096      Puerto la Cruz, Tibur\u00f3n Club (Matin\u00e9)<\/li>\n<li>S\u00e1bado 4 de Junio \u0096 El      Tigre, Hardcore Bar<\/li>\n<li>S\u00e1bado 11 de Junio \u0096      M\u00e9rida, GarageRock Bar<\/li>\n<li>Viernes 17 de Junio \u0096      Puerto Ordaz, (lugar por anunciar)<\/li>\n<li>Viernes 1 de Julio \u0096      Acarigua, Don Paco Bar<\/li>\n<li>S\u00e1bado 2 de&nbsp; Julio \u0096 Barquisimeto, Barzeletta<\/li>\n<li>S\u00e1bado 16 de Julio \u0096      Puerto Ordaz, Strike Sport Bar<\/li>\n<\/ul>\n<p><\/p>\n<p>Para m\u00e1s informaci\u00f3n y detalles acerca de la agrupaci\u00f3n, recuerda visitar:<\/p>\n<p><a href=\"http:\/\/www.fordelucs.com\/\">www.fordelucs.com<\/a><\/p>\n<p><a href=\"http:\/\/www.reverbnation.com\/fordelucs\">www.reverbnation.com\/fordelucs<\/a> (m\u00fasica e im\u00e1genes)<\/p>\n<p><a href=\"http:\/\/www.youtube.com\/fordelucs\">www.youtube.com\/fordelucs<\/a> (videograf\u00eda) <\/p>\n<p><b>Twitter:<\/b> @Fordelucs \/\/\/ <b>Facebook:<\/b> &#8220;Fordelucs&#8221;<\/p>\n<p>&nbsp;<\/p>\n<p>Tracklist de <b>&#8220;Fotograma&#8221; <\/b><\/p>\n<ol start=\"1\" type=\"1\">\n<li>Mil gracias<\/li>\n<li>Verte caer<\/li>\n<li>El momento correcto<\/li>\n<li>Sombras<\/li>\n<li>Indecisi\u00f3n<\/li>\n<li>Mea m\u00e1xima culpa (ladr\u00f3n)<\/li>\n<li>Gris cielo<\/li>\n<li>Mi\u00e9nteme <\/li>\n<li>Utop\u00eda<\/li>\n<li>Simplemente hoy<\/li>\n<li>Lujuria<\/li>\n<\/ol>\n","protected":false},"excerpt":{"rendered":"<p>La banda venezolana de rock Fordelucs lanzar\u00e1 su segundo LP titulado &#8220;Fotograma&#8221; a trav\u00e9s de su p\u00e1gina web: www.fordelucs.com<\/p>\n","protected":false},"author":4,"featured_media":100003428,"comment_status":"open","ping_status":"open","sticky":false,"template":"","format":"standard","meta":{"_jetpack_memberships_contains_paid_content":false,"footnotes":""},"categories":[250],"tags":[],"class_list":["post-3428","post","type-post","status-publish","format-standard","has-post-thumbnail","hentry","category-noticias"],"jetpack_featured_media_url":"https:\/\/www.oidossucios.com\/site\/wp-content\/uploads\/2011\/05\/3428.jpg","yoast_head":"<!-- This site is optimized with the Yoast SEO plugin v14.0.4 - https:\/\/yoast.com\/wordpress\/plugins\/seo\/ -->\n<title>Fordelucs lanzar\u00e1 su segundo material discogr\u00e1fico &quot;Fotograma&quot; - OidosSucios.Com<\/title>\n<meta name=\"description\" content=\"La banda venezolana de rock Fordelucs lanzar\u00e1 su segundo LP titulado &quot;Fotograma&quot; a trav\u00e9s de su p\u00e1gina web: www.fordelucs.com\" \/>\n<meta name=\"robots\" content=\"index, follow\" \/>\n<meta name=\"googlebot\" content=\"index, follow, max-snippet:-1, max-image-preview:large, max-video-preview:-1\" \/>\n<meta name=\"bingbot\" content=\"index, follow, max-snippet:-1, max-image-preview:large, max-video-preview:-1\" \/>\n<link rel=\"canonical\" href=\"https:\/\/www.oidossucios.com\/site\/fordelucs-lanzara-su-segundo-material-discografico-fotograma\/\" \/>\n<meta property=\"og:locale\" content=\"es_ES\" \/>\n<meta property=\"og:type\" content=\"article\" \/>\n<meta property=\"og:title\" content=\"Fordelucs lanzar\u00e1 su segundo material discogr\u00e1fico &quot;Fotograma&quot; - OidosSucios.Com\" \/>\n<meta property=\"og:description\" content=\"La banda venezolana de rock Fordelucs lanzar\u00e1 su segundo LP titulado &quot;Fotograma&quot; a trav\u00e9s de su p\u00e1gina web: www.fordelucs.com\" \/>\n<meta property=\"og:url\" content=\"https:\/\/www.oidossucios.com\/site\/fordelucs-lanzara-su-segundo-material-discografico-fotograma\/\" \/>\n<meta property=\"og:site_name\" content=\"OidosSucios.Com\" \/>\n<meta property=\"article:published_time\" content=\"2011-05-06T09:17:00+00:00\" \/>\n<meta property=\"og:image\" content=\"https:\/\/www.oidossucios.com\/site\/wp-content\/uploads\/2011\/05\/3428.jpg\" \/>\n\t<meta property=\"og:image:width\" content=\"350\" \/>\n\t<meta property=\"og:image:height\" content=\"300\" \/>\n<meta name=\"twitter:card\" content=\"summary_large_image\" \/>\n<meta name=\"twitter:creator\" content=\"@oidossucios\" \/>\n<script type=\"application\/ld+json\" class=\"yoast-schema-graph\">{\"@context\":\"https:\/\/schema.org\",\"@graph\":[{\"@type\":\"WebSite\",\"@id\":\"https:\/\/www.oidossucios.com\/site\/#website\",\"url\":\"https:\/\/www.oidossucios.com\/site\/\",\"name\":\"OidosSucios.Com\",\"description\":\"M\\u00fasica, conciertos, discos\",\"potentialAction\":[{\"@type\":\"SearchAction\",\"target\":\"https:\/\/www.oidossucios.com\/site\/?s={search_term_string}\",\"query-input\":\"required name=search_term_string\"}],\"inLanguage\":\"es\"},{\"@type\":\"ImageObject\",\"@id\":\"https:\/\/www.oidossucios.com\/site\/fordelucs-lanzara-su-segundo-material-discografico-fotograma\/#primaryimage\",\"inLanguage\":\"es\",\"url\":\"https:\/\/www.oidossucios.com\/site\/wp-content\/uploads\/2011\/05\/3428.jpg\",\"width\":350,\"height\":300},{\"@type\":\"WebPage\",\"@id\":\"https:\/\/www.oidossucios.com\/site\/fordelucs-lanzara-su-segundo-material-discografico-fotograma\/#webpage\",\"url\":\"https:\/\/www.oidossucios.com\/site\/fordelucs-lanzara-su-segundo-material-discografico-fotograma\/\",\"name\":\"Fordelucs lanzar\\u00e1 su segundo material discogr\\u00e1fico \\\"Fotograma\\\" - OidosSucios.Com\",\"isPartOf\":{\"@id\":\"https:\/\/www.oidossucios.com\/site\/#website\"},\"primaryImageOfPage\":{\"@id\":\"https:\/\/www.oidossucios.com\/site\/fordelucs-lanzara-su-segundo-material-discografico-fotograma\/#primaryimage\"},\"datePublished\":\"2011-05-06T09:17:00+00:00\",\"dateModified\":\"2011-05-06T09:17:00+00:00\",\"author\":{\"@id\":\"https:\/\/www.oidossucios.com\/site\/#\/schema\/person\/24559eeb76bf83a63296fb072393a688\"},\"description\":\"La banda venezolana de rock Fordelucs lanzar\\u00e1 su segundo LP titulado \\\"Fotograma\\\" a trav\\u00e9s de su p\\u00e1gina web: www.fordelucs.com\",\"inLanguage\":\"es\",\"potentialAction\":[{\"@type\":\"ReadAction\",\"target\":[\"https:\/\/www.oidossucios.com\/site\/fordelucs-lanzara-su-segundo-material-discografico-fotograma\/\"]}]},{\"@type\":[\"Person\"],\"@id\":\"https:\/\/www.oidossucios.com\/site\/#\/schema\/person\/24559eeb76bf83a63296fb072393a688\",\"name\":\"Oidossucios\",\"image\":{\"@type\":\"ImageObject\",\"@id\":\"https:\/\/www.oidossucios.com\/site\/#personlogo\",\"inLanguage\":\"es\",\"url\":\"https:\/\/secure.gravatar.com\/avatar\/74fcb480f42f1a33e50a0b6e6369a3f907be2e43dc84fa5f76c66e9c22b4a5ab?s=96&d=mm&r=g\",\"caption\":\"Oidossucios\"},\"sameAs\":[\"https:\/\/twitter.com\/oidossucios\"]}]}<\/script>\n<!-- \/ Yoast SEO plugin. -->","jetpack_sharing_enabled":true,"_links":{"self":[{"href":"https:\/\/www.oidossucios.com\/site\/wp-json\/wp\/v2\/posts\/3428","targetHints":{"allow":["GET"]}}],"collection":[{"href":"https:\/\/www.oidossucios.com\/site\/wp-json\/wp\/v2\/posts"}],"about":[{"href":"https:\/\/www.oidossucios.com\/site\/wp-json\/wp\/v2\/types\/post"}],"author":[{"embeddable":true,"href":"https:\/\/www.oidossucios.com\/site\/wp-json\/wp\/v2\/users\/4"}],"replies":[{"embeddable":true,"href":"https:\/\/www.oidossucios.com\/site\/wp-json\/wp\/v2\/comments?post=3428"}],"version-history":[{"count":0,"href":"https:\/\/www.oidossucios.com\/site\/wp-json\/wp\/v2\/posts\/3428\/revisions"}],"wp:featuredmedia":[{"embeddable":true,"href":"https:\/\/www.oidossucios.com\/site\/wp-json\/wp\/v2\/media\/100003428"}],"wp:attachment":[{"href":"https:\/\/www.oidossucios.com\/site\/wp-json\/wp\/v2\/media?parent=3428"}],"wp:term":[{"taxonomy":"category","embeddable":true,"href":"https:\/\/www.oidossucios.com\/site\/wp-json\/wp\/v2\/categories?post=3428"},{"taxonomy":"post_tag","embeddable":true,"href":"https:\/\/www.oidossucios.com\/site\/wp-json\/wp\/v2\/tags?post=3428"}],"curies":[{"name":"wp","href":"https:\/\/api.w.org\/{rel}","templated":true}]}}