{"id":3430,"date":"2011-05-06T09:43:00","date_gmt":"2011-05-06T09:43:00","guid":{"rendered":"https:\/\/www.oidossucios.com\/site\/2011\/05\/06\/radiohead-tocara-the-king-of-limbs-en-tv\/"},"modified":"2011-05-06T09:43:00","modified_gmt":"2011-05-06T09:43:00","slug":"radiohead-tocara-the-king-of-limbs-en-tv","status":"publish","type":"post","link":"https:\/\/www.oidossucios.com\/site\/radiohead-tocara-the-king-of-limbs-en-tv\/","title":{"rendered":"Radiohead tocar\u00e1 The King of Limbs en TV"},"content":{"rendered":"\n<p>Como ya nos lamentamos,&nbsp;no habr\u00e1 secuela as\u00ed que tendremos que asumir la idea de que<em>The King of Limbs<\/em><i>&nbsp;<\/i>de Radiohead est\u00e1 compuesto por ocho temas y nada m\u00e1s. Y, como tampoco hay perspectivas de que la banda nos visite&nbsp;para poder escuchar los temas en vivo, nos contentamos con esta noticia: el 1 de julio, el mundo podr\u00e1 ver al quinteto de Oxford tocando su \u00faltimo disco en la tele, a trav\u00e9s de la BBC.&nbsp;<em>Radiohead &#8211; The King of Limbs: Live From The Basement<\/em><i>&nbsp;<\/i>se llamar\u00e1 el cap\u00edtulo de las famosas sesiones (creadas por el productor de la banda Nigel Godrich) que durar\u00e1 unos 55 minutos. Adem\u00e1s de la interpretaci\u00f3n del tracklist del \u00e1lbum, se podr\u00e1n ver im\u00e1genes tomadas detr\u00e1s de escena.<\/p>\n<p>&nbsp;<\/p>\n<p>En 2008, Radiohead ya particip\u00f3 del programa (tocando todo&nbsp;<em>In Rainbows)<\/em><i>&nbsp;<\/i>que se caracteriza por la ausencia de p\u00fablico y la carencia de un anfitri\u00f3n o presentador y en el que estuvieron presentes algunos de los m\u00fasicos y bandas m\u00e1s importantes del mundo. <\/p>\n<p>&nbsp;<\/p>\n<p>Record\u00e9moslo aqu\u00ed:<\/p>\n<p>&nbsp;<\/p>\n<p><iframe loading=\"lazy\" width=\"640\" height=\"390\" frameborder=\"0\" allowfullscreen=\"\" src=\"http:\/\/www.youtube.com\/embed\/k8byXSML4bY\"><\/iframe><\/p>\n<p>&nbsp;<\/p>\n<p>Fuente: www.rollingstone.com.ar<\/p>\n<p>&nbsp;<\/p>\n","protected":false},"excerpt":{"rendered":"<p>Como ya nos lamentamos,&nbsp;no habr\u00e1 secuela as\u00ed que tendremos que asumir la idea de queThe King of Limbs&nbsp;de Radiohead est\u00e1 compuesto por ocho temas y nada m\u00e1s. Y, como tampoco hay perspectivas de que la banda nos visite&nbsp;para poder escuchar los temas en vivo, nos contentamos con esta noticia: el 1 de julio, el mundo [&hellip;]<\/p>\n","protected":false},"author":4,"featured_media":100003430,"comment_status":"open","ping_status":"open","sticky":false,"template":"","format":"standard","meta":{"_jetpack_memberships_contains_paid_content":false,"footnotes":""},"categories":[142],"tags":[],"class_list":["post-3430","post","type-post","status-publish","format-standard","has-post-thumbnail","hentry","category-buzznews"],"jetpack_featured_media_url":"https:\/\/www.oidossucios.com\/site\/wp-content\/uploads\/2011\/05\/3430.jpg","yoast_head":"<!-- This site is optimized with the Yoast SEO plugin v14.0.4 - https:\/\/yoast.com\/wordpress\/plugins\/seo\/ -->\n<title>Radiohead tocar\u00e1 The King of Limbs en TV - OidosSucios.Com<\/title>\n<meta name=\"robots\" content=\"index, follow\" \/>\n<meta name=\"googlebot\" content=\"index, follow, max-snippet:-1, max-image-preview:large, max-video-preview:-1\" \/>\n<meta name=\"bingbot\" content=\"index, follow, max-snippet:-1, max-image-preview:large, max-video-preview:-1\" \/>\n<link rel=\"canonical\" href=\"https:\/\/www.oidossucios.com\/site\/radiohead-tocara-the-king-of-limbs-en-tv\/\" \/>\n<meta property=\"og:locale\" content=\"es_ES\" \/>\n<meta property=\"og:type\" content=\"article\" \/>\n<meta property=\"og:title\" content=\"Radiohead tocar\u00e1 The King of Limbs en TV - OidosSucios.Com\" \/>\n<meta property=\"og:description\" content=\"Como ya nos lamentamos,&nbsp;no habr\u00e1 secuela as\u00ed que tendremos que asumir la idea de queThe King of Limbs&nbsp;de Radiohead est\u00e1 compuesto por ocho temas y nada m\u00e1s. Y, como tampoco hay perspectivas de que la banda nos visite&nbsp;para poder escuchar los temas en vivo, nos contentamos con esta noticia: el 1 de julio, el mundo [&hellip;]\" \/>\n<meta property=\"og:url\" content=\"https:\/\/www.oidossucios.com\/site\/radiohead-tocara-the-king-of-limbs-en-tv\/\" \/>\n<meta property=\"og:site_name\" content=\"OidosSucios.Com\" \/>\n<meta property=\"article:published_time\" content=\"2011-05-06T09:43:00+00:00\" \/>\n<meta property=\"og:image\" content=\"https:\/\/www.oidossucios.com\/site\/wp-content\/uploads\/2011\/05\/3430.jpg\" \/>\n\t<meta property=\"og:image:width\" content=\"350\" \/>\n\t<meta property=\"og:image:height\" content=\"300\" \/>\n<meta name=\"twitter:card\" content=\"summary_large_image\" \/>\n<meta name=\"twitter:creator\" content=\"@oidossucios\" \/>\n<script type=\"application\/ld+json\" class=\"yoast-schema-graph\">{\"@context\":\"https:\/\/schema.org\",\"@graph\":[{\"@type\":\"WebSite\",\"@id\":\"https:\/\/www.oidossucios.com\/site\/#website\",\"url\":\"https:\/\/www.oidossucios.com\/site\/\",\"name\":\"OidosSucios.Com\",\"description\":\"M\\u00fasica, conciertos, discos\",\"potentialAction\":[{\"@type\":\"SearchAction\",\"target\":\"https:\/\/www.oidossucios.com\/site\/?s={search_term_string}\",\"query-input\":\"required name=search_term_string\"}],\"inLanguage\":\"es\"},{\"@type\":\"ImageObject\",\"@id\":\"https:\/\/www.oidossucios.com\/site\/radiohead-tocara-the-king-of-limbs-en-tv\/#primaryimage\",\"inLanguage\":\"es\",\"url\":\"https:\/\/www.oidossucios.com\/site\/wp-content\/uploads\/2011\/05\/3430.jpg\",\"width\":350,\"height\":300},{\"@type\":\"WebPage\",\"@id\":\"https:\/\/www.oidossucios.com\/site\/radiohead-tocara-the-king-of-limbs-en-tv\/#webpage\",\"url\":\"https:\/\/www.oidossucios.com\/site\/radiohead-tocara-the-king-of-limbs-en-tv\/\",\"name\":\"Radiohead tocar\\u00e1 The King of Limbs en TV - OidosSucios.Com\",\"isPartOf\":{\"@id\":\"https:\/\/www.oidossucios.com\/site\/#website\"},\"primaryImageOfPage\":{\"@id\":\"https:\/\/www.oidossucios.com\/site\/radiohead-tocara-the-king-of-limbs-en-tv\/#primaryimage\"},\"datePublished\":\"2011-05-06T09:43:00+00:00\",\"dateModified\":\"2011-05-06T09:43:00+00:00\",\"author\":{\"@id\":\"https:\/\/www.oidossucios.com\/site\/#\/schema\/person\/24559eeb76bf83a63296fb072393a688\"},\"inLanguage\":\"es\",\"potentialAction\":[{\"@type\":\"ReadAction\",\"target\":[\"https:\/\/www.oidossucios.com\/site\/radiohead-tocara-the-king-of-limbs-en-tv\/\"]}]},{\"@type\":[\"Person\"],\"@id\":\"https:\/\/www.oidossucios.com\/site\/#\/schema\/person\/24559eeb76bf83a63296fb072393a688\",\"name\":\"Oidossucios\",\"image\":{\"@type\":\"ImageObject\",\"@id\":\"https:\/\/www.oidossucios.com\/site\/#personlogo\",\"inLanguage\":\"es\",\"url\":\"https:\/\/secure.gravatar.com\/avatar\/74fcb480f42f1a33e50a0b6e6369a3f907be2e43dc84fa5f76c66e9c22b4a5ab?s=96&d=mm&r=g\",\"caption\":\"Oidossucios\"},\"sameAs\":[\"https:\/\/twitter.com\/oidossucios\"]}]}<\/script>\n<!-- \/ Yoast SEO plugin. -->","jetpack_sharing_enabled":true,"_links":{"self":[{"href":"https:\/\/www.oidossucios.com\/site\/wp-json\/wp\/v2\/posts\/3430","targetHints":{"allow":["GET"]}}],"collection":[{"href":"https:\/\/www.oidossucios.com\/site\/wp-json\/wp\/v2\/posts"}],"about":[{"href":"https:\/\/www.oidossucios.com\/site\/wp-json\/wp\/v2\/types\/post"}],"author":[{"embeddable":true,"href":"https:\/\/www.oidossucios.com\/site\/wp-json\/wp\/v2\/users\/4"}],"replies":[{"embeddable":true,"href":"https:\/\/www.oidossucios.com\/site\/wp-json\/wp\/v2\/comments?post=3430"}],"version-history":[{"count":0,"href":"https:\/\/www.oidossucios.com\/site\/wp-json\/wp\/v2\/posts\/3430\/revisions"}],"wp:featuredmedia":[{"embeddable":true,"href":"https:\/\/www.oidossucios.com\/site\/wp-json\/wp\/v2\/media\/100003430"}],"wp:attachment":[{"href":"https:\/\/www.oidossucios.com\/site\/wp-json\/wp\/v2\/media?parent=3430"}],"wp:term":[{"taxonomy":"category","embeddable":true,"href":"https:\/\/www.oidossucios.com\/site\/wp-json\/wp\/v2\/categories?post=3430"},{"taxonomy":"post_tag","embeddable":true,"href":"https:\/\/www.oidossucios.com\/site\/wp-json\/wp\/v2\/tags?post=3430"}],"curies":[{"name":"wp","href":"https:\/\/api.w.org\/{rel}","templated":true}]}}