{"id":3457,"date":"2011-05-11T03:43:00","date_gmt":"2011-05-11T03:43:00","guid":{"rendered":"https:\/\/www.oidossucios.com\/site\/2011\/05\/11\/pink-floyd-anuncia-reedicion-de-todas-sus-obras\/"},"modified":"2011-05-11T03:43:00","modified_gmt":"2011-05-11T03:43:00","slug":"pink-floyd-anuncia-reedicion-de-todas-sus-obras","status":"publish","type":"post","link":"https:\/\/www.oidossucios.com\/site\/pink-floyd-anuncia-reedicion-de-todas-sus-obras\/","title":{"rendered":"Pink Floyd anuncia reedici\u00f3n de todas sus obras"},"content":{"rendered":"\n<p>Despu\u00e9s de arreglar la disputa legal con EMI, Pink Floyd lo celebra anunciando el lanzamiento de la reedici\u00f3n m\u00e1s completa de la banda. Con material disponible en todos los formatos digitales (CD, DVD, Blu-Ray y Super Audio CD) y para iPhone a finales del pr\u00f3ximo mes de septiembre.<\/p>\n<p><\/p>\n<p>Los lanzamientos estar\u00e1n bajo el nombre de &#8220;Why Pink Floyd \u0085 ?&#8221; y seg\u00fan un comunicado de prensa &#8220;est\u00e1n dise\u00f1ados para atraer un gran espectro de sus fans, con m\u00fasica para excitar a los primeros escuchas, mientras que paquetes super-delux van a satisfacer a los fans m\u00e1s dedicados&#8221;. Los paquetes &#8220;super-deluxe&#8221; estar\u00e1n conformados por varios discos que contienen tomas alternativas, canciones no publicadas, pel\u00edculas restauradas de conciertos y una grabaci\u00f3n de la legendaria actuaci\u00f3n de &#8220;The dark side of the moon&#8221; en Wembley en 1974.<\/p>\n<p><\/p>\n<p>Roger Faxon, presidente de EMI Group, ha declarado que se trata de una colaboraci\u00f3n &#8220;\u00fanica&#8221; entre la compa\u00f1\u00eda y &#8220;uno de los grupos m\u00e1s creativos e influyentes de la historia&#8221;<\/p>\n<p><\/p>\n<p>&#8220;Hemos trabajado juntos durante m\u00e1s de un a\u00f1o en este proyecto que incorpora todos los elementos que ha hecho de Pink Floyd una de las fuerzas inspiradoras de la m\u00fasica moderna&#8221;, ha dicho el ejecutivo, quien explica que &#8220;Why Pink Floyd \u0085 ?&#8221; se debe a que &#8220;su m\u00fasica es \u00fanica y la m\u00fasica de calidad nunca pasa de moda&#8221;.<\/p>\n<p><\/p>\n<p>Los lanzamientos llegar\u00e1n para el 26 de septiembre con las reediciones de sus 14 discos de estudio. Disponibles individualmente o en box set incluir\u00e1n nuevos dise\u00f1os de arte dise\u00f1ados por Storm Thorgerson, director de arte de la banda. Tambi\u00e9n disponible estar\u00e1 una versi\u00f3n de lujo y edici\u00f3n limitada del disco de 1973 &#8220;The Dark Side Of The Moon&#8221; formada por 6 discos, un vinil de colecci\u00f3n y formatos digitales.<\/p>\n<p><\/p>\n<p>El 7 de noviembre comenzar\u00e1 la segunda fase del proyecto que se centrar\u00e1 en el \u00e1lbum &#8220;Wish you were here&#8221;, incluyendo la \u00fanica grabaci\u00f3n de la hist\u00f3rica canci\u00f3n realizada por el legendario violinista de jazz Stephane Grappelli.<\/p>\n<p><\/p>\n<p>Finalmente el 27 de febrero de 2012, &#8220;The wall&#8221;, uno de los discos m\u00e1s vendidos en la historia y que se ha convertido en las \u00faltimas tres d\u00e9cadas en un s\u00edmbolo cultural y pol\u00edtico social, se lanzar\u00e1 de igual forma en edici\u00f3n de lujo.<\/p>\n<p>&nbsp;<\/p>\n<p>&nbsp;<\/p>\n<p>Fuente: www.warp.la<\/p>\n","protected":false},"excerpt":{"rendered":"<p>Despu\u00e9s de arreglar la disputa legal con EMI, Pink Floyd lo celebra anunciando el lanzamiento de la reedici\u00f3n m\u00e1s completa de la banda. Con material disponible en todos los formatos digitales (CD, DVD, Blu-Ray y Super Audio CD) y para iPhone a finales del pr\u00f3ximo mes de septiembre. <\/p>\n","protected":false},"author":4,"featured_media":100003457,"comment_status":"open","ping_status":"open","sticky":false,"template":"","format":"standard","meta":{"_jetpack_memberships_contains_paid_content":false,"footnotes":""},"categories":[250],"tags":[],"class_list":["post-3457","post","type-post","status-publish","format-standard","has-post-thumbnail","hentry","category-noticias"],"jetpack_featured_media_url":"https:\/\/www.oidossucios.com\/site\/wp-content\/uploads\/2011\/05\/3457.jpg","yoast_head":"<!-- This site is optimized with the Yoast SEO plugin v14.0.4 - https:\/\/yoast.com\/wordpress\/plugins\/seo\/ -->\n<title>Pink Floyd anuncia reedici\u00f3n de todas sus obras - OidosSucios.Com<\/title>\n<meta name=\"description\" content=\"Despu\u00e9s de arreglar la disputa legal con EMI, Pink Floyd lo celebra anunciando el lanzamiento de la reedici\u00f3n m\u00e1s completa de la banda. Con material disponible en todos los formatos digitales (CD, DVD, Blu-Ray y Super Audio CD) y para iPhone a finales del pr\u00f3ximo mes de septiembre.\" \/>\n<meta name=\"robots\" content=\"index, follow\" \/>\n<meta name=\"googlebot\" content=\"index, follow, max-snippet:-1, max-image-preview:large, max-video-preview:-1\" \/>\n<meta name=\"bingbot\" content=\"index, follow, max-snippet:-1, max-image-preview:large, max-video-preview:-1\" \/>\n<link rel=\"canonical\" href=\"https:\/\/www.oidossucios.com\/site\/pink-floyd-anuncia-reedicion-de-todas-sus-obras\/\" \/>\n<meta property=\"og:locale\" content=\"es_ES\" \/>\n<meta property=\"og:type\" content=\"article\" \/>\n<meta property=\"og:title\" content=\"Pink Floyd anuncia reedici\u00f3n de todas sus obras - OidosSucios.Com\" \/>\n<meta property=\"og:description\" content=\"Despu\u00e9s de arreglar la disputa legal con EMI, Pink Floyd lo celebra anunciando el lanzamiento de la reedici\u00f3n m\u00e1s completa de la banda. Con material disponible en todos los formatos digitales (CD, DVD, Blu-Ray y Super Audio CD) y para iPhone a finales del pr\u00f3ximo mes de septiembre.\" \/>\n<meta property=\"og:url\" content=\"https:\/\/www.oidossucios.com\/site\/pink-floyd-anuncia-reedicion-de-todas-sus-obras\/\" \/>\n<meta property=\"og:site_name\" content=\"OidosSucios.Com\" \/>\n<meta property=\"article:published_time\" content=\"2011-05-11T03:43:00+00:00\" \/>\n<meta property=\"og:image\" content=\"https:\/\/www.oidossucios.com\/site\/wp-content\/uploads\/2011\/05\/3457.jpg\" \/>\n\t<meta property=\"og:image:width\" content=\"350\" \/>\n\t<meta property=\"og:image:height\" content=\"300\" \/>\n<meta name=\"twitter:card\" content=\"summary_large_image\" \/>\n<meta name=\"twitter:creator\" content=\"@oidossucios\" \/>\n<script type=\"application\/ld+json\" class=\"yoast-schema-graph\">{\"@context\":\"https:\/\/schema.org\",\"@graph\":[{\"@type\":\"WebSite\",\"@id\":\"https:\/\/www.oidossucios.com\/site\/#website\",\"url\":\"https:\/\/www.oidossucios.com\/site\/\",\"name\":\"OidosSucios.Com\",\"description\":\"M\\u00fasica, conciertos, discos\",\"potentialAction\":[{\"@type\":\"SearchAction\",\"target\":\"https:\/\/www.oidossucios.com\/site\/?s={search_term_string}\",\"query-input\":\"required name=search_term_string\"}],\"inLanguage\":\"es\"},{\"@type\":\"ImageObject\",\"@id\":\"https:\/\/www.oidossucios.com\/site\/pink-floyd-anuncia-reedicion-de-todas-sus-obras\/#primaryimage\",\"inLanguage\":\"es\",\"url\":\"https:\/\/www.oidossucios.com\/site\/wp-content\/uploads\/2011\/05\/3457.jpg\",\"width\":350,\"height\":300},{\"@type\":\"WebPage\",\"@id\":\"https:\/\/www.oidossucios.com\/site\/pink-floyd-anuncia-reedicion-de-todas-sus-obras\/#webpage\",\"url\":\"https:\/\/www.oidossucios.com\/site\/pink-floyd-anuncia-reedicion-de-todas-sus-obras\/\",\"name\":\"Pink Floyd anuncia reedici\\u00f3n de todas sus obras - OidosSucios.Com\",\"isPartOf\":{\"@id\":\"https:\/\/www.oidossucios.com\/site\/#website\"},\"primaryImageOfPage\":{\"@id\":\"https:\/\/www.oidossucios.com\/site\/pink-floyd-anuncia-reedicion-de-todas-sus-obras\/#primaryimage\"},\"datePublished\":\"2011-05-11T03:43:00+00:00\",\"dateModified\":\"2011-05-11T03:43:00+00:00\",\"author\":{\"@id\":\"https:\/\/www.oidossucios.com\/site\/#\/schema\/person\/24559eeb76bf83a63296fb072393a688\"},\"description\":\"Despu\\u00e9s de arreglar la disputa legal con EMI, Pink Floyd lo celebra anunciando el lanzamiento de la reedici\\u00f3n m\\u00e1s completa de la banda. Con material disponible en todos los formatos digitales (CD, DVD, Blu-Ray y Super Audio CD) y para iPhone a finales del pr\\u00f3ximo mes de septiembre.\",\"inLanguage\":\"es\",\"potentialAction\":[{\"@type\":\"ReadAction\",\"target\":[\"https:\/\/www.oidossucios.com\/site\/pink-floyd-anuncia-reedicion-de-todas-sus-obras\/\"]}]},{\"@type\":[\"Person\"],\"@id\":\"https:\/\/www.oidossucios.com\/site\/#\/schema\/person\/24559eeb76bf83a63296fb072393a688\",\"name\":\"Oidossucios\",\"image\":{\"@type\":\"ImageObject\",\"@id\":\"https:\/\/www.oidossucios.com\/site\/#personlogo\",\"inLanguage\":\"es\",\"url\":\"https:\/\/secure.gravatar.com\/avatar\/74fcb480f42f1a33e50a0b6e6369a3f907be2e43dc84fa5f76c66e9c22b4a5ab?s=96&d=mm&r=g\",\"caption\":\"Oidossucios\"},\"sameAs\":[\"https:\/\/twitter.com\/oidossucios\"]}]}<\/script>\n<!-- \/ Yoast SEO plugin. -->","jetpack_sharing_enabled":true,"_links":{"self":[{"href":"https:\/\/www.oidossucios.com\/site\/wp-json\/wp\/v2\/posts\/3457","targetHints":{"allow":["GET"]}}],"collection":[{"href":"https:\/\/www.oidossucios.com\/site\/wp-json\/wp\/v2\/posts"}],"about":[{"href":"https:\/\/www.oidossucios.com\/site\/wp-json\/wp\/v2\/types\/post"}],"author":[{"embeddable":true,"href":"https:\/\/www.oidossucios.com\/site\/wp-json\/wp\/v2\/users\/4"}],"replies":[{"embeddable":true,"href":"https:\/\/www.oidossucios.com\/site\/wp-json\/wp\/v2\/comments?post=3457"}],"version-history":[{"count":0,"href":"https:\/\/www.oidossucios.com\/site\/wp-json\/wp\/v2\/posts\/3457\/revisions"}],"wp:featuredmedia":[{"embeddable":true,"href":"https:\/\/www.oidossucios.com\/site\/wp-json\/wp\/v2\/media\/100003457"}],"wp:attachment":[{"href":"https:\/\/www.oidossucios.com\/site\/wp-json\/wp\/v2\/media?parent=3457"}],"wp:term":[{"taxonomy":"category","embeddable":true,"href":"https:\/\/www.oidossucios.com\/site\/wp-json\/wp\/v2\/categories?post=3457"},{"taxonomy":"post_tag","embeddable":true,"href":"https:\/\/www.oidossucios.com\/site\/wp-json\/wp\/v2\/tags?post=3457"}],"curies":[{"name":"wp","href":"https:\/\/api.w.org\/{rel}","templated":true}]}}