{"id":3462,"date":"2011-05-12T14:14:00","date_gmt":"2011-05-12T14:14:00","guid":{"rendered":"https:\/\/www.oidossucios.com\/site\/2011\/05\/12\/alejandro-sanz-abandona-twitter-por-una-falta-de-ortografia\/"},"modified":"2011-05-12T14:14:00","modified_gmt":"2011-05-12T14:14:00","slug":"alejandro-sanz-abandona-twitter-por-una-falta-de-ortografia","status":"publish","type":"post","link":"https:\/\/www.oidossucios.com\/site\/alejandro-sanz-abandona-twitter-por-una-falta-de-ortografia\/","title":{"rendered":"Alejandro Sanz abandona Twitter por una falta de ortograf\u00eda"},"content":{"rendered":"\n<p><strong>Alejandro Sanz abandona<\/strong><b>&nbsp;<\/b><strong><a target=\"_blank\" href=\"http:\/\/twitter.com\/#!\/AlejandroSanz\" rel=\"noopener noreferrer\">Twitter<\/a><\/strong><b>&nbsp;<\/b><strong>molesto y triste<\/strong>. El motivo de la repentina marcha de uno de los m\u00fasicos espa\u00f1oles m\u00e1s activos en la red social, lo explica \u00e9l mismo en un largo y&nbsp;<strong>furioso mensaje<\/strong>: &#8220;Hoy decido que dejo de escribir en Twitter.&nbsp;<strong>Hay un grupo de gente que me est\u00e1n culpando<\/strong>&nbsp;<strong>de haber escrito \u00b4vuestra\u00b4 con \u00b4b\u00b4 <\/strong>cuando no es verdad, solo para&nbsp;<strong>dejarme en rid\u00edculo<\/strong>. Lo que yo escrib\u00ed es \u00b4nuestra gente\u00b4 pero&nbsp;<strong>estoy harto de tanto ataque y tanta falacia<\/strong>, tanta mala baba y tanto esfuerzo para darle vida a gente sin alma, sin cultura y sin coraz\u00f3n. Leer\u00e9 los&nbsp;<i>tweets<\/i>&nbsp;de mi gente y escribir\u00e9 a quien quiera pero no pienso seguirle el juego a tant@ gente sin coraz\u00f3n. Adi\u00f3s y que ardan&#8221;.<\/p>\n<p>&nbsp;<\/p>\n<p>Tal y como a\u00fan aparece en su cuenta de Twitter, todo comenz\u00f3 hace poco, aproximadamente a las 11 horas de Espa\u00f1a del 12 de mayo, mientras Alejandro Sanz estaba&nbsp;<strong>escribiendo mensajes de \u00e1nimo a la gente afectada por el terremoto<\/strong>&nbsp;ocurrido ayer en Lorca (Murcia). En uno de los mensajes el m\u00fasico confunde una letra al escribir lo siguiente: &#8220;Es vergonzoso, de verdad. Buestra [en lugar de &#8220;Nuestra&#8221;] propia gente&#8221;. Este hecho, en apariencia sin importancia, desencaden\u00f3 que&nbsp;<strong>los usuarios de Twitter comenzaran a mofarse sin piedad del artista<\/strong>, escribiendo multitud mensajes como: &#8220;Alejandro Sanz se enfada y no respira por&nbsp;<strong>buestra<\/strong>&nbsp;culpa&#8221;; &#8220;Alejando Sanz deja Twitter y ya no s\u00e9 si la culpa es m\u00eda, nuestra o&nbsp;<strong>Buestra&#8221;; &#8220;<\/strong>Ahora que se vaya a llorar con su amiguita Sinde&#8221;; &#8220;Para&nbsp;<strong>Buestra<\/strong>, un bot\u00f3n&#8221;. De hecho la palabra&nbsp;<strong>&#8220;Buestra&#8221; lleg\u00f3 a los<\/strong><b>&nbsp;<\/b><strong><i>Trending Topics<\/i><\/strong>&nbsp; en la red social.<\/p>\n<p>&nbsp;<\/p>\n<p>Tal y como se desprende de las palabras del m\u00fasico,&nbsp;<strong>Sanz est\u00e1 harto del odio sin sentido que despierta en Twitter<\/strong>&nbsp;y por eso la abandona. Este es su \u00faltimo y dolido mensaje: &#8220;Mi \u00faltimo mensaje es de apoyo a la gente de Lorca. Os quiero, os pienso y siempre estar\u00e9 con vosotros. Este es un mundo dif\u00edcil lleno de odio y de problemas. Mi terremoto es el odio y la necedad&#8230; Como vuestro dolor, se curara con el tiempo. Echadle ganas. Fuerza Murcia. Fuerza Lorca, fuerza Espa\u00f1a. Un beso&#8221;.<\/p>\n<p>&nbsp;<\/p>\n<p>Fuente: www.rollingstone.es<\/p>\n","protected":false},"excerpt":{"rendered":"<p>Alejandro Sanz abandona&nbsp;Twitter&nbsp;molesto y triste. El motivo de la repentina marcha de uno de los m\u00fasicos espa\u00f1oles m\u00e1s activos en la red social, lo explica \u00e9l mismo en un largo y&nbsp;furioso mensaje: &#8220;Hoy decido que dejo de escribir en Twitter.&nbsp;Hay un grupo de gente que me est\u00e1n culpando&nbsp;de haber escrito \u00b4vuestra\u00b4 con \u00b4b\u00b4 cuando no [&hellip;]<\/p>\n","protected":false},"author":4,"featured_media":100003462,"comment_status":"open","ping_status":"open","sticky":false,"template":"","format":"standard","meta":{"_jetpack_memberships_contains_paid_content":false,"footnotes":""},"categories":[142],"tags":[],"class_list":["post-3462","post","type-post","status-publish","format-standard","has-post-thumbnail","hentry","category-buzznews"],"jetpack_featured_media_url":"https:\/\/www.oidossucios.com\/site\/wp-content\/uploads\/2011\/05\/3462.jpg","yoast_head":"<!-- This site is optimized with the Yoast SEO plugin v14.0.4 - https:\/\/yoast.com\/wordpress\/plugins\/seo\/ -->\n<title>Alejandro Sanz abandona Twitter por una falta de ortograf\u00eda - OidosSucios.Com<\/title>\n<meta name=\"robots\" content=\"index, follow\" \/>\n<meta name=\"googlebot\" content=\"index, follow, max-snippet:-1, max-image-preview:large, max-video-preview:-1\" \/>\n<meta name=\"bingbot\" content=\"index, follow, max-snippet:-1, max-image-preview:large, max-video-preview:-1\" \/>\n<link rel=\"canonical\" href=\"https:\/\/www.oidossucios.com\/site\/alejandro-sanz-abandona-twitter-por-una-falta-de-ortografia\/\" \/>\n<meta property=\"og:locale\" content=\"es_ES\" \/>\n<meta property=\"og:type\" content=\"article\" \/>\n<meta property=\"og:title\" content=\"Alejandro Sanz abandona Twitter por una falta de ortograf\u00eda - OidosSucios.Com\" \/>\n<meta property=\"og:description\" content=\"Alejandro Sanz abandona&nbsp;Twitter&nbsp;molesto y triste. El motivo de la repentina marcha de uno de los m\u00fasicos espa\u00f1oles m\u00e1s activos en la red social, lo explica \u00e9l mismo en un largo y&nbsp;furioso mensaje: &#8220;Hoy decido que dejo de escribir en Twitter.&nbsp;Hay un grupo de gente que me est\u00e1n culpando&nbsp;de haber escrito \u00b4vuestra\u00b4 con \u00b4b\u00b4 cuando no [&hellip;]\" \/>\n<meta property=\"og:url\" content=\"https:\/\/www.oidossucios.com\/site\/alejandro-sanz-abandona-twitter-por-una-falta-de-ortografia\/\" \/>\n<meta property=\"og:site_name\" content=\"OidosSucios.Com\" \/>\n<meta property=\"article:published_time\" content=\"2011-05-12T14:14:00+00:00\" \/>\n<meta property=\"og:image\" content=\"https:\/\/www.oidossucios.com\/site\/wp-content\/uploads\/2011\/05\/3462.jpg\" \/>\n\t<meta property=\"og:image:width\" content=\"350\" \/>\n\t<meta property=\"og:image:height\" content=\"300\" \/>\n<meta name=\"twitter:card\" content=\"summary_large_image\" \/>\n<meta name=\"twitter:creator\" content=\"@oidossucios\" \/>\n<script type=\"application\/ld+json\" class=\"yoast-schema-graph\">{\"@context\":\"https:\/\/schema.org\",\"@graph\":[{\"@type\":\"WebSite\",\"@id\":\"https:\/\/www.oidossucios.com\/site\/#website\",\"url\":\"https:\/\/www.oidossucios.com\/site\/\",\"name\":\"OidosSucios.Com\",\"description\":\"M\\u00fasica, conciertos, discos\",\"potentialAction\":[{\"@type\":\"SearchAction\",\"target\":\"https:\/\/www.oidossucios.com\/site\/?s={search_term_string}\",\"query-input\":\"required name=search_term_string\"}],\"inLanguage\":\"es\"},{\"@type\":\"ImageObject\",\"@id\":\"https:\/\/www.oidossucios.com\/site\/alejandro-sanz-abandona-twitter-por-una-falta-de-ortografia\/#primaryimage\",\"inLanguage\":\"es\",\"url\":\"https:\/\/www.oidossucios.com\/site\/wp-content\/uploads\/2011\/05\/3462.jpg\",\"width\":350,\"height\":300},{\"@type\":\"WebPage\",\"@id\":\"https:\/\/www.oidossucios.com\/site\/alejandro-sanz-abandona-twitter-por-una-falta-de-ortografia\/#webpage\",\"url\":\"https:\/\/www.oidossucios.com\/site\/alejandro-sanz-abandona-twitter-por-una-falta-de-ortografia\/\",\"name\":\"Alejandro Sanz abandona Twitter por una falta de ortograf\\u00eda - OidosSucios.Com\",\"isPartOf\":{\"@id\":\"https:\/\/www.oidossucios.com\/site\/#website\"},\"primaryImageOfPage\":{\"@id\":\"https:\/\/www.oidossucios.com\/site\/alejandro-sanz-abandona-twitter-por-una-falta-de-ortografia\/#primaryimage\"},\"datePublished\":\"2011-05-12T14:14:00+00:00\",\"dateModified\":\"2011-05-12T14:14:00+00:00\",\"author\":{\"@id\":\"https:\/\/www.oidossucios.com\/site\/#\/schema\/person\/24559eeb76bf83a63296fb072393a688\"},\"inLanguage\":\"es\",\"potentialAction\":[{\"@type\":\"ReadAction\",\"target\":[\"https:\/\/www.oidossucios.com\/site\/alejandro-sanz-abandona-twitter-por-una-falta-de-ortografia\/\"]}]},{\"@type\":[\"Person\"],\"@id\":\"https:\/\/www.oidossucios.com\/site\/#\/schema\/person\/24559eeb76bf83a63296fb072393a688\",\"name\":\"Oidossucios\",\"image\":{\"@type\":\"ImageObject\",\"@id\":\"https:\/\/www.oidossucios.com\/site\/#personlogo\",\"inLanguage\":\"es\",\"url\":\"https:\/\/secure.gravatar.com\/avatar\/74fcb480f42f1a33e50a0b6e6369a3f907be2e43dc84fa5f76c66e9c22b4a5ab?s=96&d=mm&r=g\",\"caption\":\"Oidossucios\"},\"sameAs\":[\"https:\/\/twitter.com\/oidossucios\"]}]}<\/script>\n<!-- \/ Yoast SEO plugin. -->","jetpack_sharing_enabled":true,"_links":{"self":[{"href":"https:\/\/www.oidossucios.com\/site\/wp-json\/wp\/v2\/posts\/3462","targetHints":{"allow":["GET"]}}],"collection":[{"href":"https:\/\/www.oidossucios.com\/site\/wp-json\/wp\/v2\/posts"}],"about":[{"href":"https:\/\/www.oidossucios.com\/site\/wp-json\/wp\/v2\/types\/post"}],"author":[{"embeddable":true,"href":"https:\/\/www.oidossucios.com\/site\/wp-json\/wp\/v2\/users\/4"}],"replies":[{"embeddable":true,"href":"https:\/\/www.oidossucios.com\/site\/wp-json\/wp\/v2\/comments?post=3462"}],"version-history":[{"count":0,"href":"https:\/\/www.oidossucios.com\/site\/wp-json\/wp\/v2\/posts\/3462\/revisions"}],"wp:featuredmedia":[{"embeddable":true,"href":"https:\/\/www.oidossucios.com\/site\/wp-json\/wp\/v2\/media\/100003462"}],"wp:attachment":[{"href":"https:\/\/www.oidossucios.com\/site\/wp-json\/wp\/v2\/media?parent=3462"}],"wp:term":[{"taxonomy":"category","embeddable":true,"href":"https:\/\/www.oidossucios.com\/site\/wp-json\/wp\/v2\/categories?post=3462"},{"taxonomy":"post_tag","embeddable":true,"href":"https:\/\/www.oidossucios.com\/site\/wp-json\/wp\/v2\/tags?post=3462"}],"curies":[{"name":"wp","href":"https:\/\/api.w.org\/{rel}","templated":true}]}}