{"id":3477,"date":"2011-05-13T14:19:00","date_gmt":"2011-05-13T14:19:00","guid":{"rendered":"https:\/\/www.oidossucios.com\/site\/2011\/05\/13\/david-lee-roth-y-van-halen-de-nuevo-juntos-en-un-escenario\/"},"modified":"2011-05-13T14:19:00","modified_gmt":"2011-05-13T14:19:00","slug":"david-lee-roth-y-van-halen-de-nuevo-juntos-en-un-escenario","status":"publish","type":"post","link":"https:\/\/www.oidossucios.com\/site\/david-lee-roth-y-van-halen-de-nuevo-juntos-en-un-escenario\/","title":{"rendered":"David Lee Roth y Van Halen de nuevo juntos en un escenario"},"content":{"rendered":"\n<p>El primer vocalista de la m\u00edtica banda, Van Halen, David Lee Roth, regresar\u00e1 a los escenarios con la familia Van Halen para el festival australiano Soundwave.<\/p>\n<p><\/p>\n<p>De acuerdo al sitio oficial del festival (<a title=\"http:\/\/www.soundwaverevolution.com\/lineup\/van-halen\" href=\"http:\/\/www.soundwaverevolution.com\/lineup\/van-halen\">http:\/\/www.soundwaverevolution.com\/lineup\/van-halen<\/a>) y a la estaci\u00f3n de radio Triple M, Roth se presentar\u00e1 junto a Alex, Eddie y Wolfgang Van Halen.<\/p>\n<p><\/p>\n<p>El festival tiene varias sedes como Brisbane, Sydney, Melbourne, Adelaide y Perth y ocurre del 24 de septiembre al 3 de octubre.<br \/>Adem\u00e1s del regreso de Roth con Van Halen (\u00faltima ocasi\u00f3n que estuvieron juntos fue en julio del 2008) bandas como Alice Cooper, Hole, Bad Religion, All Time Low, Panic! At The Disco, Sum 41, Yellowcard, Dashboard Confessional y m\u00e1s est\u00e1n incluidas en el cartel.<\/p>\n<p>&nbsp;<\/p>\n<p><\/p>\n<p>Fuente: www.warp.la<\/p>\n","protected":false},"excerpt":{"rendered":"<p>El primer vocalista de la m\u00edtica banda, Van Halen, David Lee Roth, regresar\u00e1 a los escenarios con la familia Van Halen para el festival australiano Soundwave. De acuerdo al sitio oficial del festival (http:\/\/www.soundwaverevolution.com\/lineup\/van-halen) y a la estaci\u00f3n de radio Triple M, Roth se presentar\u00e1 junto a Alex, Eddie y Wolfgang Van Halen. El festival [&hellip;]<\/p>\n","protected":false},"author":4,"featured_media":100003477,"comment_status":"open","ping_status":"open","sticky":false,"template":"","format":"standard","meta":{"_jetpack_memberships_contains_paid_content":false,"footnotes":""},"categories":[142],"tags":[],"class_list":["post-3477","post","type-post","status-publish","format-standard","has-post-thumbnail","hentry","category-buzznews"],"jetpack_featured_media_url":"https:\/\/www.oidossucios.com\/site\/wp-content\/uploads\/2011\/05\/3477.jpg","yoast_head":"<!-- This site is optimized with the Yoast SEO plugin v14.0.4 - https:\/\/yoast.com\/wordpress\/plugins\/seo\/ -->\n<title>David Lee Roth y Van Halen de nuevo juntos en un escenario - OidosSucios.Com<\/title>\n<meta name=\"robots\" content=\"index, follow\" \/>\n<meta name=\"googlebot\" content=\"index, follow, max-snippet:-1, max-image-preview:large, max-video-preview:-1\" \/>\n<meta name=\"bingbot\" content=\"index, follow, max-snippet:-1, max-image-preview:large, max-video-preview:-1\" \/>\n<link rel=\"canonical\" href=\"https:\/\/www.oidossucios.com\/site\/david-lee-roth-y-van-halen-de-nuevo-juntos-en-un-escenario\/\" \/>\n<meta property=\"og:locale\" content=\"es_ES\" \/>\n<meta property=\"og:type\" content=\"article\" \/>\n<meta property=\"og:title\" content=\"David Lee Roth y Van Halen de nuevo juntos en un escenario - OidosSucios.Com\" \/>\n<meta property=\"og:description\" content=\"El primer vocalista de la m\u00edtica banda, Van Halen, David Lee Roth, regresar\u00e1 a los escenarios con la familia Van Halen para el festival australiano Soundwave. De acuerdo al sitio oficial del festival (http:\/\/www.soundwaverevolution.com\/lineup\/van-halen) y a la estaci\u00f3n de radio Triple M, Roth se presentar\u00e1 junto a Alex, Eddie y Wolfgang Van Halen. El festival [&hellip;]\" \/>\n<meta property=\"og:url\" content=\"https:\/\/www.oidossucios.com\/site\/david-lee-roth-y-van-halen-de-nuevo-juntos-en-un-escenario\/\" \/>\n<meta property=\"og:site_name\" content=\"OidosSucios.Com\" \/>\n<meta property=\"article:published_time\" content=\"2011-05-13T14:19:00+00:00\" \/>\n<meta property=\"og:image\" content=\"https:\/\/www.oidossucios.com\/site\/wp-content\/uploads\/2011\/05\/3477.jpg\" \/>\n\t<meta property=\"og:image:width\" content=\"350\" \/>\n\t<meta property=\"og:image:height\" content=\"300\" \/>\n<meta name=\"twitter:card\" content=\"summary_large_image\" \/>\n<meta name=\"twitter:creator\" content=\"@oidossucios\" \/>\n<script type=\"application\/ld+json\" class=\"yoast-schema-graph\">{\"@context\":\"https:\/\/schema.org\",\"@graph\":[{\"@type\":\"WebSite\",\"@id\":\"https:\/\/www.oidossucios.com\/site\/#website\",\"url\":\"https:\/\/www.oidossucios.com\/site\/\",\"name\":\"OidosSucios.Com\",\"description\":\"M\\u00fasica, conciertos, discos\",\"potentialAction\":[{\"@type\":\"SearchAction\",\"target\":\"https:\/\/www.oidossucios.com\/site\/?s={search_term_string}\",\"query-input\":\"required name=search_term_string\"}],\"inLanguage\":\"es\"},{\"@type\":\"ImageObject\",\"@id\":\"https:\/\/www.oidossucios.com\/site\/david-lee-roth-y-van-halen-de-nuevo-juntos-en-un-escenario\/#primaryimage\",\"inLanguage\":\"es\",\"url\":\"https:\/\/www.oidossucios.com\/site\/wp-content\/uploads\/2011\/05\/3477.jpg\",\"width\":350,\"height\":300},{\"@type\":\"WebPage\",\"@id\":\"https:\/\/www.oidossucios.com\/site\/david-lee-roth-y-van-halen-de-nuevo-juntos-en-un-escenario\/#webpage\",\"url\":\"https:\/\/www.oidossucios.com\/site\/david-lee-roth-y-van-halen-de-nuevo-juntos-en-un-escenario\/\",\"name\":\"David Lee Roth y Van Halen de nuevo juntos en un escenario - OidosSucios.Com\",\"isPartOf\":{\"@id\":\"https:\/\/www.oidossucios.com\/site\/#website\"},\"primaryImageOfPage\":{\"@id\":\"https:\/\/www.oidossucios.com\/site\/david-lee-roth-y-van-halen-de-nuevo-juntos-en-un-escenario\/#primaryimage\"},\"datePublished\":\"2011-05-13T14:19:00+00:00\",\"dateModified\":\"2011-05-13T14:19:00+00:00\",\"author\":{\"@id\":\"https:\/\/www.oidossucios.com\/site\/#\/schema\/person\/24559eeb76bf83a63296fb072393a688\"},\"inLanguage\":\"es\",\"potentialAction\":[{\"@type\":\"ReadAction\",\"target\":[\"https:\/\/www.oidossucios.com\/site\/david-lee-roth-y-van-halen-de-nuevo-juntos-en-un-escenario\/\"]}]},{\"@type\":[\"Person\"],\"@id\":\"https:\/\/www.oidossucios.com\/site\/#\/schema\/person\/24559eeb76bf83a63296fb072393a688\",\"name\":\"Oidossucios\",\"image\":{\"@type\":\"ImageObject\",\"@id\":\"https:\/\/www.oidossucios.com\/site\/#personlogo\",\"inLanguage\":\"es\",\"url\":\"https:\/\/secure.gravatar.com\/avatar\/74fcb480f42f1a33e50a0b6e6369a3f907be2e43dc84fa5f76c66e9c22b4a5ab?s=96&d=mm&r=g\",\"caption\":\"Oidossucios\"},\"sameAs\":[\"https:\/\/twitter.com\/oidossucios\"]}]}<\/script>\n<!-- \/ Yoast SEO plugin. -->","jetpack_sharing_enabled":true,"_links":{"self":[{"href":"https:\/\/www.oidossucios.com\/site\/wp-json\/wp\/v2\/posts\/3477","targetHints":{"allow":["GET"]}}],"collection":[{"href":"https:\/\/www.oidossucios.com\/site\/wp-json\/wp\/v2\/posts"}],"about":[{"href":"https:\/\/www.oidossucios.com\/site\/wp-json\/wp\/v2\/types\/post"}],"author":[{"embeddable":true,"href":"https:\/\/www.oidossucios.com\/site\/wp-json\/wp\/v2\/users\/4"}],"replies":[{"embeddable":true,"href":"https:\/\/www.oidossucios.com\/site\/wp-json\/wp\/v2\/comments?post=3477"}],"version-history":[{"count":0,"href":"https:\/\/www.oidossucios.com\/site\/wp-json\/wp\/v2\/posts\/3477\/revisions"}],"wp:featuredmedia":[{"embeddable":true,"href":"https:\/\/www.oidossucios.com\/site\/wp-json\/wp\/v2\/media\/100003477"}],"wp:attachment":[{"href":"https:\/\/www.oidossucios.com\/site\/wp-json\/wp\/v2\/media?parent=3477"}],"wp:term":[{"taxonomy":"category","embeddable":true,"href":"https:\/\/www.oidossucios.com\/site\/wp-json\/wp\/v2\/categories?post=3477"},{"taxonomy":"post_tag","embeddable":true,"href":"https:\/\/www.oidossucios.com\/site\/wp-json\/wp\/v2\/tags?post=3477"}],"curies":[{"name":"wp","href":"https:\/\/api.w.org\/{rel}","templated":true}]}}