{"id":3483,"date":"2011-05-15T16:22:22","date_gmt":"2011-05-15T16:22:22","guid":{"rendered":"https:\/\/www.oidossucios.com\/site\/2011\/05\/15\/hoy-se-cumple-un-ano-de-peso-en-el-alma-dijo-la-mama-de-cerati\/"},"modified":"2011-05-15T16:22:22","modified_gmt":"2011-05-15T16:22:22","slug":"hoy-se-cumple-un-ano-de-peso-en-el-alma-dijo-la-mama-de-cerati","status":"publish","type":"post","link":"https:\/\/www.oidossucios.com\/site\/hoy-se-cumple-un-ano-de-peso-en-el-alma-dijo-la-mama-de-cerati\/","title":{"rendered":"&#8220;Hoy se cumple un a\u00f1o de peso en el alma&#8221;, dijo la mam\u00e1 de Cerati"},"content":{"rendered":"<p>Tomado de <a href=\"http:\/\/www.lanacion.com.ar\/1373540-hay-sintomas-que-nos-dan-esperanza-dijo-la-madre-de-cerati-a-un-ano-del-acv\">La Naci\u00f3n<\/a><\/p>\n<div><span class=\"Apple-style-span\" style=\"color: rgb(17, 17, 17); font-family: Arial, sans-serif; font-size: 14px; line-height: 20px; \"><br \/><\/span><\/div>\n<div><span class=\"Apple-style-span\" style=\"color: rgb(17, 17, 17); font-family: Arial, sans-serif; font-size: 14px; line-height: 20px; \">La madre de Gustavo Cerati expres\u00f3 que hoy se cumple &#8220;un a\u00f1o de peso en el alma&#8221;, aunque asegur\u00f3 que no pierde las esperanzas de que Gustavo &#8220;se despierte alg\u00fan d\u00eda&#8221; y les hable a todos los que lo visitan a diario.<\/span><\/p>\n<div><span class=\"Apple-style-span\" style=\"color: rgb(51, 51, 51); font-family: Arial, sans-serif; font-size: 14px; line-height: 20px; \"><\/p>\n<p style=\"margin-top: 15px; margin-right: 0px; margin-bottom: 0px; margin-left: 0px; padding-top: 0px; padding-right: 0px; padding-bottom: 0px; padding-left: 0px; border-top-width: 0px; border-right-width: 0px; border-bottom-width: 0px; border-left-width: 0px; border-style: initial; border-color: initial; outline-width: 0px; outline-style: initial; outline-color: initial; font-weight: normal; font-style: inherit; font-size: 14px; font-family: Arial, sans-serif; vertical-align: baseline; color: rgb(17, 17, 17); \">Deseosa por &#8220;reencontrarse&#8221; con su hijo, Lilian Clark agradeci\u00f3 las muestras constantes de cari\u00f1o de los fans. Dijo estar conmovida por el apoyo incondicional de la gente que se acerca a la cl\u00ednica para manifestarle afecto al m\u00fasico, internado hace un a\u00f1o&nbsp;<b><a href=\"http:\/\/www.lanacion.com.ar\/1266016-gustavo-cerati-sufrio-un-ataque-cerebral\" target=\"_blank\" style=\"margin-top: 0px; margin-right: 0px; margin-bottom: 0px; margin-left: 0px; padding-top: 0px; padding-right: 0px; padding-bottom: 0px; padding-left: 0px; border-top-width: 0px; border-right-width: 0px; border-bottom-width: 0px; border-left-width: 0px; border-style: initial; border-color: initial; outline-width: 0px; outline-style: initial; outline-color: initial; font-weight: inherit; font-style: inherit; font-size: 14px; font-family: inherit; vertical-align: baseline; color: rgb(51, 85, 119) !important; text-decoration: none; \" rel=\"noopener noreferrer\">tras sufrir un accidente cerebro vascular en Venezuela<\/a><\/b>&nbsp;durante su \u00faltima gira.<\/p>\n<p style=\"margin-top: 15px; margin-right: 0px; margin-bottom: 0px; margin-left: 0px; padding-top: 0px; padding-right: 0px; padding-bottom: 0px; padding-left: 0px; border-top-width: 0px; border-right-width: 0px; border-bottom-width: 0px; border-left-width: 0px; border-style: initial; border-color: initial; outline-width: 0px; outline-style: initial; outline-color: initial; font-weight: normal; font-style: inherit; font-size: 14px; font-family: Arial, sans-serif; vertical-align: baseline; color: rgb(17, 17, 17); \">La mujer asegur\u00f3 que Gustavo &#8220;est\u00e1 hermoso&#8221; y que &#8220;se lo ve muy bien y fuerte&#8221;, pese a la cantidad de d\u00edas que lleva en cama. Coment\u00f3, adem\u00e1s, que su hijo &#8220;escucha&#8221; y que sus pulsaciones suben cuando recibe la visita de artistas como Mollo, Spinetta y Fito P\u00e1ez que se acercan para cantarle. &#8220;Cuando lo sientan y le ponen la guitarra en la mano, se retuerce y se da cuenta&#8221;, cont\u00f3 esta ma\u00f1ana durante una entrevista con Radio Mitre.<\/p>\n<p style=\"margin-top: 15px; margin-right: 0px; margin-bottom: 0px; margin-left: 0px; padding-top: 0px; padding-right: 0px; padding-bottom: 0px; padding-left: 0px; border-top-width: 0px; border-right-width: 0px; border-bottom-width: 0px; border-left-width: 0px; border-style: initial; border-color: initial; outline-width: 0px; outline-style: initial; outline-color: initial; font-weight: normal; font-style: inherit; font-size: 14px; font-family: Arial, sans-serif; vertical-align: baseline; color: rgb(17, 17, 17); \">Su lucha, al igual que la de Gustavo, es diaria. Y extensa. Afirma que esas peque\u00f1as se\u00f1ales &#8220;le dan esperanza&#8221;, aunque los m\u00e9dicos se muestran muy cautos a la hora de brindar pron\u00f3sticos. &#8220;Hoy no s\u00e9 si son 365 d\u00edas o 365 a\u00f1os&#8221;, confes\u00f3, dejando entrever la angustia que lleva por dentro, m\u00e1s all\u00e1 de su vitalidad al hablar sobre su hijo y su largo proceso.<\/p>\n<p style=\"margin-top: 15px; margin-right: 0px; margin-bottom: 0px; margin-left: 0px; padding-top: 0px; padding-right: 0px; padding-bottom: 0px; padding-left: 0px; border-top-width: 0px; border-right-width: 0px; border-bottom-width: 0px; border-left-width: 0px; border-style: initial; border-color: initial; outline-width: 0px; outline-style: initial; outline-color: initial; font-weight: normal; font-style: inherit; font-size: 14px; font-family: Arial, sans-serif; vertical-align: baseline; color: rgb(17, 17, 17); \">Un mensaje similar dej\u00f3 en&nbsp;<b><a href=\"http:\/\/www.twitter.com\/CharlyAlberti\" target=\"_blank\" style=\"margin-top: 0px; margin-right: 0px; margin-bottom: 0px; margin-left: 0px; padding-top: 0px; padding-right: 0px; padding-bottom: 0px; padding-left: 0px; border-top-width: 0px; border-right-width: 0px; border-bottom-width: 0px; border-left-width: 0px; border-style: initial; border-color: initial; outline-width: 0px; outline-style: initial; outline-color: initial; font-weight: inherit; font-style: inherit; font-size: 14px; font-family: inherit; vertical-align: baseline; color: rgb(51, 85, 119) !important; text-decoration: none; \" rel=\"noopener noreferrer\">Twitter<\/a><\/b>&nbsp;su amigo y ex compa\u00f1ero de Soda Stereo, Charly Alberti. &#8220;Todos los d\u00edas es un a\u00f1o&#8221;, expres\u00f3 al recordar el accidente que sufri\u00f3 Gustavo.<\/p>\n<p style=\"margin-top: 15px; margin-right: 0px; margin-bottom: 0px; margin-left: 0px; padding-top: 0px; padding-right: 0px; padding-bottom: 0px; padding-left: 0px; border-top-width: 0px; border-right-width: 0px; border-bottom-width: 0px; border-left-width: 0px; border-style: initial; border-color: initial; outline-width: 0px; outline-style: initial; outline-color: initial; font-weight: normal; font-style: inherit; font-size: 14px; font-family: Arial, sans-serif; vertical-align: baseline; color: rgb(17, 17, 17); \"><b>Los fans dicen presente.&nbsp;<\/b>Grupos de seguidores y familiares de Cerati realizar\u00e1n distintos actos y homenajes para recordar al m\u00fasico. A las 15, algunos participar\u00e1n de una misa que se oficiar\u00e1 en la puerta de la cl\u00ednica donde permanece internado. Otros fans formar\u00e1n parte de la &#8220;juntada N\u00b019&#8221; en nombre del &#8220;querido Gustavo&#8221; en el Planetario.<\/p>\n<p><\/span><\/div>\n<\/div>\n","protected":false},"excerpt":{"rendered":"<p>Lilian Clark asegur\u00f3 que no pierde las esperanzas de que Gustavo &#8220;se despierte alg\u00fan d\u00eda y les hable a todos&#8221;; el m\u00fasico sigue internado tras sufrir un ACV en Venezuela<\/p>\n","protected":false},"author":4,"featured_media":0,"comment_status":"open","ping_status":"open","sticky":false,"template":"","format":"standard","meta":{"_jetpack_memberships_contains_paid_content":false,"footnotes":""},"categories":[142],"tags":[],"class_list":["post-3483","post","type-post","status-publish","format-standard","hentry","category-buzznews"],"jetpack_featured_media_url":"","yoast_head":"<!-- This site is optimized with the Yoast SEO plugin v14.0.4 - https:\/\/yoast.com\/wordpress\/plugins\/seo\/ -->\n<title>&quot;Hoy se cumple un a\u00f1o de peso en el alma&quot;, dijo la mam\u00e1 de Cerati - OidosSucios.Com<\/title>\n<meta name=\"description\" content=\"Lilian Clark asegur\u00f3 que no pierde las esperanzas de que Gustavo &quot;se despierte alg\u00fan d\u00eda y les hable a todos&quot;; el m\u00fasico sigue internado tras sufrir un ACV en Venezuela\" \/>\n<meta name=\"robots\" content=\"index, follow\" \/>\n<meta name=\"googlebot\" content=\"index, follow, max-snippet:-1, max-image-preview:large, max-video-preview:-1\" \/>\n<meta name=\"bingbot\" content=\"index, follow, max-snippet:-1, max-image-preview:large, max-video-preview:-1\" \/>\n<link rel=\"canonical\" href=\"https:\/\/www.oidossucios.com\/site\/hoy-se-cumple-un-ano-de-peso-en-el-alma-dijo-la-mama-de-cerati\/\" \/>\n<meta property=\"og:locale\" content=\"es_ES\" \/>\n<meta property=\"og:type\" content=\"article\" \/>\n<meta property=\"og:title\" content=\"&quot;Hoy se cumple un a\u00f1o de peso en el alma&quot;, dijo la mam\u00e1 de Cerati - OidosSucios.Com\" \/>\n<meta property=\"og:description\" content=\"Lilian Clark asegur\u00f3 que no pierde las esperanzas de que Gustavo &quot;se despierte alg\u00fan d\u00eda y les hable a todos&quot;; el m\u00fasico sigue internado tras sufrir un ACV en Venezuela\" \/>\n<meta property=\"og:url\" content=\"https:\/\/www.oidossucios.com\/site\/hoy-se-cumple-un-ano-de-peso-en-el-alma-dijo-la-mama-de-cerati\/\" \/>\n<meta property=\"og:site_name\" content=\"OidosSucios.Com\" \/>\n<meta property=\"article:published_time\" content=\"2011-05-15T16:22:22+00:00\" \/>\n<meta name=\"twitter:card\" content=\"summary_large_image\" \/>\n<meta name=\"twitter:creator\" content=\"@oidossucios\" \/>\n<script type=\"application\/ld+json\" class=\"yoast-schema-graph\">{\"@context\":\"https:\/\/schema.org\",\"@graph\":[{\"@type\":\"WebSite\",\"@id\":\"https:\/\/www.oidossucios.com\/site\/#website\",\"url\":\"https:\/\/www.oidossucios.com\/site\/\",\"name\":\"OidosSucios.Com\",\"description\":\"M\\u00fasica, conciertos, discos\",\"potentialAction\":[{\"@type\":\"SearchAction\",\"target\":\"https:\/\/www.oidossucios.com\/site\/?s={search_term_string}\",\"query-input\":\"required name=search_term_string\"}],\"inLanguage\":\"es\"},{\"@type\":\"WebPage\",\"@id\":\"https:\/\/www.oidossucios.com\/site\/hoy-se-cumple-un-ano-de-peso-en-el-alma-dijo-la-mama-de-cerati\/#webpage\",\"url\":\"https:\/\/www.oidossucios.com\/site\/hoy-se-cumple-un-ano-de-peso-en-el-alma-dijo-la-mama-de-cerati\/\",\"name\":\"\\\"Hoy se cumple un a\\u00f1o de peso en el alma\\\", dijo la mam\\u00e1 de Cerati - OidosSucios.Com\",\"isPartOf\":{\"@id\":\"https:\/\/www.oidossucios.com\/site\/#website\"},\"datePublished\":\"2011-05-15T16:22:22+00:00\",\"dateModified\":\"2011-05-15T16:22:22+00:00\",\"author\":{\"@id\":\"https:\/\/www.oidossucios.com\/site\/#\/schema\/person\/24559eeb76bf83a63296fb072393a688\"},\"description\":\"Lilian Clark asegur\\u00f3 que no pierde las esperanzas de que Gustavo \\\"se despierte alg\\u00fan d\\u00eda y les hable a todos\\\"; el m\\u00fasico sigue internado tras sufrir un ACV en Venezuela\",\"inLanguage\":\"es\",\"potentialAction\":[{\"@type\":\"ReadAction\",\"target\":[\"https:\/\/www.oidossucios.com\/site\/hoy-se-cumple-un-ano-de-peso-en-el-alma-dijo-la-mama-de-cerati\/\"]}]},{\"@type\":[\"Person\"],\"@id\":\"https:\/\/www.oidossucios.com\/site\/#\/schema\/person\/24559eeb76bf83a63296fb072393a688\",\"name\":\"Oidossucios\",\"image\":{\"@type\":\"ImageObject\",\"@id\":\"https:\/\/www.oidossucios.com\/site\/#personlogo\",\"inLanguage\":\"es\",\"url\":\"https:\/\/secure.gravatar.com\/avatar\/74fcb480f42f1a33e50a0b6e6369a3f907be2e43dc84fa5f76c66e9c22b4a5ab?s=96&d=mm&r=g\",\"caption\":\"Oidossucios\"},\"sameAs\":[\"https:\/\/twitter.com\/oidossucios\"]}]}<\/script>\n<!-- \/ Yoast SEO plugin. -->","jetpack_sharing_enabled":true,"_links":{"self":[{"href":"https:\/\/www.oidossucios.com\/site\/wp-json\/wp\/v2\/posts\/3483","targetHints":{"allow":["GET"]}}],"collection":[{"href":"https:\/\/www.oidossucios.com\/site\/wp-json\/wp\/v2\/posts"}],"about":[{"href":"https:\/\/www.oidossucios.com\/site\/wp-json\/wp\/v2\/types\/post"}],"author":[{"embeddable":true,"href":"https:\/\/www.oidossucios.com\/site\/wp-json\/wp\/v2\/users\/4"}],"replies":[{"embeddable":true,"href":"https:\/\/www.oidossucios.com\/site\/wp-json\/wp\/v2\/comments?post=3483"}],"version-history":[{"count":0,"href":"https:\/\/www.oidossucios.com\/site\/wp-json\/wp\/v2\/posts\/3483\/revisions"}],"wp:attachment":[{"href":"https:\/\/www.oidossucios.com\/site\/wp-json\/wp\/v2\/media?parent=3483"}],"wp:term":[{"taxonomy":"category","embeddable":true,"href":"https:\/\/www.oidossucios.com\/site\/wp-json\/wp\/v2\/categories?post=3483"},{"taxonomy":"post_tag","embeddable":true,"href":"https:\/\/www.oidossucios.com\/site\/wp-json\/wp\/v2\/tags?post=3483"}],"curies":[{"name":"wp","href":"https:\/\/api.w.org\/{rel}","templated":true}]}}