{"id":3489,"date":"2011-05-16T15:36:00","date_gmt":"2011-05-16T15:36:00","guid":{"rendered":"https:\/\/www.oidossucios.com\/site\/2011\/05\/16\/en-el-nombre-de-dio-a-un-ano-de-su-muerte\/"},"modified":"2011-05-16T15:36:00","modified_gmt":"2011-05-16T15:36:00","slug":"en-el-nombre-de-dio-a-un-ano-de-su-muerte","status":"publish","type":"post","link":"https:\/\/www.oidossucios.com\/site\/en-el-nombre-de-dio-a-un-ano-de-su-muerte\/","title":{"rendered":"En el nombre de Dio: a un a\u00f1o de su muerte"},"content":{"rendered":"\n<p><strong>Fuente: <\/strong><strong>www.rollingstone.com.ar<\/strong><strong> &#8211; Juan Ignacio Prov\u00e9ndola<\/strong><\/p>\n<p><b>&nbsp;<\/b><\/p>\n<p><b>A doce meses del fallecimiento del ex cantante de Rainbow y Black Sabbath, diversos homenajes pretenden honrar su memoria en forma de libro, disco tributo, banda itinerante e, incluso, estatua.<\/b><\/p>\n<p><b><br \/><\/b><\/p>\n<p>Discos, giras y planes varios tanto como solista y como junto a los Black Sabbath reconvertidos en Heaven and Hell por disposici\u00f3n legal de Ozzy y Sharon Osbourne. Una agenda intensa se detuvo por el brusco fin que un fulminante c\u00e1ncer de est\u00f3mago le tendi\u00f3 como redada fatal al enorme Dio, seud\u00f3nimo pagano que la misma muerte, sobre la que \u00e9l vers\u00f3 tantas veces, pretendi\u00f3 desafiar hace exactamente un a\u00f1o. Pero apenas difundido el nefasto comunicado que confirmaba la noticia aquel 16 de mayo de 2010, autom\u00e1ticamente, en efecto domin\u00f3, comenzaron a sucederse uno tras otro los homenajes, los recordatorios y las semblanzas que exhumaron hacia la vida la memoria del bueno de Ronnie James.<\/p>\n<p><\/p>\n<p>Lo de bueno no es capcioso, y Bruce Dickinson lo resumi\u00f3 mejor que nadie. &#8220;Era alguien que hubieses deseado conocer&#8221; dijo el cantante de Iron Maiden, no menos conmovido que Lemmy Kilmister, Rob Halford, Dave Mustaine, Vince Neil, Phil Anselmo o el mism\u00edsimo Ozzy Osbourne con el que manten\u00eda una enquistada animosidad de las \u00e9pocas&nbsp;<em>sabbathinas<\/em><i>&nbsp;<\/i>y que el propio Ozz dej\u00f3 de lado ofreciendo su colaboraci\u00f3n no bien se enter\u00f3 que Dio hab\u00eda comenzado sus sesiones de quimioterapia.<\/p>\n<p>&nbsp;<\/p>\n<p>No por nada, en el mismo reparto de capitales simb\u00f3licos heavys que a Ozzy lo tiene como El Padrino y a Rob Halford como El Dios, a Dio le correspondi\u00f3 el mote de Lord. Y no como un t\u00edtulo nobiliario de esos que se enchapan en oro la primera vez y juntan polvo por el resto de los d\u00edas, sino a fuerza de su buena costumbre de compartir generosamente, reconocer sin careteos y agradecer desde la m\u00e1s profunda sinceridad. No hace falta recurrir a los grandes libros para encontrar un argumento: nuestro Adri\u00e1n Barilari siempre cuenta con asombro aquella vez que Ronnie lo embosc\u00f3 en las bambalinas de un Obras compartido para preguntarle el significado de su versi\u00f3n en espa\u00f1ol de &#8220;Stargazer&#8221;. Pues bien, se\u00f1ores, si esto no es un caballero, entonces prendamos fuego Camelot y exijamos a viva voz las cabezas del Rey Arturo y todos sus cortesanos.<\/p>\n<p><\/p>\n<p>Lo cierto es que hoy, a un a\u00f1o gregoriano de aquella triste nueva, la memoria sigue tan vigente como todos y cada uno de los discos que grab\u00f3 (bajo su propia etiqueta, la de Rainbow o la de Black Sabbath) aquel peque\u00f1o sujeto nacido el 10 de julio de 1942 bajo el nombre de Ronald James Padavona y que hoy traen a cuento por obra de su creatividad, de su voluntad y de su admiraci\u00f3n, muchos de aquellos que compartieron un escenario, un estudio de grabaci\u00f3n o un encuentro en el \u00e1mbito que fuere.<\/p>\n<p><\/p>\n<p>Su esposa Wendy (la misma que discretamente le anticip\u00f3 el funesto desenlace a quienes Dio quer\u00eda despedir en vida) licenci\u00f3 la producci\u00f3n de un libro biogr\u00e1fico y comanda un disco tributo con una alineaci\u00f3n inspirada en el m\u00e1s selecto olimpo heavy. Lemmy, Halford, Glenn Hughes, Sebastian Bach, Alice Cooper, Dave Grohl, y Chris Jericho son algunos de los que confirmaron su presencia en un material que, junto a una subasta de objetos personales del propio Dio, pretende financiar Stand Up And Shout, una fundaci\u00f3n de lucha contra el c\u00e1ncer. Arcas a las que, vale recordarlo, no quiso aportar Manowar (cuyos m\u00fasicos estuvieron vinculados desde distintos lugares a la gira presentaci\u00f3n de&nbsp;<em>Heaven and hel&#8221;<\/em><i>&nbsp;<\/i>, \u00f3pera prima de Dio en Sabbath) tras grabar&nbsp;<em>Magica, a Tribut to Ronnie James Dio.<\/em><\/p>\n<p>&nbsp;<\/p>\n<p>La banda que llevar\u00e1 este recuerdo a los escenarios estar\u00e1 compuesta por su \u00faltima formaci\u00f3n solista (es decir, el guitarrista Craig Coldie, el bajista Rudy Sarzo, el tecladista Scott Warren y el baterista Simon Wright), m\u00e1s el ex Judas Priest Tim &#8220;Ripper&#8221; Owens. Por su cuenta, Van Halen sum\u00f3 su poroto a la causa difundiendo una versi\u00f3n en vivo de &#8220;Man of the silver mountain&#8221; de Rainbow que el grupo interpret\u00f3 en 1976.<\/p>\n<p><\/p>\n<p>Mientras tanto, en la ciudad b\u00falgara de Kayarna, el ayuntamiento local ya realiz\u00f3 el molde de yeso de una estatua de 1,5 metros que ocupar\u00e1 el sitio preferencial del &#8220;Walk of Rock&#8221; construido sobre la plaza central. La efigie ser\u00e1 revestida con piedras del Mar Muerto sobre el que linda esa localidad desde la que Dio, alguna vez, fogone\u00f3 una campa\u00f1a por la liberaci\u00f3n de unas enfermeras b\u00falgaras encarceladas en Libia.<\/p>\n<p><\/p>\n<p>Como polos que se atraen en el rechazo, el recuerdo combate al olvido, y qu\u00e9 mejor burla que \u00e9sta a la muerte de qui\u00e9n populariz\u00f3 el tradicional gesto de los cuernitos, inspirado en el adem\u00e1n que su abuela italiana invocaba cada vez que quer\u00eda barrer un mal de ojos&#8230;<\/p>\n<p>&nbsp;<\/p>\n<p><iframe loading=\"lazy\" width=\"480\" height=\"390\" frameborder=\"0\" allowfullscreen=\"\" src=\"http:\/\/www.youtube.com\/embed\/64coD-rx9sk\"><\/iframe><\/p>\n<p>&nbsp;<\/p>\n","protected":false},"excerpt":{"rendered":"<p>Fuente: www.rollingstone.com.ar &#8211; Juan Ignacio Prov\u00e9ndola &nbsp; A doce meses del fallecimiento del ex cantante de Rainbow y Black Sabbath, diversos homenajes pretenden honrar su memoria en forma de libro, disco tributo, banda itinerante e, incluso, estatua. Discos, giras y planes varios tanto como solista y como junto a los Black Sabbath reconvertidos en Heaven [&hellip;]<\/p>\n","protected":false},"author":4,"featured_media":100003488,"comment_status":"open","ping_status":"open","sticky":false,"template":"","format":"standard","meta":{"_jetpack_memberships_contains_paid_content":false,"footnotes":""},"categories":[142],"tags":[],"class_list":["post-3489","post","type-post","status-publish","format-standard","has-post-thumbnail","hentry","category-buzznews"],"jetpack_featured_media_url":"https:\/\/www.oidossucios.com\/site\/wp-content\/uploads\/2011\/05\/3488.jpg","yoast_head":"<!-- This site is optimized with the Yoast SEO plugin v14.0.4 - https:\/\/yoast.com\/wordpress\/plugins\/seo\/ -->\n<title>En el nombre de Dio: a un a\u00f1o de su muerte - OidosSucios.Com<\/title>\n<meta name=\"robots\" content=\"index, follow\" \/>\n<meta name=\"googlebot\" content=\"index, follow, max-snippet:-1, max-image-preview:large, max-video-preview:-1\" \/>\n<meta name=\"bingbot\" content=\"index, follow, max-snippet:-1, max-image-preview:large, max-video-preview:-1\" \/>\n<link rel=\"canonical\" href=\"https:\/\/www.oidossucios.com\/site\/en-el-nombre-de-dio-a-un-ano-de-su-muerte\/\" \/>\n<meta property=\"og:locale\" content=\"es_ES\" \/>\n<meta property=\"og:type\" content=\"article\" \/>\n<meta property=\"og:title\" content=\"En el nombre de Dio: a un a\u00f1o de su muerte - OidosSucios.Com\" \/>\n<meta property=\"og:description\" content=\"Fuente: www.rollingstone.com.ar &#8211; Juan Ignacio Prov\u00e9ndola &nbsp; A doce meses del fallecimiento del ex cantante de Rainbow y Black Sabbath, diversos homenajes pretenden honrar su memoria en forma de libro, disco tributo, banda itinerante e, incluso, estatua. Discos, giras y planes varios tanto como solista y como junto a los Black Sabbath reconvertidos en Heaven [&hellip;]\" \/>\n<meta property=\"og:url\" content=\"https:\/\/www.oidossucios.com\/site\/en-el-nombre-de-dio-a-un-ano-de-su-muerte\/\" \/>\n<meta property=\"og:site_name\" content=\"OidosSucios.Com\" \/>\n<meta property=\"article:published_time\" content=\"2011-05-16T15:36:00+00:00\" \/>\n<meta property=\"og:image\" content=\"https:\/\/www.oidossucios.com\/site\/wp-content\/uploads\/2011\/05\/3488.jpg\" \/>\n\t<meta property=\"og:image:width\" content=\"350\" \/>\n\t<meta property=\"og:image:height\" content=\"300\" \/>\n<meta name=\"twitter:card\" content=\"summary_large_image\" \/>\n<meta name=\"twitter:creator\" content=\"@oidossucios\" \/>\n<script type=\"application\/ld+json\" class=\"yoast-schema-graph\">{\"@context\":\"https:\/\/schema.org\",\"@graph\":[{\"@type\":\"WebSite\",\"@id\":\"https:\/\/www.oidossucios.com\/site\/#website\",\"url\":\"https:\/\/www.oidossucios.com\/site\/\",\"name\":\"OidosSucios.Com\",\"description\":\"M\\u00fasica, conciertos, discos\",\"potentialAction\":[{\"@type\":\"SearchAction\",\"target\":\"https:\/\/www.oidossucios.com\/site\/?s={search_term_string}\",\"query-input\":\"required name=search_term_string\"}],\"inLanguage\":\"es\"},{\"@type\":\"ImageObject\",\"@id\":\"https:\/\/www.oidossucios.com\/site\/en-el-nombre-de-dio-a-un-ano-de-su-muerte\/#primaryimage\",\"inLanguage\":\"es\",\"url\":\"https:\/\/www.oidossucios.com\/site\/wp-content\/uploads\/2011\/05\/3488.jpg\",\"width\":350,\"height\":300},{\"@type\":\"WebPage\",\"@id\":\"https:\/\/www.oidossucios.com\/site\/en-el-nombre-de-dio-a-un-ano-de-su-muerte\/#webpage\",\"url\":\"https:\/\/www.oidossucios.com\/site\/en-el-nombre-de-dio-a-un-ano-de-su-muerte\/\",\"name\":\"En el nombre de Dio: a un a\\u00f1o de su muerte - OidosSucios.Com\",\"isPartOf\":{\"@id\":\"https:\/\/www.oidossucios.com\/site\/#website\"},\"primaryImageOfPage\":{\"@id\":\"https:\/\/www.oidossucios.com\/site\/en-el-nombre-de-dio-a-un-ano-de-su-muerte\/#primaryimage\"},\"datePublished\":\"2011-05-16T15:36:00+00:00\",\"dateModified\":\"2011-05-16T15:36:00+00:00\",\"author\":{\"@id\":\"https:\/\/www.oidossucios.com\/site\/#\/schema\/person\/24559eeb76bf83a63296fb072393a688\"},\"inLanguage\":\"es\",\"potentialAction\":[{\"@type\":\"ReadAction\",\"target\":[\"https:\/\/www.oidossucios.com\/site\/en-el-nombre-de-dio-a-un-ano-de-su-muerte\/\"]}]},{\"@type\":[\"Person\"],\"@id\":\"https:\/\/www.oidossucios.com\/site\/#\/schema\/person\/24559eeb76bf83a63296fb072393a688\",\"name\":\"Oidossucios\",\"image\":{\"@type\":\"ImageObject\",\"@id\":\"https:\/\/www.oidossucios.com\/site\/#personlogo\",\"inLanguage\":\"es\",\"url\":\"https:\/\/secure.gravatar.com\/avatar\/74fcb480f42f1a33e50a0b6e6369a3f907be2e43dc84fa5f76c66e9c22b4a5ab?s=96&d=mm&r=g\",\"caption\":\"Oidossucios\"},\"sameAs\":[\"https:\/\/twitter.com\/oidossucios\"]}]}<\/script>\n<!-- \/ Yoast SEO plugin. -->","jetpack_sharing_enabled":true,"_links":{"self":[{"href":"https:\/\/www.oidossucios.com\/site\/wp-json\/wp\/v2\/posts\/3489","targetHints":{"allow":["GET"]}}],"collection":[{"href":"https:\/\/www.oidossucios.com\/site\/wp-json\/wp\/v2\/posts"}],"about":[{"href":"https:\/\/www.oidossucios.com\/site\/wp-json\/wp\/v2\/types\/post"}],"author":[{"embeddable":true,"href":"https:\/\/www.oidossucios.com\/site\/wp-json\/wp\/v2\/users\/4"}],"replies":[{"embeddable":true,"href":"https:\/\/www.oidossucios.com\/site\/wp-json\/wp\/v2\/comments?post=3489"}],"version-history":[{"count":0,"href":"https:\/\/www.oidossucios.com\/site\/wp-json\/wp\/v2\/posts\/3489\/revisions"}],"wp:featuredmedia":[{"embeddable":true,"href":"https:\/\/www.oidossucios.com\/site\/wp-json\/wp\/v2\/media\/100003488"}],"wp:attachment":[{"href":"https:\/\/www.oidossucios.com\/site\/wp-json\/wp\/v2\/media?parent=3489"}],"wp:term":[{"taxonomy":"category","embeddable":true,"href":"https:\/\/www.oidossucios.com\/site\/wp-json\/wp\/v2\/categories?post=3489"},{"taxonomy":"post_tag","embeddable":true,"href":"https:\/\/www.oidossucios.com\/site\/wp-json\/wp\/v2\/tags?post=3489"}],"curies":[{"name":"wp","href":"https:\/\/api.w.org\/{rel}","templated":true}]}}