{"id":3500,"date":"2011-05-17T14:45:00","date_gmt":"2011-05-17T14:45:00","guid":{"rendered":"https:\/\/www.oidossucios.com\/site\/2011\/05\/17\/the-strokes-queens-of-the-stone-age-y-mas-en-el-mega-festival-de-pearl-jam-por-su-20-aniversario\/"},"modified":"2011-05-17T14:45:00","modified_gmt":"2011-05-17T14:45:00","slug":"the-strokes-queens-of-the-stone-age-y-mas-en-el-mega-festival-de-pearl-jam-por-su-20-aniversario","status":"publish","type":"post","link":"https:\/\/www.oidossucios.com\/site\/the-strokes-queens-of-the-stone-age-y-mas-en-el-mega-festival-de-pearl-jam-por-su-20-aniversario\/","title":{"rendered":"The Strokes, Queens of the Stone Age y m\u00e1s en el mega festival de Pearl Jam por su 20 aniversario"},"content":{"rendered":"\n<p><strong>Pearl Jam<\/strong>&nbsp;ha anunciado los&nbsp;<strong>detalles del concierto de celebraci\u00f3n de su 20 aniversario.<\/strong>&nbsp;<\/p>\n<p>&nbsp;<\/p>\n<p>La banda ser\u00e1 cabeza de cartel de su propio festival,&nbsp;<strong>Labor Day<\/strong><strong>,<\/strong>&nbsp;que se celebrar\u00e1 el primer fin de semana de septiembre (d\u00edas 3 y 4) en el teatro musical Alpine Valley, en East Troy (Wisconsin). El resto de los nombres que componen el cartel son <strong>The Strokes, Queens of the Stone Age, Mudhoney, Joseph Arthur, Liam Finn, Glen Hansard y John Foe (X).<\/strong><\/p>\n<p><strong>&nbsp;<\/strong><\/p>\n<p>Las entradas para el evento saldr\u00e1n a la venta el 23 de mayo para el club de fans de Pearl Jam, y el 4 de junio para el p\u00fablico en general. La banda ha garantizado que donar\u00e1n dos d\u00f3lares de cada entrada a Vitalogy, su propia fundaci\u00f3n, que a su vez&nbsp;<strong>reparte fondos entre distintas ONG<\/strong>&nbsp;seleccionadas por los m\u00fasicos.<\/p>\n<p>&nbsp;<\/p>\n<p>Despu\u00e9s del festival-aniversario, Pearl Jam se ir\u00e1 de gira por Canad\u00e1. La fiesta por su 20 cumplea\u00f1os incluir\u00e1 tambi\u00e9n un documental retrospectivo de la banda realizado por&nbsp;<strong>Cameron Crowe,<\/strong>&nbsp;<strong><i>Pearl Jam Twenty,<\/i><\/strong>&nbsp;que ser\u00e1 lanzado junto a un libro sobre el filme y un disco con su banda sonora. La pel\u00edcula<i>&nbsp;<\/i><i>Pearl Jam Twenty&nbsp;<\/i>se estrenar\u00e1 el&nbsp;<strong>21 de octubre en la televisi\u00f3n p\u00fablica estadounidense,<\/strong>&nbsp;en el programa de celebridades <i>American Masters.<\/i><\/p>\n<p>&nbsp;<\/p>\n<p>Fuente: www.rollingstone.es<\/p>\n","protected":false},"excerpt":{"rendered":"<p>Pearl Jam&nbsp;ha anunciado los&nbsp;detalles del concierto de celebraci\u00f3n de su 20 aniversario.&nbsp; &nbsp; La banda ser\u00e1 cabeza de cartel de su propio festival,&nbsp;Labor Day,&nbsp;que se celebrar\u00e1 el primer fin de semana de septiembre (d\u00edas 3 y 4) en el teatro musical Alpine Valley, en East Troy (Wisconsin). El resto de los nombres que componen el [&hellip;]<\/p>\n","protected":false},"author":4,"featured_media":100003500,"comment_status":"open","ping_status":"open","sticky":false,"template":"","format":"standard","meta":{"_jetpack_memberships_contains_paid_content":false,"footnotes":""},"categories":[142],"tags":[],"class_list":["post-3500","post","type-post","status-publish","format-standard","has-post-thumbnail","hentry","category-buzznews"],"jetpack_featured_media_url":"https:\/\/www.oidossucios.com\/site\/wp-content\/uploads\/2011\/05\/3500.jpg","yoast_head":"<!-- This site is optimized with the Yoast SEO plugin v14.0.4 - https:\/\/yoast.com\/wordpress\/plugins\/seo\/ -->\n<title>The Strokes, Queens of the Stone Age y m\u00e1s en el mega festival de Pearl Jam por su 20 aniversario - OidosSucios.Com<\/title>\n<meta name=\"robots\" content=\"index, follow\" \/>\n<meta name=\"googlebot\" content=\"index, follow, max-snippet:-1, max-image-preview:large, max-video-preview:-1\" \/>\n<meta name=\"bingbot\" content=\"index, follow, max-snippet:-1, max-image-preview:large, max-video-preview:-1\" \/>\n<link rel=\"canonical\" href=\"https:\/\/www.oidossucios.com\/site\/the-strokes-queens-of-the-stone-age-y-mas-en-el-mega-festival-de-pearl-jam-por-su-20-aniversario\/\" \/>\n<meta property=\"og:locale\" content=\"es_ES\" \/>\n<meta property=\"og:type\" content=\"article\" \/>\n<meta property=\"og:title\" content=\"The Strokes, Queens of the Stone Age y m\u00e1s en el mega festival de Pearl Jam por su 20 aniversario - OidosSucios.Com\" \/>\n<meta property=\"og:description\" content=\"Pearl Jam&nbsp;ha anunciado los&nbsp;detalles del concierto de celebraci\u00f3n de su 20 aniversario.&nbsp; &nbsp; La banda ser\u00e1 cabeza de cartel de su propio festival,&nbsp;Labor Day,&nbsp;que se celebrar\u00e1 el primer fin de semana de septiembre (d\u00edas 3 y 4) en el teatro musical Alpine Valley, en East Troy (Wisconsin). El resto de los nombres que componen el [&hellip;]\" \/>\n<meta property=\"og:url\" content=\"https:\/\/www.oidossucios.com\/site\/the-strokes-queens-of-the-stone-age-y-mas-en-el-mega-festival-de-pearl-jam-por-su-20-aniversario\/\" \/>\n<meta property=\"og:site_name\" content=\"OidosSucios.Com\" \/>\n<meta property=\"article:published_time\" content=\"2011-05-17T14:45:00+00:00\" \/>\n<meta property=\"og:image\" content=\"https:\/\/www.oidossucios.com\/site\/wp-content\/uploads\/2011\/05\/3500.jpg\" \/>\n\t<meta property=\"og:image:width\" content=\"350\" \/>\n\t<meta property=\"og:image:height\" content=\"300\" \/>\n<meta name=\"twitter:card\" content=\"summary_large_image\" \/>\n<meta name=\"twitter:creator\" content=\"@oidossucios\" \/>\n<script type=\"application\/ld+json\" class=\"yoast-schema-graph\">{\"@context\":\"https:\/\/schema.org\",\"@graph\":[{\"@type\":\"WebSite\",\"@id\":\"https:\/\/www.oidossucios.com\/site\/#website\",\"url\":\"https:\/\/www.oidossucios.com\/site\/\",\"name\":\"OidosSucios.Com\",\"description\":\"M\\u00fasica, conciertos, discos\",\"potentialAction\":[{\"@type\":\"SearchAction\",\"target\":\"https:\/\/www.oidossucios.com\/site\/?s={search_term_string}\",\"query-input\":\"required name=search_term_string\"}],\"inLanguage\":\"es\"},{\"@type\":\"ImageObject\",\"@id\":\"https:\/\/www.oidossucios.com\/site\/the-strokes-queens-of-the-stone-age-y-mas-en-el-mega-festival-de-pearl-jam-por-su-20-aniversario\/#primaryimage\",\"inLanguage\":\"es\",\"url\":\"https:\/\/www.oidossucios.com\/site\/wp-content\/uploads\/2011\/05\/3500.jpg\",\"width\":350,\"height\":300},{\"@type\":\"WebPage\",\"@id\":\"https:\/\/www.oidossucios.com\/site\/the-strokes-queens-of-the-stone-age-y-mas-en-el-mega-festival-de-pearl-jam-por-su-20-aniversario\/#webpage\",\"url\":\"https:\/\/www.oidossucios.com\/site\/the-strokes-queens-of-the-stone-age-y-mas-en-el-mega-festival-de-pearl-jam-por-su-20-aniversario\/\",\"name\":\"The Strokes, Queens of the Stone Age y m\\u00e1s en el mega festival de Pearl Jam por su 20 aniversario - OidosSucios.Com\",\"isPartOf\":{\"@id\":\"https:\/\/www.oidossucios.com\/site\/#website\"},\"primaryImageOfPage\":{\"@id\":\"https:\/\/www.oidossucios.com\/site\/the-strokes-queens-of-the-stone-age-y-mas-en-el-mega-festival-de-pearl-jam-por-su-20-aniversario\/#primaryimage\"},\"datePublished\":\"2011-05-17T14:45:00+00:00\",\"dateModified\":\"2011-05-17T14:45:00+00:00\",\"author\":{\"@id\":\"https:\/\/www.oidossucios.com\/site\/#\/schema\/person\/24559eeb76bf83a63296fb072393a688\"},\"inLanguage\":\"es\",\"potentialAction\":[{\"@type\":\"ReadAction\",\"target\":[\"https:\/\/www.oidossucios.com\/site\/the-strokes-queens-of-the-stone-age-y-mas-en-el-mega-festival-de-pearl-jam-por-su-20-aniversario\/\"]}]},{\"@type\":[\"Person\"],\"@id\":\"https:\/\/www.oidossucios.com\/site\/#\/schema\/person\/24559eeb76bf83a63296fb072393a688\",\"name\":\"Oidossucios\",\"image\":{\"@type\":\"ImageObject\",\"@id\":\"https:\/\/www.oidossucios.com\/site\/#personlogo\",\"inLanguage\":\"es\",\"url\":\"https:\/\/secure.gravatar.com\/avatar\/74fcb480f42f1a33e50a0b6e6369a3f907be2e43dc84fa5f76c66e9c22b4a5ab?s=96&d=mm&r=g\",\"caption\":\"Oidossucios\"},\"sameAs\":[\"https:\/\/twitter.com\/oidossucios\"]}]}<\/script>\n<!-- \/ Yoast SEO plugin. -->","jetpack_sharing_enabled":true,"_links":{"self":[{"href":"https:\/\/www.oidossucios.com\/site\/wp-json\/wp\/v2\/posts\/3500","targetHints":{"allow":["GET"]}}],"collection":[{"href":"https:\/\/www.oidossucios.com\/site\/wp-json\/wp\/v2\/posts"}],"about":[{"href":"https:\/\/www.oidossucios.com\/site\/wp-json\/wp\/v2\/types\/post"}],"author":[{"embeddable":true,"href":"https:\/\/www.oidossucios.com\/site\/wp-json\/wp\/v2\/users\/4"}],"replies":[{"embeddable":true,"href":"https:\/\/www.oidossucios.com\/site\/wp-json\/wp\/v2\/comments?post=3500"}],"version-history":[{"count":0,"href":"https:\/\/www.oidossucios.com\/site\/wp-json\/wp\/v2\/posts\/3500\/revisions"}],"wp:featuredmedia":[{"embeddable":true,"href":"https:\/\/www.oidossucios.com\/site\/wp-json\/wp\/v2\/media\/100003500"}],"wp:attachment":[{"href":"https:\/\/www.oidossucios.com\/site\/wp-json\/wp\/v2\/media?parent=3500"}],"wp:term":[{"taxonomy":"category","embeddable":true,"href":"https:\/\/www.oidossucios.com\/site\/wp-json\/wp\/v2\/categories?post=3500"},{"taxonomy":"post_tag","embeddable":true,"href":"https:\/\/www.oidossucios.com\/site\/wp-json\/wp\/v2\/tags?post=3500"}],"curies":[{"name":"wp","href":"https:\/\/api.w.org\/{rel}","templated":true}]}}