{"id":3516,"date":"2011-05-19T15:00:00","date_gmt":"2011-05-19T15:00:00","guid":{"rendered":"https:\/\/www.oidossucios.com\/site\/2011\/05\/19\/pete-townshend-lanzara-su-libro-de-memorias-el-proximo-ano\/"},"modified":"2011-05-19T15:00:00","modified_gmt":"2011-05-19T15:00:00","slug":"pete-townshend-lanzara-su-libro-de-memorias-el-proximo-ano","status":"publish","type":"post","link":"https:\/\/www.oidossucios.com\/site\/pete-townshend-lanzara-su-libro-de-memorias-el-proximo-ano\/","title":{"rendered":"Pete Townshend lanzar\u00e1 su libro de memorias el pr\u00f3ximo a\u00f1o"},"content":{"rendered":"\n<p>Pete Townshend, miembro de The Who, lanzar\u00e1 un libro con sus memorias el pr\u00f3ximo a\u00f1o.&nbsp;<\/p>\n<p>El libro que llevar\u00e1 por nombre&nbsp;<i>Who He?<\/i>, ha estado en desarrollo por los \u00faltimos quince a\u00f1os y abordar\u00e1 el tema de la pornograf\u00eda infantil, asunto que origin\u00f3 que la polic\u00eda lo interrogara en 2003, cuando hac\u00eda la investigaci\u00f3n para el libro.&nbsp;<\/p>\n<p>En un comunicado dijo: &#8220;Creo que fui abusado sexualmente cuando ten\u00eda entre cinco y seis a\u00f1os y medio, cuando estaba al cuidado de mi abuela materna, quien sufr\u00eda de una enfermedad mental al momento. Algunas de las cosas que he visto en Internet aparecen en el libro&#8221;.&nbsp;<\/p>\n<p>&#8220;Si tengo alguna compulsi\u00f3n en esta \u00e1rea es el enfrentar lo que le est\u00e1 sucediendo hoy en d\u00eda a ni\u00f1os y j\u00f3venes en el mundo, e intentar lidiar abiertamente con mi enojo y deseo de venganza hacia las personas enfermas que encuentran la pornograf\u00eda infantil atractiva&#8221;, finaliz\u00f3.&nbsp;<\/p>\n<p>&nbsp;<\/p>\n<p>Fuente: www.rollingstone.com.mx<\/p>\n","protected":false},"excerpt":{"rendered":"<p>Pete Townshend, miembro de The Who, lanzar\u00e1 un libro con sus memorias el pr\u00f3ximo a\u00f1o.&nbsp; El libro que llevar\u00e1 por nombre&nbsp;Who He?, ha estado en desarrollo por los \u00faltimos quince a\u00f1os y abordar\u00e1 el tema de la pornograf\u00eda infantil, asunto que origin\u00f3 que la polic\u00eda lo interrogara en 2003, cuando hac\u00eda la investigaci\u00f3n para el [&hellip;]<\/p>\n","protected":false},"author":4,"featured_media":100003516,"comment_status":"open","ping_status":"open","sticky":false,"template":"","format":"standard","meta":{"_jetpack_memberships_contains_paid_content":false,"footnotes":""},"categories":[142],"tags":[],"class_list":["post-3516","post","type-post","status-publish","format-standard","has-post-thumbnail","hentry","category-buzznews"],"jetpack_featured_media_url":"https:\/\/www.oidossucios.com\/site\/wp-content\/uploads\/2011\/05\/3516.jpg","yoast_head":"<!-- This site is optimized with the Yoast SEO plugin v14.0.4 - https:\/\/yoast.com\/wordpress\/plugins\/seo\/ -->\n<title>Pete Townshend lanzar\u00e1 su libro de memorias el pr\u00f3ximo a\u00f1o - OidosSucios.Com<\/title>\n<meta name=\"robots\" content=\"index, follow\" \/>\n<meta name=\"googlebot\" content=\"index, follow, max-snippet:-1, max-image-preview:large, max-video-preview:-1\" \/>\n<meta name=\"bingbot\" content=\"index, follow, max-snippet:-1, max-image-preview:large, max-video-preview:-1\" \/>\n<link rel=\"canonical\" href=\"https:\/\/www.oidossucios.com\/site\/pete-townshend-lanzara-su-libro-de-memorias-el-proximo-ano\/\" \/>\n<meta property=\"og:locale\" content=\"es_ES\" \/>\n<meta property=\"og:type\" content=\"article\" \/>\n<meta property=\"og:title\" content=\"Pete Townshend lanzar\u00e1 su libro de memorias el pr\u00f3ximo a\u00f1o - OidosSucios.Com\" \/>\n<meta property=\"og:description\" content=\"Pete Townshend, miembro de The Who, lanzar\u00e1 un libro con sus memorias el pr\u00f3ximo a\u00f1o.&nbsp; El libro que llevar\u00e1 por nombre&nbsp;Who He?, ha estado en desarrollo por los \u00faltimos quince a\u00f1os y abordar\u00e1 el tema de la pornograf\u00eda infantil, asunto que origin\u00f3 que la polic\u00eda lo interrogara en 2003, cuando hac\u00eda la investigaci\u00f3n para el [&hellip;]\" \/>\n<meta property=\"og:url\" content=\"https:\/\/www.oidossucios.com\/site\/pete-townshend-lanzara-su-libro-de-memorias-el-proximo-ano\/\" \/>\n<meta property=\"og:site_name\" content=\"OidosSucios.Com\" \/>\n<meta property=\"article:published_time\" content=\"2011-05-19T15:00:00+00:00\" \/>\n<meta property=\"og:image\" content=\"https:\/\/www.oidossucios.com\/site\/wp-content\/uploads\/2011\/05\/3516.jpg\" \/>\n\t<meta property=\"og:image:width\" content=\"350\" \/>\n\t<meta property=\"og:image:height\" content=\"300\" \/>\n<meta name=\"twitter:card\" content=\"summary_large_image\" \/>\n<meta name=\"twitter:creator\" content=\"@oidossucios\" \/>\n<script type=\"application\/ld+json\" class=\"yoast-schema-graph\">{\"@context\":\"https:\/\/schema.org\",\"@graph\":[{\"@type\":\"WebSite\",\"@id\":\"https:\/\/www.oidossucios.com\/site\/#website\",\"url\":\"https:\/\/www.oidossucios.com\/site\/\",\"name\":\"OidosSucios.Com\",\"description\":\"M\\u00fasica, conciertos, discos\",\"potentialAction\":[{\"@type\":\"SearchAction\",\"target\":\"https:\/\/www.oidossucios.com\/site\/?s={search_term_string}\",\"query-input\":\"required name=search_term_string\"}],\"inLanguage\":\"es\"},{\"@type\":\"ImageObject\",\"@id\":\"https:\/\/www.oidossucios.com\/site\/pete-townshend-lanzara-su-libro-de-memorias-el-proximo-ano\/#primaryimage\",\"inLanguage\":\"es\",\"url\":\"https:\/\/www.oidossucios.com\/site\/wp-content\/uploads\/2011\/05\/3516.jpg\",\"width\":350,\"height\":300},{\"@type\":\"WebPage\",\"@id\":\"https:\/\/www.oidossucios.com\/site\/pete-townshend-lanzara-su-libro-de-memorias-el-proximo-ano\/#webpage\",\"url\":\"https:\/\/www.oidossucios.com\/site\/pete-townshend-lanzara-su-libro-de-memorias-el-proximo-ano\/\",\"name\":\"Pete Townshend lanzar\\u00e1 su libro de memorias el pr\\u00f3ximo a\\u00f1o - OidosSucios.Com\",\"isPartOf\":{\"@id\":\"https:\/\/www.oidossucios.com\/site\/#website\"},\"primaryImageOfPage\":{\"@id\":\"https:\/\/www.oidossucios.com\/site\/pete-townshend-lanzara-su-libro-de-memorias-el-proximo-ano\/#primaryimage\"},\"datePublished\":\"2011-05-19T15:00:00+00:00\",\"dateModified\":\"2011-05-19T15:00:00+00:00\",\"author\":{\"@id\":\"https:\/\/www.oidossucios.com\/site\/#\/schema\/person\/24559eeb76bf83a63296fb072393a688\"},\"inLanguage\":\"es\",\"potentialAction\":[{\"@type\":\"ReadAction\",\"target\":[\"https:\/\/www.oidossucios.com\/site\/pete-townshend-lanzara-su-libro-de-memorias-el-proximo-ano\/\"]}]},{\"@type\":[\"Person\"],\"@id\":\"https:\/\/www.oidossucios.com\/site\/#\/schema\/person\/24559eeb76bf83a63296fb072393a688\",\"name\":\"Oidossucios\",\"image\":{\"@type\":\"ImageObject\",\"@id\":\"https:\/\/www.oidossucios.com\/site\/#personlogo\",\"inLanguage\":\"es\",\"url\":\"https:\/\/secure.gravatar.com\/avatar\/74fcb480f42f1a33e50a0b6e6369a3f907be2e43dc84fa5f76c66e9c22b4a5ab?s=96&d=mm&r=g\",\"caption\":\"Oidossucios\"},\"sameAs\":[\"https:\/\/twitter.com\/oidossucios\"]}]}<\/script>\n<!-- \/ Yoast SEO plugin. -->","jetpack_sharing_enabled":true,"_links":{"self":[{"href":"https:\/\/www.oidossucios.com\/site\/wp-json\/wp\/v2\/posts\/3516","targetHints":{"allow":["GET"]}}],"collection":[{"href":"https:\/\/www.oidossucios.com\/site\/wp-json\/wp\/v2\/posts"}],"about":[{"href":"https:\/\/www.oidossucios.com\/site\/wp-json\/wp\/v2\/types\/post"}],"author":[{"embeddable":true,"href":"https:\/\/www.oidossucios.com\/site\/wp-json\/wp\/v2\/users\/4"}],"replies":[{"embeddable":true,"href":"https:\/\/www.oidossucios.com\/site\/wp-json\/wp\/v2\/comments?post=3516"}],"version-history":[{"count":0,"href":"https:\/\/www.oidossucios.com\/site\/wp-json\/wp\/v2\/posts\/3516\/revisions"}],"wp:featuredmedia":[{"embeddable":true,"href":"https:\/\/www.oidossucios.com\/site\/wp-json\/wp\/v2\/media\/100003516"}],"wp:attachment":[{"href":"https:\/\/www.oidossucios.com\/site\/wp-json\/wp\/v2\/media?parent=3516"}],"wp:term":[{"taxonomy":"category","embeddable":true,"href":"https:\/\/www.oidossucios.com\/site\/wp-json\/wp\/v2\/categories?post=3516"},{"taxonomy":"post_tag","embeddable":true,"href":"https:\/\/www.oidossucios.com\/site\/wp-json\/wp\/v2\/tags?post=3516"}],"curies":[{"name":"wp","href":"https:\/\/api.w.org\/{rel}","templated":true}]}}