{"id":3522,"date":"2011-05-19T18:10:00","date_gmt":"2011-05-19T18:10:00","guid":{"rendered":"https:\/\/www.oidossucios.com\/site\/2011\/05\/19\/video-tv-on-the-radio-vuelve-a-los-escenarios-en-el-show-de-jay-leno-tras-la-muerte-de-su-bajista\/"},"modified":"2011-05-19T18:10:00","modified_gmt":"2011-05-19T18:10:00","slug":"video-tv-on-the-radio-vuelve-a-los-escenarios-en-el-show-de-jay-leno-tras-la-muerte-de-su-bajista","status":"publish","type":"post","link":"https:\/\/www.oidossucios.com\/site\/video-tv-on-the-radio-vuelve-a-los-escenarios-en-el-show-de-jay-leno-tras-la-muerte-de-su-bajista\/","title":{"rendered":"VIDEO: TV On The Radio vuelve a los escenarios en el show de Jay Leno tras la muerte de su bajista"},"content":{"rendered":"\n<p>Tv On The Radio, tuvo una de sus primeras presentaciones en televisi\u00f3n, despu\u00e9s de la muerte de su bajista, Gerard Smith (v\u00edctima de c\u00e1ncer en los pulmones) y ofrecieron una \u00edntima versi\u00f3n del sencillo &#8220;Will Do&#8221; perteneciente a su m\u00e1s reciente \u00e1lbum &#8220;Nine Types of Light&#8221;.<\/p>\n<p><\/p>\n<p>A continuaci\u00f3n lo ocurrido en &#8220;Tonight Show with Jay Leno&#8221;:<\/p>\n<p>&nbsp;<\/p>\n<p><iframe loading=\"lazy\" width=\"640\" height=\"390\" frameborder=\"0\" allowfullscreen=\"\" src=\"http:\/\/www.youtube.com\/embed\/2oTd-XcehOg\"><\/iframe><\/p>\n<p>&nbsp;<\/p>\n<p>Fuente: www.warp.la<\/p>\n","protected":false},"excerpt":{"rendered":"<p>Tv On The Radio, tuvo una de sus primeras presentaciones en televisi\u00f3n, despu\u00e9s de la muerte de su bajista, Gerard Smith (v\u00edctima de c\u00e1ncer en los pulmones) y ofrecieron una \u00edntima versi\u00f3n del sencillo &#8220;Will Do&#8221; perteneciente a su m\u00e1s reciente \u00e1lbum &#8220;Nine Types of Light&#8221;. A continuaci\u00f3n lo ocurrido en &#8220;Tonight Show with Jay [&hellip;]<\/p>\n","protected":false},"author":4,"featured_media":100003522,"comment_status":"open","ping_status":"open","sticky":false,"template":"","format":"standard","meta":{"_jetpack_memberships_contains_paid_content":false,"footnotes":""},"categories":[142],"tags":[],"class_list":["post-3522","post","type-post","status-publish","format-standard","has-post-thumbnail","hentry","category-buzznews"],"jetpack_featured_media_url":"https:\/\/www.oidossucios.com\/site\/wp-content\/uploads\/2011\/05\/3522.jpg","yoast_head":"<!-- This site is optimized with the Yoast SEO plugin v14.0.4 - https:\/\/yoast.com\/wordpress\/plugins\/seo\/ -->\n<title>VIDEO: TV On The Radio vuelve a los escenarios en el show de Jay Leno tras la muerte de su bajista - OidosSucios.Com<\/title>\n<meta name=\"robots\" content=\"index, follow\" \/>\n<meta name=\"googlebot\" content=\"index, follow, max-snippet:-1, max-image-preview:large, max-video-preview:-1\" \/>\n<meta name=\"bingbot\" content=\"index, follow, max-snippet:-1, max-image-preview:large, max-video-preview:-1\" \/>\n<link rel=\"canonical\" href=\"https:\/\/www.oidossucios.com\/site\/video-tv-on-the-radio-vuelve-a-los-escenarios-en-el-show-de-jay-leno-tras-la-muerte-de-su-bajista\/\" \/>\n<meta property=\"og:locale\" content=\"es_ES\" \/>\n<meta property=\"og:type\" content=\"article\" \/>\n<meta property=\"og:title\" content=\"VIDEO: TV On The Radio vuelve a los escenarios en el show de Jay Leno tras la muerte de su bajista - OidosSucios.Com\" \/>\n<meta property=\"og:description\" content=\"Tv On The Radio, tuvo una de sus primeras presentaciones en televisi\u00f3n, despu\u00e9s de la muerte de su bajista, Gerard Smith (v\u00edctima de c\u00e1ncer en los pulmones) y ofrecieron una \u00edntima versi\u00f3n del sencillo &#8220;Will Do&#8221; perteneciente a su m\u00e1s reciente \u00e1lbum &#8220;Nine Types of Light&#8221;. A continuaci\u00f3n lo ocurrido en &#8220;Tonight Show with Jay [&hellip;]\" \/>\n<meta property=\"og:url\" content=\"https:\/\/www.oidossucios.com\/site\/video-tv-on-the-radio-vuelve-a-los-escenarios-en-el-show-de-jay-leno-tras-la-muerte-de-su-bajista\/\" \/>\n<meta property=\"og:site_name\" content=\"OidosSucios.Com\" \/>\n<meta property=\"article:published_time\" content=\"2011-05-19T18:10:00+00:00\" \/>\n<meta property=\"og:image\" content=\"https:\/\/www.oidossucios.com\/site\/wp-content\/uploads\/2011\/05\/3522.jpg\" \/>\n\t<meta property=\"og:image:width\" content=\"350\" \/>\n\t<meta property=\"og:image:height\" content=\"300\" \/>\n<meta name=\"twitter:card\" content=\"summary_large_image\" \/>\n<meta name=\"twitter:creator\" content=\"@oidossucios\" \/>\n<script type=\"application\/ld+json\" class=\"yoast-schema-graph\">{\"@context\":\"https:\/\/schema.org\",\"@graph\":[{\"@type\":\"WebSite\",\"@id\":\"https:\/\/www.oidossucios.com\/site\/#website\",\"url\":\"https:\/\/www.oidossucios.com\/site\/\",\"name\":\"OidosSucios.Com\",\"description\":\"M\\u00fasica, conciertos, discos\",\"potentialAction\":[{\"@type\":\"SearchAction\",\"target\":\"https:\/\/www.oidossucios.com\/site\/?s={search_term_string}\",\"query-input\":\"required name=search_term_string\"}],\"inLanguage\":\"es\"},{\"@type\":\"ImageObject\",\"@id\":\"https:\/\/www.oidossucios.com\/site\/video-tv-on-the-radio-vuelve-a-los-escenarios-en-el-show-de-jay-leno-tras-la-muerte-de-su-bajista\/#primaryimage\",\"inLanguage\":\"es\",\"url\":\"https:\/\/www.oidossucios.com\/site\/wp-content\/uploads\/2011\/05\/3522.jpg\",\"width\":350,\"height\":300},{\"@type\":\"WebPage\",\"@id\":\"https:\/\/www.oidossucios.com\/site\/video-tv-on-the-radio-vuelve-a-los-escenarios-en-el-show-de-jay-leno-tras-la-muerte-de-su-bajista\/#webpage\",\"url\":\"https:\/\/www.oidossucios.com\/site\/video-tv-on-the-radio-vuelve-a-los-escenarios-en-el-show-de-jay-leno-tras-la-muerte-de-su-bajista\/\",\"name\":\"VIDEO: TV On The Radio vuelve a los escenarios en el show de Jay Leno tras la muerte de su bajista - OidosSucios.Com\",\"isPartOf\":{\"@id\":\"https:\/\/www.oidossucios.com\/site\/#website\"},\"primaryImageOfPage\":{\"@id\":\"https:\/\/www.oidossucios.com\/site\/video-tv-on-the-radio-vuelve-a-los-escenarios-en-el-show-de-jay-leno-tras-la-muerte-de-su-bajista\/#primaryimage\"},\"datePublished\":\"2011-05-19T18:10:00+00:00\",\"dateModified\":\"2011-05-19T18:10:00+00:00\",\"author\":{\"@id\":\"https:\/\/www.oidossucios.com\/site\/#\/schema\/person\/24559eeb76bf83a63296fb072393a688\"},\"inLanguage\":\"es\",\"potentialAction\":[{\"@type\":\"ReadAction\",\"target\":[\"https:\/\/www.oidossucios.com\/site\/video-tv-on-the-radio-vuelve-a-los-escenarios-en-el-show-de-jay-leno-tras-la-muerte-de-su-bajista\/\"]}]},{\"@type\":[\"Person\"],\"@id\":\"https:\/\/www.oidossucios.com\/site\/#\/schema\/person\/24559eeb76bf83a63296fb072393a688\",\"name\":\"Oidossucios\",\"image\":{\"@type\":\"ImageObject\",\"@id\":\"https:\/\/www.oidossucios.com\/site\/#personlogo\",\"inLanguage\":\"es\",\"url\":\"https:\/\/secure.gravatar.com\/avatar\/74fcb480f42f1a33e50a0b6e6369a3f907be2e43dc84fa5f76c66e9c22b4a5ab?s=96&d=mm&r=g\",\"caption\":\"Oidossucios\"},\"sameAs\":[\"https:\/\/twitter.com\/oidossucios\"]}]}<\/script>\n<!-- \/ Yoast SEO plugin. -->","jetpack_sharing_enabled":true,"_links":{"self":[{"href":"https:\/\/www.oidossucios.com\/site\/wp-json\/wp\/v2\/posts\/3522","targetHints":{"allow":["GET"]}}],"collection":[{"href":"https:\/\/www.oidossucios.com\/site\/wp-json\/wp\/v2\/posts"}],"about":[{"href":"https:\/\/www.oidossucios.com\/site\/wp-json\/wp\/v2\/types\/post"}],"author":[{"embeddable":true,"href":"https:\/\/www.oidossucios.com\/site\/wp-json\/wp\/v2\/users\/4"}],"replies":[{"embeddable":true,"href":"https:\/\/www.oidossucios.com\/site\/wp-json\/wp\/v2\/comments?post=3522"}],"version-history":[{"count":0,"href":"https:\/\/www.oidossucios.com\/site\/wp-json\/wp\/v2\/posts\/3522\/revisions"}],"wp:featuredmedia":[{"embeddable":true,"href":"https:\/\/www.oidossucios.com\/site\/wp-json\/wp\/v2\/media\/100003522"}],"wp:attachment":[{"href":"https:\/\/www.oidossucios.com\/site\/wp-json\/wp\/v2\/media?parent=3522"}],"wp:term":[{"taxonomy":"category","embeddable":true,"href":"https:\/\/www.oidossucios.com\/site\/wp-json\/wp\/v2\/categories?post=3522"},{"taxonomy":"post_tag","embeddable":true,"href":"https:\/\/www.oidossucios.com\/site\/wp-json\/wp\/v2\/tags?post=3522"}],"curies":[{"name":"wp","href":"https:\/\/api.w.org\/{rel}","templated":true}]}}