{"id":3541,"date":"2011-05-24T15:41:00","date_gmt":"2011-05-24T15:41:00","guid":{"rendered":"https:\/\/www.oidossucios.com\/site\/2011\/05\/24\/video-dani-martin-el-canto-del-loco-se-niega-a-suspender-un-concierto-y-toca-en-la-calle\/"},"modified":"2011-05-24T15:41:00","modified_gmt":"2011-05-24T15:41:00","slug":"video-dani-martin-el-canto-del-loco-se-niega-a-suspender-un-concierto-y-toca-en-la-calle","status":"publish","type":"post","link":"https:\/\/www.oidossucios.com\/site\/video-dani-martin-el-canto-del-loco-se-niega-a-suspender-un-concierto-y-toca-en-la-calle\/","title":{"rendered":"VIDEO: Dani Mart\u00edn (El Canto del Loco) se niega a suspender un concierto y toca en la calle"},"content":{"rendered":"<p>Por <\/p>\n<p>Fuente: www.rollingstone.es<\/p>\n<p><\/p>\n<p>Miles de personas se han lanzado a protestar durante los \u00faltimos d\u00edas a los espacios p\u00fablicos de Espa\u00f1a.&nbsp;Dani Mart\u00edn tambi\u00e9n, a<strong>unque sus motivos no estaban relacionados con motivos pol\u00edtico.<\/strong>&nbsp;El cantante de El Canto del Loco, ahora en solitario, sali\u00f3 indignado a tocar a la calle. Sin cobrar a los numerosos seguidores, que se congregaron apretados a su alrededor. \u00bfEl motivo? La cancelaci\u00f3n en el \u00faltimo momento de uno de sus espect\u00e1culos.<\/p>\n<p>&nbsp;<\/p>\n<p><strong>Sucedi\u00f3 este fin de semana, en A Coru\u00f1a.<\/strong>&nbsp;All\u00ed estaba previsto que actuara, el pasado s\u00e1bado 21 de mayo, en el Coliseum. Pero surgieron contratiempos: 48 horas de la fecha fijada para el directo, el cantante se enter\u00f3 de que no iba a poder tocar. Lo cont\u00f3 en un comunicado, emitido con motivo de esta cancelaci\u00f3n. &#8220;Me encantar\u00eda dar el concierto, que est\u00e1 firmado desde octubre, pero no puedo porque este se\u00f1or no ha querido&#8221;, dice en \u00e9ste el cantante, que asegura que tuvo noticia de este cambio por email. El se\u00f1or al que se refiere es Bibiano Mor\u00f3n, cabeza de Articket, promotora del evento. &#8220;En mis facultades est\u00e1 contratar un concierto y aplazarlo.<b>&nbsp;<\/b><strong>Yo he cumplido pag\u00e1ndoles 18.000 euros cuando firmamos el contrato&#8221;<\/strong>, ha respondido Mor\u00f3n en&nbsp;laopinioncoru\u00f1a.es.&nbsp;Contin\u00faa: &#8220;No entiendo c\u00f3mo este hombre insiste en hacer un concierto con 800 entradas vendidas y jugando el Deportivo La Coru\u00f1a a la misma hora&#8221;. El promotor asegura que tienen previsto llevar a cabo este recital m\u00e1s adelante, algo que Mart\u00edn niega en su p\u00e1gina web.&nbsp;<br \/><!--[if !supportLineBreakNewLine]--><br \/><!--[endif]--><\/p>\n<p><\/p>\n<p><strong>Pese a no poder tocar como ten\u00eda previsto en el Coliseum, recinto con capacidad para 11.000 personas,<\/strong>&nbsp;Dani Mart\u00edn decidi\u00f3, seg\u00fan sus propias palabras, &#8220;dar la cara&#8221;. Y para ello se plant\u00f3, a las 12 horas del pasado s\u00e1bado, sin micr\u00f3fonos y para ofrecer una versi\u00f3n muy desnuda de algunas de sus canciones, delante del pabell\u00f3n.&nbsp;<\/p>\n<p><!--[if !supportLineBreakNewLine]--><br \/><!--[endif]--><\/p>\n<p>Aqu\u00ed podemos comprobar c\u00f3mo Dani desata gritos de histeria, en su llegada para este espont\u00e1neo concierto:<\/p>\n<p>&nbsp;<\/p>\n<p><iframe loading=\"lazy\" width=\"480\" height=\"390\" frameborder=\"0\" allowfullscreen=\"\" src=\"http:\/\/www.youtube.com\/embed\/yvt_sBQd8WI\"><\/iframe><\/p>\n<p>&nbsp;<\/p>\n<p>Y as\u00ed suena su \u00e9xito en solitario&nbsp;<i>16 a\u00f1itos,<\/i>&nbsp;en&nbsp;<strong>una versi\u00f3n m\u00e1s cruda que a la que tiene acostumbrados a sus fans:<\/strong><\/p>\n<p><strong><br \/><\/strong><\/p>\n<p><iframe loading=\"lazy\" width=\"480\" height=\"390\" frameborder=\"0\" allowfullscreen=\"\" src=\"http:\/\/www.youtube.com\/embed\/wHu7DqaxraI\"><\/iframe><\/p>\n","protected":false},"excerpt":{"rendered":"<p>El cantante no pudo actuar en el Coliseum de A Coru\u00f1a el pasado s\u00e1bado. La organizaci\u00f3n aleg\u00f3 la escasa venta de entradas. El m\u00fasico respondi\u00f3 improvisando una actuaci\u00f3n delante del recinto donde iba a tocar. <\/p>\n","protected":false},"author":4,"featured_media":100003541,"comment_status":"open","ping_status":"open","sticky":false,"template":"","format":"standard","meta":{"_jetpack_memberships_contains_paid_content":false,"footnotes":""},"categories":[685],"tags":[],"class_list":["post-3541","post","type-post","status-publish","format-standard","has-post-thumbnail","hentry","category-ultima"],"jetpack_featured_media_url":"https:\/\/www.oidossucios.com\/site\/wp-content\/uploads\/2011\/05\/3541.jpg","yoast_head":"<!-- This site is optimized with the Yoast SEO plugin v14.0.4 - https:\/\/yoast.com\/wordpress\/plugins\/seo\/ -->\n<title>VIDEO: Dani Mart\u00edn (El Canto del Loco) se niega a suspender un concierto y toca en la calle - OidosSucios.Com<\/title>\n<meta name=\"description\" content=\"El cantante no pudo actuar en el Coliseum de A Coru\u00f1a el pasado s\u00e1bado. La organizaci\u00f3n aleg\u00f3 la escasa venta de entradas. El m\u00fasico respondi\u00f3 improvisando una actuaci\u00f3n delante del recinto donde iba a tocar.\" \/>\n<meta name=\"robots\" content=\"index, follow\" \/>\n<meta name=\"googlebot\" content=\"index, follow, max-snippet:-1, max-image-preview:large, max-video-preview:-1\" \/>\n<meta name=\"bingbot\" content=\"index, follow, max-snippet:-1, max-image-preview:large, max-video-preview:-1\" \/>\n<link rel=\"canonical\" href=\"https:\/\/www.oidossucios.com\/site\/video-dani-martin-el-canto-del-loco-se-niega-a-suspender-un-concierto-y-toca-en-la-calle\/\" \/>\n<meta property=\"og:locale\" content=\"es_ES\" \/>\n<meta property=\"og:type\" content=\"article\" \/>\n<meta property=\"og:title\" content=\"VIDEO: Dani Mart\u00edn (El Canto del Loco) se niega a suspender un concierto y toca en la calle - OidosSucios.Com\" \/>\n<meta property=\"og:description\" content=\"El cantante no pudo actuar en el Coliseum de A Coru\u00f1a el pasado s\u00e1bado. La organizaci\u00f3n aleg\u00f3 la escasa venta de entradas. El m\u00fasico respondi\u00f3 improvisando una actuaci\u00f3n delante del recinto donde iba a tocar.\" \/>\n<meta property=\"og:url\" content=\"https:\/\/www.oidossucios.com\/site\/video-dani-martin-el-canto-del-loco-se-niega-a-suspender-un-concierto-y-toca-en-la-calle\/\" \/>\n<meta property=\"og:site_name\" content=\"OidosSucios.Com\" \/>\n<meta property=\"article:published_time\" content=\"2011-05-24T15:41:00+00:00\" \/>\n<meta property=\"og:image\" content=\"https:\/\/www.oidossucios.com\/site\/wp-content\/uploads\/2011\/05\/3541.jpg\" \/>\n\t<meta property=\"og:image:width\" content=\"350\" \/>\n\t<meta property=\"og:image:height\" content=\"300\" \/>\n<meta name=\"twitter:card\" content=\"summary_large_image\" \/>\n<meta name=\"twitter:creator\" content=\"@oidossucios\" \/>\n<script type=\"application\/ld+json\" class=\"yoast-schema-graph\">{\"@context\":\"https:\/\/schema.org\",\"@graph\":[{\"@type\":\"WebSite\",\"@id\":\"https:\/\/www.oidossucios.com\/site\/#website\",\"url\":\"https:\/\/www.oidossucios.com\/site\/\",\"name\":\"OidosSucios.Com\",\"description\":\"M\\u00fasica, conciertos, discos\",\"potentialAction\":[{\"@type\":\"SearchAction\",\"target\":\"https:\/\/www.oidossucios.com\/site\/?s={search_term_string}\",\"query-input\":\"required name=search_term_string\"}],\"inLanguage\":\"es\"},{\"@type\":\"ImageObject\",\"@id\":\"https:\/\/www.oidossucios.com\/site\/video-dani-martin-el-canto-del-loco-se-niega-a-suspender-un-concierto-y-toca-en-la-calle\/#primaryimage\",\"inLanguage\":\"es\",\"url\":\"https:\/\/www.oidossucios.com\/site\/wp-content\/uploads\/2011\/05\/3541.jpg\",\"width\":350,\"height\":300},{\"@type\":\"WebPage\",\"@id\":\"https:\/\/www.oidossucios.com\/site\/video-dani-martin-el-canto-del-loco-se-niega-a-suspender-un-concierto-y-toca-en-la-calle\/#webpage\",\"url\":\"https:\/\/www.oidossucios.com\/site\/video-dani-martin-el-canto-del-loco-se-niega-a-suspender-un-concierto-y-toca-en-la-calle\/\",\"name\":\"VIDEO: Dani Mart\\u00edn (El Canto del Loco) se niega a suspender un concierto y toca en la calle - OidosSucios.Com\",\"isPartOf\":{\"@id\":\"https:\/\/www.oidossucios.com\/site\/#website\"},\"primaryImageOfPage\":{\"@id\":\"https:\/\/www.oidossucios.com\/site\/video-dani-martin-el-canto-del-loco-se-niega-a-suspender-un-concierto-y-toca-en-la-calle\/#primaryimage\"},\"datePublished\":\"2011-05-24T15:41:00+00:00\",\"dateModified\":\"2011-05-24T15:41:00+00:00\",\"author\":{\"@id\":\"https:\/\/www.oidossucios.com\/site\/#\/schema\/person\/24559eeb76bf83a63296fb072393a688\"},\"description\":\"El cantante no pudo actuar en el Coliseum de A Coru\\u00f1a el pasado s\\u00e1bado. La organizaci\\u00f3n aleg\\u00f3 la escasa venta de entradas. El m\\u00fasico respondi\\u00f3 improvisando una actuaci\\u00f3n delante del recinto donde iba a tocar.\",\"inLanguage\":\"es\",\"potentialAction\":[{\"@type\":\"ReadAction\",\"target\":[\"https:\/\/www.oidossucios.com\/site\/video-dani-martin-el-canto-del-loco-se-niega-a-suspender-un-concierto-y-toca-en-la-calle\/\"]}]},{\"@type\":[\"Person\"],\"@id\":\"https:\/\/www.oidossucios.com\/site\/#\/schema\/person\/24559eeb76bf83a63296fb072393a688\",\"name\":\"Oidossucios\",\"image\":{\"@type\":\"ImageObject\",\"@id\":\"https:\/\/www.oidossucios.com\/site\/#personlogo\",\"inLanguage\":\"es\",\"url\":\"https:\/\/secure.gravatar.com\/avatar\/74fcb480f42f1a33e50a0b6e6369a3f907be2e43dc84fa5f76c66e9c22b4a5ab?s=96&d=mm&r=g\",\"caption\":\"Oidossucios\"},\"sameAs\":[\"https:\/\/twitter.com\/oidossucios\"]}]}<\/script>\n<!-- \/ Yoast SEO plugin. -->","jetpack_sharing_enabled":true,"_links":{"self":[{"href":"https:\/\/www.oidossucios.com\/site\/wp-json\/wp\/v2\/posts\/3541","targetHints":{"allow":["GET"]}}],"collection":[{"href":"https:\/\/www.oidossucios.com\/site\/wp-json\/wp\/v2\/posts"}],"about":[{"href":"https:\/\/www.oidossucios.com\/site\/wp-json\/wp\/v2\/types\/post"}],"author":[{"embeddable":true,"href":"https:\/\/www.oidossucios.com\/site\/wp-json\/wp\/v2\/users\/4"}],"replies":[{"embeddable":true,"href":"https:\/\/www.oidossucios.com\/site\/wp-json\/wp\/v2\/comments?post=3541"}],"version-history":[{"count":0,"href":"https:\/\/www.oidossucios.com\/site\/wp-json\/wp\/v2\/posts\/3541\/revisions"}],"wp:featuredmedia":[{"embeddable":true,"href":"https:\/\/www.oidossucios.com\/site\/wp-json\/wp\/v2\/media\/100003541"}],"wp:attachment":[{"href":"https:\/\/www.oidossucios.com\/site\/wp-json\/wp\/v2\/media?parent=3541"}],"wp:term":[{"taxonomy":"category","embeddable":true,"href":"https:\/\/www.oidossucios.com\/site\/wp-json\/wp\/v2\/categories?post=3541"},{"taxonomy":"post_tag","embeddable":true,"href":"https:\/\/www.oidossucios.com\/site\/wp-json\/wp\/v2\/tags?post=3541"}],"curies":[{"name":"wp","href":"https:\/\/api.w.org\/{rel}","templated":true}]}}