{"id":3574,"date":"2011-05-30T16:43:00","date_gmt":"2011-05-30T16:43:00","guid":{"rendered":"https:\/\/www.oidossucios.com\/site\/2011\/05\/30\/roger-waters-no-tengo-deseos-de-reunirme-con-pink-floyd-otra-vez\/"},"modified":"2011-05-30T16:43:00","modified_gmt":"2011-05-30T16:43:00","slug":"roger-waters-no-tengo-deseos-de-reunirme-con-pink-floyd-otra-vez","status":"publish","type":"post","link":"https:\/\/www.oidossucios.com\/site\/roger-waters-no-tengo-deseos-de-reunirme-con-pink-floyd-otra-vez\/","title":{"rendered":"Roger Waters: &#8220;No tengo deseos de reunirme con Pink Floyd otra vez&#8221;"},"content":{"rendered":"\n<p>Roger Waters, ex\u0096miembro de la legendaria banda, Pink Floyd dijo que &#8220;no desea&#8221; reunirse con los dem\u00e1s miembros de Pink Floyd otra vez.<\/p>\n<p>Recordemos que el pasado 12 de mayo, sus ex\u0096compa\u00f1eros de Pink Floyd, David Gilmour y Nick Mason se unieron a Waters en el escenario del estadio O2 Arena de Londres. El concierto fue parte de la gira de &#8220;The Wall Live&#8221; de Waters, y signific\u00f3 la primera aparici\u00f3n en un escenario de los miembros de Pink Floyd desde la presentaci\u00f3n que ofrecieron en Live 8 hace seis a\u00f1os.<\/p>\n<p>Sin embargo en entrevista a BBC Radio 4, Waters declar\u00f3 que ve muy distante la posibilidad de volverse a reunir. &#8220;Me siento muy contento de haber pertenecido a la banda por 20 a\u00f1os, lo disfrut\u00e9 demasiado. Creo que hicimos grandes trabajos juntos pero no tengo deseos de hacerlo otra vez&#8221; revel\u00f3 Waters.<\/p>\n<p>&nbsp;<\/p>\n<p>Pink Floyd ten\u00eda planeado reagruparse para un concierto ben\u00e9fico pero rechazaron la oferta luego de enterarse que ser\u00eda en la casa de la socialit\u00e9, Jemima Khan. &#8220;No era id\u00f3neo para nuestro regreso&#8221; aclar\u00f3 Mason en su momento, aunque acept\u00f3 que le gustar\u00eda volver a tocar con la banda.<\/p>\n<p>&nbsp;<\/p>\n<p>Pink Floyd planea relanzar su cat\u00e1logo completo este a\u00f1o, luego de resolver una disputa legal con la disquera EMI.<\/p>\n<p>&nbsp;<\/p>\n<p>Fuente: www.warp.la<\/p>\n","protected":false},"excerpt":{"rendered":"<p>Roger Waters, ex\u0096miembro de la legendaria banda, Pink Floyd dijo que &#8220;no desea&#8221; reunirse con los dem\u00e1s miembros de Pink Floyd otra vez. Recordemos que el pasado 12 de mayo, sus ex\u0096compa\u00f1eros de Pink Floyd, David Gilmour y Nick Mason se unieron a Waters en el escenario del estadio O2 Arena de Londres. El concierto [&hellip;]<\/p>\n","protected":false},"author":4,"featured_media":100003574,"comment_status":"open","ping_status":"open","sticky":false,"template":"","format":"standard","meta":{"_jetpack_memberships_contains_paid_content":false,"footnotes":""},"categories":[142],"tags":[],"class_list":["post-3574","post","type-post","status-publish","format-standard","has-post-thumbnail","hentry","category-buzznews"],"jetpack_featured_media_url":"https:\/\/www.oidossucios.com\/site\/wp-content\/uploads\/2011\/05\/3574.jpg","yoast_head":"<!-- This site is optimized with the Yoast SEO plugin v14.0.4 - https:\/\/yoast.com\/wordpress\/plugins\/seo\/ -->\n<title>Roger Waters: &quot;No tengo deseos de reunirme con Pink Floyd otra vez&quot; - OidosSucios.Com<\/title>\n<meta name=\"robots\" content=\"index, follow\" \/>\n<meta name=\"googlebot\" content=\"index, follow, max-snippet:-1, max-image-preview:large, max-video-preview:-1\" \/>\n<meta name=\"bingbot\" content=\"index, follow, max-snippet:-1, max-image-preview:large, max-video-preview:-1\" \/>\n<link rel=\"canonical\" href=\"https:\/\/www.oidossucios.com\/site\/roger-waters-no-tengo-deseos-de-reunirme-con-pink-floyd-otra-vez\/\" \/>\n<meta property=\"og:locale\" content=\"es_ES\" \/>\n<meta property=\"og:type\" content=\"article\" \/>\n<meta property=\"og:title\" content=\"Roger Waters: &quot;No tengo deseos de reunirme con Pink Floyd otra vez&quot; - OidosSucios.Com\" \/>\n<meta property=\"og:description\" content=\"Roger Waters, ex\u0096miembro de la legendaria banda, Pink Floyd dijo que &#8220;no desea&#8221; reunirse con los dem\u00e1s miembros de Pink Floyd otra vez. Recordemos que el pasado 12 de mayo, sus ex\u0096compa\u00f1eros de Pink Floyd, David Gilmour y Nick Mason se unieron a Waters en el escenario del estadio O2 Arena de Londres. El concierto [&hellip;]\" \/>\n<meta property=\"og:url\" content=\"https:\/\/www.oidossucios.com\/site\/roger-waters-no-tengo-deseos-de-reunirme-con-pink-floyd-otra-vez\/\" \/>\n<meta property=\"og:site_name\" content=\"OidosSucios.Com\" \/>\n<meta property=\"article:published_time\" content=\"2011-05-30T16:43:00+00:00\" \/>\n<meta property=\"og:image\" content=\"https:\/\/www.oidossucios.com\/site\/wp-content\/uploads\/2011\/05\/3574.jpg\" \/>\n\t<meta property=\"og:image:width\" content=\"350\" \/>\n\t<meta property=\"og:image:height\" content=\"300\" \/>\n<meta name=\"twitter:card\" content=\"summary_large_image\" \/>\n<meta name=\"twitter:creator\" content=\"@oidossucios\" \/>\n<script type=\"application\/ld+json\" class=\"yoast-schema-graph\">{\"@context\":\"https:\/\/schema.org\",\"@graph\":[{\"@type\":\"WebSite\",\"@id\":\"https:\/\/www.oidossucios.com\/site\/#website\",\"url\":\"https:\/\/www.oidossucios.com\/site\/\",\"name\":\"OidosSucios.Com\",\"description\":\"M\\u00fasica, conciertos, discos\",\"potentialAction\":[{\"@type\":\"SearchAction\",\"target\":\"https:\/\/www.oidossucios.com\/site\/?s={search_term_string}\",\"query-input\":\"required name=search_term_string\"}],\"inLanguage\":\"es\"},{\"@type\":\"ImageObject\",\"@id\":\"https:\/\/www.oidossucios.com\/site\/roger-waters-no-tengo-deseos-de-reunirme-con-pink-floyd-otra-vez\/#primaryimage\",\"inLanguage\":\"es\",\"url\":\"https:\/\/www.oidossucios.com\/site\/wp-content\/uploads\/2011\/05\/3574.jpg\",\"width\":350,\"height\":300},{\"@type\":\"WebPage\",\"@id\":\"https:\/\/www.oidossucios.com\/site\/roger-waters-no-tengo-deseos-de-reunirme-con-pink-floyd-otra-vez\/#webpage\",\"url\":\"https:\/\/www.oidossucios.com\/site\/roger-waters-no-tengo-deseos-de-reunirme-con-pink-floyd-otra-vez\/\",\"name\":\"Roger Waters: \\\"No tengo deseos de reunirme con Pink Floyd otra vez\\\" - OidosSucios.Com\",\"isPartOf\":{\"@id\":\"https:\/\/www.oidossucios.com\/site\/#website\"},\"primaryImageOfPage\":{\"@id\":\"https:\/\/www.oidossucios.com\/site\/roger-waters-no-tengo-deseos-de-reunirme-con-pink-floyd-otra-vez\/#primaryimage\"},\"datePublished\":\"2011-05-30T16:43:00+00:00\",\"dateModified\":\"2011-05-30T16:43:00+00:00\",\"author\":{\"@id\":\"https:\/\/www.oidossucios.com\/site\/#\/schema\/person\/24559eeb76bf83a63296fb072393a688\"},\"inLanguage\":\"es\",\"potentialAction\":[{\"@type\":\"ReadAction\",\"target\":[\"https:\/\/www.oidossucios.com\/site\/roger-waters-no-tengo-deseos-de-reunirme-con-pink-floyd-otra-vez\/\"]}]},{\"@type\":[\"Person\"],\"@id\":\"https:\/\/www.oidossucios.com\/site\/#\/schema\/person\/24559eeb76bf83a63296fb072393a688\",\"name\":\"Oidossucios\",\"image\":{\"@type\":\"ImageObject\",\"@id\":\"https:\/\/www.oidossucios.com\/site\/#personlogo\",\"inLanguage\":\"es\",\"url\":\"https:\/\/secure.gravatar.com\/avatar\/74fcb480f42f1a33e50a0b6e6369a3f907be2e43dc84fa5f76c66e9c22b4a5ab?s=96&d=mm&r=g\",\"caption\":\"Oidossucios\"},\"sameAs\":[\"https:\/\/twitter.com\/oidossucios\"]}]}<\/script>\n<!-- \/ Yoast SEO plugin. -->","jetpack_sharing_enabled":true,"_links":{"self":[{"href":"https:\/\/www.oidossucios.com\/site\/wp-json\/wp\/v2\/posts\/3574","targetHints":{"allow":["GET"]}}],"collection":[{"href":"https:\/\/www.oidossucios.com\/site\/wp-json\/wp\/v2\/posts"}],"about":[{"href":"https:\/\/www.oidossucios.com\/site\/wp-json\/wp\/v2\/types\/post"}],"author":[{"embeddable":true,"href":"https:\/\/www.oidossucios.com\/site\/wp-json\/wp\/v2\/users\/4"}],"replies":[{"embeddable":true,"href":"https:\/\/www.oidossucios.com\/site\/wp-json\/wp\/v2\/comments?post=3574"}],"version-history":[{"count":0,"href":"https:\/\/www.oidossucios.com\/site\/wp-json\/wp\/v2\/posts\/3574\/revisions"}],"wp:featuredmedia":[{"embeddable":true,"href":"https:\/\/www.oidossucios.com\/site\/wp-json\/wp\/v2\/media\/100003574"}],"wp:attachment":[{"href":"https:\/\/www.oidossucios.com\/site\/wp-json\/wp\/v2\/media?parent=3574"}],"wp:term":[{"taxonomy":"category","embeddable":true,"href":"https:\/\/www.oidossucios.com\/site\/wp-json\/wp\/v2\/categories?post=3574"},{"taxonomy":"post_tag","embeddable":true,"href":"https:\/\/www.oidossucios.com\/site\/wp-json\/wp\/v2\/tags?post=3574"}],"curies":[{"name":"wp","href":"https:\/\/api.w.org\/{rel}","templated":true}]}}