{"id":3577,"date":"2011-05-30T17:43:00","date_gmt":"2011-05-30T17:43:00","guid":{"rendered":"https:\/\/www.oidossucios.com\/site\/2011\/05\/30\/pulp-habla-de-su-regreso\/"},"modified":"2011-05-30T17:43:00","modified_gmt":"2011-05-30T17:43:00","slug":"pulp-habla-de-su-regreso","status":"publish","type":"post","link":"https:\/\/www.oidossucios.com\/site\/pulp-habla-de-su-regreso\/","title":{"rendered":"Pulp habla de su regreso"},"content":{"rendered":"\n<p>Pulp ha dicho en una entrevista que la raz\u00f3n por la que decidieron reformarse fue a causa de la muerte de un amigo cercano a la banda del cual no se ha revelado su identidad.<\/p>\n<p><\/p>\n<p>Al respecto el guitarrista Mark Webber dijo: &#8220;Creo que tuve mucho que ver en ello. De pronto te das cuenta que no puedes tomar las cosas como garantizadas. Siempre pens\u00e9 que har\u00edamos algo juntos otra vez, eventualmente, pero cuando muri\u00f3, me di cuenta de que deb\u00edamos aprovechar esa oportunidad&#8221;.<\/p>\n<p><\/p>\n<p>El pr\u00f3ximo 28 de mayo, la banda se presentar\u00e1 en el Primavera Sound Festival en Espa\u00f1a. Por su lado, el vocalista Jarvis Cocker&nbsp;dijo a&nbsp;BBC 6 Music&nbsp;que ha tenido pesadillas al respecto. &#8220;Ya he tenido algunos sue\u00f1os de ansiedad. El m\u00e1s recurrente es caminar entre un festival, despu\u00e9s ver el reloj y darte cuenta de que deb\u00edas estar en el escenario hace 10 minutos&#8221;.<\/p>\n<p><\/p>\n<p>Adem\u00e1s, Pulp se presentar\u00e1 en Isle Of Wight Festival&nbsp;el 11 de junio, Wireless en Londres el 3 de julio, T In The Park en Escocia el 10 de julio y Reading And Leeds el fin de semana del 26 al 28 de agosto.<\/p>\n<p>&nbsp;<\/p>\n<p>Fuente: www.warp.la<\/p>\n","protected":false},"excerpt":{"rendered":"<p>Pulp ha dicho en una entrevista que la raz\u00f3n por la que decidieron reformarse fue a causa de la muerte de un amigo cercano a la banda del cual no se ha revelado su identidad. Al respecto el guitarrista Mark Webber dijo: &#8220;Creo que tuve mucho que ver en ello. De pronto te das cuenta [&hellip;]<\/p>\n","protected":false},"author":4,"featured_media":100003577,"comment_status":"open","ping_status":"open","sticky":false,"template":"","format":"standard","meta":{"_jetpack_memberships_contains_paid_content":false,"footnotes":""},"categories":[142],"tags":[],"class_list":["post-3577","post","type-post","status-publish","format-standard","has-post-thumbnail","hentry","category-buzznews"],"jetpack_featured_media_url":"https:\/\/www.oidossucios.com\/site\/wp-content\/uploads\/2011\/05\/3577.jpg","yoast_head":"<!-- This site is optimized with the Yoast SEO plugin v14.0.4 - https:\/\/yoast.com\/wordpress\/plugins\/seo\/ -->\n<title>Pulp habla de su regreso - OidosSucios.Com<\/title>\n<meta name=\"robots\" content=\"index, follow\" \/>\n<meta name=\"googlebot\" content=\"index, follow, max-snippet:-1, max-image-preview:large, max-video-preview:-1\" \/>\n<meta name=\"bingbot\" content=\"index, follow, max-snippet:-1, max-image-preview:large, max-video-preview:-1\" \/>\n<link rel=\"canonical\" href=\"https:\/\/www.oidossucios.com\/site\/pulp-habla-de-su-regreso\/\" \/>\n<meta property=\"og:locale\" content=\"es_ES\" \/>\n<meta property=\"og:type\" content=\"article\" \/>\n<meta property=\"og:title\" content=\"Pulp habla de su regreso - OidosSucios.Com\" \/>\n<meta property=\"og:description\" content=\"Pulp ha dicho en una entrevista que la raz\u00f3n por la que decidieron reformarse fue a causa de la muerte de un amigo cercano a la banda del cual no se ha revelado su identidad. Al respecto el guitarrista Mark Webber dijo: &#8220;Creo que tuve mucho que ver en ello. De pronto te das cuenta [&hellip;]\" \/>\n<meta property=\"og:url\" content=\"https:\/\/www.oidossucios.com\/site\/pulp-habla-de-su-regreso\/\" \/>\n<meta property=\"og:site_name\" content=\"OidosSucios.Com\" \/>\n<meta property=\"article:published_time\" content=\"2011-05-30T17:43:00+00:00\" \/>\n<meta property=\"og:image\" content=\"https:\/\/www.oidossucios.com\/site\/wp-content\/uploads\/2011\/05\/3577.jpg\" \/>\n\t<meta property=\"og:image:width\" content=\"350\" \/>\n\t<meta property=\"og:image:height\" content=\"300\" \/>\n<meta name=\"twitter:card\" content=\"summary_large_image\" \/>\n<meta name=\"twitter:creator\" content=\"@oidossucios\" \/>\n<script type=\"application\/ld+json\" class=\"yoast-schema-graph\">{\"@context\":\"https:\/\/schema.org\",\"@graph\":[{\"@type\":\"WebSite\",\"@id\":\"https:\/\/www.oidossucios.com\/site\/#website\",\"url\":\"https:\/\/www.oidossucios.com\/site\/\",\"name\":\"OidosSucios.Com\",\"description\":\"M\\u00fasica, conciertos, discos\",\"potentialAction\":[{\"@type\":\"SearchAction\",\"target\":\"https:\/\/www.oidossucios.com\/site\/?s={search_term_string}\",\"query-input\":\"required name=search_term_string\"}],\"inLanguage\":\"es\"},{\"@type\":\"ImageObject\",\"@id\":\"https:\/\/www.oidossucios.com\/site\/pulp-habla-de-su-regreso\/#primaryimage\",\"inLanguage\":\"es\",\"url\":\"https:\/\/www.oidossucios.com\/site\/wp-content\/uploads\/2011\/05\/3577.jpg\",\"width\":350,\"height\":300},{\"@type\":\"WebPage\",\"@id\":\"https:\/\/www.oidossucios.com\/site\/pulp-habla-de-su-regreso\/#webpage\",\"url\":\"https:\/\/www.oidossucios.com\/site\/pulp-habla-de-su-regreso\/\",\"name\":\"Pulp habla de su regreso - OidosSucios.Com\",\"isPartOf\":{\"@id\":\"https:\/\/www.oidossucios.com\/site\/#website\"},\"primaryImageOfPage\":{\"@id\":\"https:\/\/www.oidossucios.com\/site\/pulp-habla-de-su-regreso\/#primaryimage\"},\"datePublished\":\"2011-05-30T17:43:00+00:00\",\"dateModified\":\"2011-05-30T17:43:00+00:00\",\"author\":{\"@id\":\"https:\/\/www.oidossucios.com\/site\/#\/schema\/person\/24559eeb76bf83a63296fb072393a688\"},\"inLanguage\":\"es\",\"potentialAction\":[{\"@type\":\"ReadAction\",\"target\":[\"https:\/\/www.oidossucios.com\/site\/pulp-habla-de-su-regreso\/\"]}]},{\"@type\":[\"Person\"],\"@id\":\"https:\/\/www.oidossucios.com\/site\/#\/schema\/person\/24559eeb76bf83a63296fb072393a688\",\"name\":\"Oidossucios\",\"image\":{\"@type\":\"ImageObject\",\"@id\":\"https:\/\/www.oidossucios.com\/site\/#personlogo\",\"inLanguage\":\"es\",\"url\":\"https:\/\/secure.gravatar.com\/avatar\/74fcb480f42f1a33e50a0b6e6369a3f907be2e43dc84fa5f76c66e9c22b4a5ab?s=96&d=mm&r=g\",\"caption\":\"Oidossucios\"},\"sameAs\":[\"https:\/\/twitter.com\/oidossucios\"]}]}<\/script>\n<!-- \/ Yoast SEO plugin. -->","jetpack_sharing_enabled":true,"_links":{"self":[{"href":"https:\/\/www.oidossucios.com\/site\/wp-json\/wp\/v2\/posts\/3577","targetHints":{"allow":["GET"]}}],"collection":[{"href":"https:\/\/www.oidossucios.com\/site\/wp-json\/wp\/v2\/posts"}],"about":[{"href":"https:\/\/www.oidossucios.com\/site\/wp-json\/wp\/v2\/types\/post"}],"author":[{"embeddable":true,"href":"https:\/\/www.oidossucios.com\/site\/wp-json\/wp\/v2\/users\/4"}],"replies":[{"embeddable":true,"href":"https:\/\/www.oidossucios.com\/site\/wp-json\/wp\/v2\/comments?post=3577"}],"version-history":[{"count":0,"href":"https:\/\/www.oidossucios.com\/site\/wp-json\/wp\/v2\/posts\/3577\/revisions"}],"wp:featuredmedia":[{"embeddable":true,"href":"https:\/\/www.oidossucios.com\/site\/wp-json\/wp\/v2\/media\/100003577"}],"wp:attachment":[{"href":"https:\/\/www.oidossucios.com\/site\/wp-json\/wp\/v2\/media?parent=3577"}],"wp:term":[{"taxonomy":"category","embeddable":true,"href":"https:\/\/www.oidossucios.com\/site\/wp-json\/wp\/v2\/categories?post=3577"},{"taxonomy":"post_tag","embeddable":true,"href":"https:\/\/www.oidossucios.com\/site\/wp-json\/wp\/v2\/tags?post=3577"}],"curies":[{"name":"wp","href":"https:\/\/api.w.org\/{rel}","templated":true}]}}